{"id":19877,"date":"2021-09-02T20:05:11","date_gmt":"2021-09-02T17:05:11","guid":{"rendered":"https:\/\/mnlr.ro\/?p=19877"},"modified":"2021-09-23T14:07:10","modified_gmt":"2021-09-23T11:07:10","slug":"expozitia-alexandru-tzigara-samurcas","status":"publish","type":"post","link":"https:\/\/mnlr.ro\/en\/expozitia-alexandru-tzigara-samurcas\/","title":{"rendered":"Expozi\u0163ia \u201eFragmente \u015fi zidiri. Remember Alexandru Tzigara-Samurca\u0219\u201d"},"content":{"rendered":"<p><strong>9 \u2013 19 septembrie 2021, Sala <em>Acvariu<br \/>\n<\/em><\/strong><strong>Muzeul Na\u021bional al \u021a\u0103ranului Rom\u00e2n<\/strong><\/p>\n<p><em>Cu duio\u0219ie mi-aduc aminte, azi \u00eenc\u0103, de bucuria ce o aveam, ca copii c\u00eend scotocind prin lada de chiparos cu simpaticul ei parfum de vetustate, mama ne \u00eeng\u0103duia s\u0103 pip\u0103im, cu tot respectul cuvenit, mo\u0219tenirea r\u0103mas\u0103 de la p\u0103rin\u021bii ei \u0219i bunicii no\u0219tri.<\/em> (Alexandru Tzigara-Samurca\u0219)<\/p>\n<p>Muzeul Na\u021bional al Literaturii Rom\u00e2ne, \u00een parteneriat cu Muzeul Na\u021bional al \u021a\u0103ranului Rom\u00e2n, v\u0103 a\u0219teapt\u0103 joi, 9 septembrie 2021, ora 17.00, la Sala Acvariu, la vernisajul expozi\u021biei <em><strong>Fragmente \u015fi zidiri. Remember Alexandru Tzigara-Samurca\u0219<\/strong><\/em>, dedicat\u0103 fondatorului Muzeului de la \u0218osea.<\/p>\n<p><em>Expozi\u021bia face parte din proiectul MNLR intitulat Harta c\u0103l\u0103toriilor MNLR \u00een muzeele din Capital\u0103 \u0219i \u00ee\u0219i propune s\u0103 valorifice manuscrise \u0219i c\u0103r\u021bi po\u0219tale ilustrate din arhiva MNLR, care vor fi completate de materiale aflate \u00een Arhiva Etnologic\u0103 a MN\u021aR. <\/em><\/p>\n<p><em>Expozi\u021bia se \u00eenscrie \u00een seria de evenimente Zilele Muzeului \u021a\u0103ranului \u0219i poate fi vizitat\u0103 p\u00e2n\u0103 \u00een data de 19 septembrie 2021, de mar\u021bi p\u00e2n\u0103 duminic\u0103, \u00eentre orele 10.00 \u0219i 18.00. <\/em><em>\u00a0<\/em><\/p>\n<p>V\u0103 invit\u0103m s\u0103 descoperi\u021bi coresponden\u021ba lui Samurca\u0219 cu diferite personalit\u0103\u021bi ale epocii, reflectat\u0103 \u00een manuscrise \u0219i documente dactilografiate, \u00een mesajele transmise pe c\u0103r\u021bi po\u0219tale ilustrate \u0219i, odat\u0103 cu aceasta, c\u00e2teva instantanee din via\u021ba lui Samurca\u0219 \u0219i a Muzeului de la \u0218osea!<\/p>\n<p>Alexandru Tzigara-Samurca\u015f s-a n\u0103scut \u00een 1872, \u00een Bucure\u015fti. Studiaz\u0103 istoria la Facultatea de Litere, unde \u00eei are profesori pe Alexandru Odobescu \u015fi Grigore Tocilescu. \u00cen timpul studen\u021biei, Tocilescu \u00eel nume\u015fte \u201ecustode preparator\u201d la Muzeul Na\u021bional de Antichit\u0103\u021bi, iar doctoratul \u00een istoria artei \u00eel sus\u021bine la Universitatea din M\u00fcnchen. Lucreaz\u0103 ca bibliotecar la Funda\u021bia Universitar\u0103 \u201eCarol I\u201d, unde va fi numit director 15 ani mai t\u00e2rziu, \u00een 1914. Este fondatorul Muzeului de Etnografie \u015fi Art\u0103 Na\u021bional\u0103 \u015fi director timp de 40 de ani. Este profesor suplinitor la Facultatea de Litere \u015fi Filosofie din Bucure\u015fti p\u00e2n\u0103 la 1926, an \u00een care este numit profesor titular la Universitatea din Cern\u0103u\u021bi.<\/p>\n<p>Este ales membru al Asocia\u021biei Arhitec\u021bilor din Rom\u00e2nia \u0219i al Societ\u0103\u021bii Scriitorilor Rom\u00e2ni, comisar al pavilionului Rom\u00e2niei la expozi\u021biile interna\u021bionale din 1925, 1929, 1935 \u0219i 1936, inspector general al muzeelor din Rom\u00e2nia (din 1922), membru corespondent al Academiei Rom\u00e2ne din 1938.<\/p>\n<p>Colec\u021bia pe care a l\u0103sat-o mo\u0219tenire Samurca\u0219 reflect\u0103 preocup\u0103rile sale (printre care arheologia, istoria, etnografia, arta european\u0103), dar \u0219i experien\u021ba c\u0103l\u0103toriilor sale \u00een \u021bar\u0103 \u0219i \u00een str\u0103in\u0103tate.<\/p>\n<p>Proiect expozi\u021bional realizat de Muzeul Na\u021bional al Literaturii Rom\u00e2ne, \u00een parteneriat cu <em>Muzeul Na\u021bional al \u021a\u0103ranului Rom\u00e2n.<\/em><\/p>\n<p>Echipa de proiect:<\/p>\n<p>Muzeografi (MNLR): Andra Ispas, Gabriela Toma<br \/>\nCrea\u021bie grafic\u0103: Cristina Milca<br \/>\nRela\u021bii Publice: Andreea Balaban<\/p>\n<p>Pentru detalii, v\u0103 invit\u0103m s\u0103 scrie\u021bi un mesaj la adresa <a href=\"mailto:programe@mnlr.ro\">programe@mnlr.ro<\/a> sau s\u0103 apela\u021bi 0736.598.451 (Gabriela Toma).<\/p>\n<p><strong>Parteneri media ai MN\u021aR<\/strong>: Radio Rom\u00e2nia, Radio Rom\u00e2nia Actualit\u0103\u021bi, Radio Rom\u00e2nia Cultural, Radio Rom\u00e2nia Interna\u021bional, RFI Rom\u00e2nia, <em>Historia<\/em>, <em>Igloo, Arhitectura, Observator Cultural, Infinitezimal<\/em>, <em>Ziarul Lumina<\/em>, LiterNet.ro, <a href=\"http:\/\/www.agerpres.ro\/\">www.agerpres.ro<\/a>, <a href=\"https:\/\/spotmedia.ro\/\">spotmedia.ro<\/a>, <a href=\"http:\/\/www.ordineazilei.ro\">www.ordineazilei.ro<\/a>, www.modernism.ro, <a href=\"http:\/\/propagarta.ro\">propagarta.ro<\/a>, www.matricea.ro, <a href=\"http:\/\/www.promenada-culturala.ro\/\">www.promenada-culturala.ro<\/a>, <a href=\"https:\/\/l.facebook.com\/l.php?u=http%3A%2F%2Fwww.daciccool.ro%2F&amp;h=ATNAeOaBX8NJ9ZQWTW0Q77_H08Yc8Y9VqFqHGgzIyMPEe_cD6QR4KPziNPbdSPrHml2ZJhBPpHyjVvWA5mf4oWqfIEZejh3gFcqovTQXm4mFrKqqHxWRBNm4lgxpYmlD9AbFWOAFv16F4NI8LpqJyQOQoNaCZd-BlnW-Pg5dB5OKzlkp\">www.daciccool.ro<\/a>, www.gokid.ro, www.onlinegallery.ro, www.cooperativaurban\u0103.ro, <a href=\"http:\/\/www.accmediachannel.ro\">www.accmediachannel.ro<\/a>, <a href=\"http:\/\/revistapatronatuluiroman.ro\">revistapatronatuluiroman.ro<\/a>, <a href=\"http:\/\/www.iqool.ro\">www.iqool.ro<\/a>, www.Financiarul.ro, www.News24.ro, <em>Terra Magazin.<\/em><\/p>\n<p><strong>Vernisajul expozi\u021biei poate fi urm\u0103rit aici:\u00a0<\/strong><\/p>\n<p><iframe loading=\"lazy\" title=\"Vernisajul expozi\u021biei \u201eFragmente \u0219i zidiri. Remember Alexandru Tzigara-Samurca\u0219\u201d\" src=\"https:\/\/player.vimeo.com\/video\/601761167?dnt=1&amp;app_id=122963\" width=\"500\" height=\"281\" frameborder=\"0\" allow=\"autoplay; fullscreen; picture-in-picture; clipboard-write\"><\/iframe><\/p>","protected":false},"excerpt":{"rendered":"<p>9 \u2013 19 septembrie 2021, Sala Acvariu Muzeul Na\u021bional al \u021a\u0103ranului Rom\u00e2n Cu duio\u0219ie mi-aduc aminte, azi \u00eenc\u0103, de bucuria&#8230;<\/p>","protected":false},"author":8,"featured_media":19878,"comment_status":"closed","ping_status":"closed","sticky":false,"template":"","format":"standard","meta":{"_exactmetrics_skip_tracking":false,"_exactmetrics_sitenote_active":false,"_exactmetrics_sitenote_note":"","_exactmetrics_sitenote_category":0,"footnotes":""},"categories":[9,36,8],"tags":[],"class_list":["post-19877","post","type-post","status-publish","format-standard","has-post-thumbnail","hentry","category-evenimente","category-expozitii","category-recomandari"],"_links":{"self":[{"href":"https:\/\/mnlr.ro\/en\/wp-json\/wp\/v2\/posts\/19877","targetHints":{"allow":["GET"]}}],"collection":[{"href":"https:\/\/mnlr.ro\/en\/wp-json\/wp\/v2\/posts"}],"about":[{"href":"https:\/\/mnlr.ro\/en\/wp-json\/wp\/v2\/types\/post"}],"author":[{"embeddable":true,"href":"https:\/\/mnlr.ro\/en\/wp-json\/wp\/v2\/users\/8"}],"replies":[{"embeddable":true,"href":"https:\/\/mnlr.ro\/en\/wp-json\/wp\/v2\/comments?post=19877"}],"version-history":[{"count":8,"href":"https:\/\/mnlr.ro\/en\/wp-json\/wp\/v2\/posts\/19877\/revisions"}],"predecessor-version":[{"id":20231,"href":"https:\/\/mnlr.ro\/en\/wp-json\/wp\/v2\/posts\/19877\/revisions\/20231"}],"wp:featuredmedia":[{"embeddable":true,"href":"https:\/\/mnlr.ro\/en\/wp-json\/wp\/v2\/media\/19878"}],"wp:attachment":[{"href":"https:\/\/mnlr.ro\/en\/wp-json\/wp\/v2\/media?parent=19877"}],"wp:term":[{"taxonomy":"category","embeddable":true,"href":"https:\/\/mnlr.ro\/en\/wp-json\/wp\/v2\/categories?post=19877"},{"taxonomy":"post_tag","embeddable":true,"href":"https:\/\/mnlr.ro\/en\/wp-json\/wp\/v2\/tags?post=19877"}],"curies":[{"name":"wp","href":"https:\/\/api.w.org\/{rel}","templated":true}]}}