{"id":19952,"date":"2021-09-06T19:00:23","date_gmt":"2021-09-06T16:00:23","guid":{"rendered":"https:\/\/mnlr.ro\/?p=19952"},"modified":"2021-09-06T17:16:49","modified_gmt":"2021-09-06T14:16:49","slug":"mini-cafeneaua-critica-on-line-62-horia-garbea-si-ion-bogdan-lefter","status":"publish","type":"post","link":"https:\/\/mnlr.ro\/en\/mini-cafeneaua-critica-on-line-62-horia-garbea-si-ion-bogdan-lefter\/","title":{"rendered":"\u201emini-Cafeneaua critic\u0103\u201d on-line #62 | Horia G\u00e2rbea \u0219i Ion Bogdan Lefter"},"content":{"rendered":"<p>Invitat ast\u0103zi la \u201emini-Cafeneaua critic\u0103\u201d de pandemie este Horia G\u00e2rbea, autor de c\u0103r\u021bi \u0219tiin\u021bifice, doctor \u00een inginerie, cadru didactic universitar, poet, scriitor, pre\u0219edintele Filialei Bucure\u0219ti-Poezie a Uniunii Scriitorilor din Rom\u00e2nia, dramaturg . Amfitrion: Ion Bogdan Lefter.<\/p>\n<p>\u201eA fost o \u00eenchidere, dar eu m-am adaptat foarte repede. Fiecare la casa lui se simte mai bine, se simte mai confortabil, nu mai trebuie s\u0103 parcurg\u0103 ore \u00eentr-un trafic foarte dificil cum e \u00een Bucure\u0219ti. Am r\u0103mas acas\u0103, am comunicat foarte bine. Nu cred c\u0103 procesul de \u00eenv\u0103\u021b\u0103m\u00e2nt a avut de suferit. Nu am resim\u021bit, de\u0219i a fost ceva neobi\u0219nuit. Am luat-o ca pe o fatalitate \u0219i ne-am adaptat situa\u021biei. Cursurile on-line pretind un efort \u00een plus. Predau discipline din zona mecanicii, construc\u021bii, fiabilitate, discipline matematizate care pretind \u00een acela\u0219i timp reprezentare grafic\u0103. Eu sunt mai conservator, eu chiar cred \u00een necesitatea de a avea tabl\u0103 \u0219i cret\u0103 astfel \u00eenc\u00e2t studentul s\u0103 vad\u0103 foarte clar de unde porne\u0219te linia \u0219i unde ajunge\u201d, spune Horia G\u00e2rbea.<\/p>\n<p>\u201eRigoarea matematic\u0103 \u0219i cea pe care o presupun \u0219tiin\u021bele exacte ajut\u0103 la o disciplinare a g\u00e2ndului. Am f\u0103cut un liceu de matematic\u0103-fizic\u0103, am f\u0103cut o facultate tehnic\u0103. \u00cen timp ce mi-am f\u0103cut doctoratul am \u0219i scris piese de teatru, am publicat volume. Niciodat\u0103 lucrurile nu s-au incomodat reciproc. Cred c\u0103 p\u00e2n\u0103 la urm\u0103 este o chestie de disciplin\u0103\u201d, afirm\u0103 Horia G\u00e2rbea.<\/p>\n<p>\u201e\u00cen 2021, deocamdat\u0103, mi-a ap\u0103rut un singur volum, \u00abHazlia poveste a Negustorului din Vene\u021bia\u00bb, de Shakespeare, pentru copii, cu ilustra\u021bii de Miruna Dr\u0103ghici. N-am stat r\u0103u. Faptul c\u0103 am r\u0103mas acas\u0103 pe de-o parte av\u00e2nd dezavantajul sedentarit\u0103\u021bii, mai ales la o v\u00e2rst\u0103 care tinde s\u0103 devin\u0103 venerabil\u0103, a fost favorizant pe de alt\u0103 parte. Nu tot timpul \u00eemi f\u0103ceam cursurile. M\u0103 informam \u0219i scriam. \u00cen Bucure\u0219ti se pierde foarte mult timp din cauza traficului. Am c\u00e2\u0219tigat acest timp pierdut \u00een trafic pentru scris\u201d, m\u0103rturise\u0219te Horia G\u00e2rbea. \u201eLa \u00eenceput n-a fost foarte u\u0219or. Limitarea deplas\u0103rilor m-a deranjat, faptul c\u0103 nu puteam s\u0103 m\u0103 plimb cu fiul meu, nu puteam intra \u00een parcuri. Am fost \u00eens\u0103 mereu optimist. N-am avut niciun moment de spaim\u0103, de angoas\u0103. M-am vaccinat. Am \u00eencredere c\u0103 acum am o imunitate normal\u0103 \u0219i c\u0103 vom trece peste acest lucru. Omenirea va dep\u0103\u0219i \u0219i acest moment. Au fost altele \u0219i mai grele. Specia va supravie\u021bui. Noi, ca indivizi, fiecare rezist\u0103 cum poate, se ap\u0103r\u0103 cum poate\u201d.<\/p>\n<p>\u201eCafeneaua critic\u0103\u201d este ini\u021biat\u0103 \u0219i realizat\u0103 de criticul Ion Bogdan Lefter, profesor la Facultatea de Litere a Universit\u0103\u021bii din Bucure\u0219ti.<br \/>\nUrm\u0103ri\u021bi mini-Cafeneaua critic\u0103 aici:<\/p>\n<p><iframe loading=\"lazy\" title=\"mini-Cafeneaua critic\u0103 #62 | Horia G\u00e2rbea \u0219i Ion Bogdan Lefter\" src=\"https:\/\/player.vimeo.com\/video\/597669680?dnt=1&amp;app_id=122963\" width=\"500\" height=\"281\" frameborder=\"0\" allow=\"autoplay; fullscreen; picture-in-picture; clipboard-write\"><\/iframe><\/p>","protected":false},"excerpt":{"rendered":"<p>Invitat ast\u0103zi la \u201emini-Cafeneaua critic\u0103\u201d de pandemie este Horia G\u00e2rbea, autor de c\u0103r\u021bi \u0219tiin\u021bifice, doctor \u00een inginerie, cadru didactic universitar,&#8230;<\/p>","protected":false},"author":11,"featured_media":18487,"comment_status":"closed","ping_status":"closed","sticky":false,"template":"","format":"standard","meta":{"_exactmetrics_skip_tracking":false,"_exactmetrics_sitenote_active":false,"_exactmetrics_sitenote_note":"","_exactmetrics_sitenote_category":0,"footnotes":""},"categories":[24,9,52],"tags":[],"class_list":["post-19952","post","type-post","status-publish","format-standard","has-post-thumbnail","hentry","category-dezbateri-culturale","category-evenimente","category-evenimente-on-line"],"_links":{"self":[{"href":"https:\/\/mnlr.ro\/en\/wp-json\/wp\/v2\/posts\/19952","targetHints":{"allow":["GET"]}}],"collection":[{"href":"https:\/\/mnlr.ro\/en\/wp-json\/wp\/v2\/posts"}],"about":[{"href":"https:\/\/mnlr.ro\/en\/wp-json\/wp\/v2\/types\/post"}],"author":[{"embeddable":true,"href":"https:\/\/mnlr.ro\/en\/wp-json\/wp\/v2\/users\/11"}],"replies":[{"embeddable":true,"href":"https:\/\/mnlr.ro\/en\/wp-json\/wp\/v2\/comments?post=19952"}],"version-history":[{"count":1,"href":"https:\/\/mnlr.ro\/en\/wp-json\/wp\/v2\/posts\/19952\/revisions"}],"predecessor-version":[{"id":19953,"href":"https:\/\/mnlr.ro\/en\/wp-json\/wp\/v2\/posts\/19952\/revisions\/19953"}],"wp:featuredmedia":[{"embeddable":true,"href":"https:\/\/mnlr.ro\/en\/wp-json\/wp\/v2\/media\/18487"}],"wp:attachment":[{"href":"https:\/\/mnlr.ro\/en\/wp-json\/wp\/v2\/media?parent=19952"}],"wp:term":[{"taxonomy":"category","embeddable":true,"href":"https:\/\/mnlr.ro\/en\/wp-json\/wp\/v2\/categories?post=19952"},{"taxonomy":"post_tag","embeddable":true,"href":"https:\/\/mnlr.ro\/en\/wp-json\/wp\/v2\/tags?post=19952"}],"curies":[{"name":"wp","href":"https:\/\/api.w.org\/{rel}","templated":true}]}}