{"id":20099,"date":"2021-09-14T16:33:00","date_gmt":"2021-09-14T13:33:00","guid":{"rendered":"https:\/\/mnlr.ro\/?p=20099"},"modified":"2021-09-14T16:48:36","modified_gmt":"2021-09-14T13:48:36","slug":"a-incetat-din-viata-ileana-iordache-streinu-1930-2021","status":"publish","type":"post","link":"https:\/\/mnlr.ro\/en\/a-incetat-din-viata-ileana-iordache-streinu-1930-2021\/","title":{"rendered":"A \u00eencetat din via\u021b\u0103 Ileana Iordache-Streinu (1930-2021)"},"content":{"rendered":"<p>Ileana Iordache-Streinu (1930-2021) nu mai este printre noi, dar numele ei va r\u0103m\u00e2ne \u00een memoria publicului. Fiica lui Vladimir Streinu a fost actri\u021b\u0103 a <a href=\"https:\/\/ro.wikipedia.org\/wiki\/Teatrul_Na%C8%9Bional_%E2%80%9EI.L._Caragiale%E2%80%9D_din_Bucure%C8%99ti\">Teatrului Na\u021bional \u201eI.L. Caragiale\u201d din Bucure\u0219ti<\/a>. A interpretat roluri mari at\u00e2t din dramaturgia na\u021bional\u0103, c\u00e2t \u0219i din cea universal\u0103. S-a n\u0103scut \u0219i a copil\u0103rit la G\u0103e\u0219ti \u0219i a absolvit \u00a0\u00een 1953 cursurile\u00a0<a href=\"https:\/\/ro.wikipedia.org\/wiki\/IATC\">Institutului de Art\u0103 Teatral\u0103 \u0219i Cinematografic\u0103 din Bucure\u0219ti<\/a>, la clasa profesorului\u00a0<a href=\"https:\/\/ro.wikipedia.org\/wiki\/Gheorghe_Timic%C4%83\">Gheorghe Timic\u0103<\/a>. A fost distins\u0103 cu Premiul Teatrului Na\u021bional din Bucure\u0219ti \u00een anul\u00a0<a href=\"https:\/\/ro.wikipedia.org\/wiki\/1984\">1984<\/a>. \u00cencep\u00e2nd din 2004 este societar de onoare al Teatrului Na\u021bional din Bucure\u0219ti. C\u0103s\u0103torit\u0103 cu Radu Tudoran, devine martor\u0103 activ\u0103 la na\u015fterea \u015fi finisarea textului \u201eToate p\u00e2nzele sus\u201d, dup\u0103 cum declara: \u201eCu dou\u0103 degete nepricepute am b\u0103tut la o veche ma\u015fin\u0103 de scris prima versiune a manuscrisului, care mereu era schimbat, concentrat p\u00e2n\u0103 la forma final\u0103\u201d. Gra\u021bie ei, Muzeul Na\u021bional al Literaturii Rom\u00e2ne de\u021bine o parte a manuscriselor volumelor lui Vladimir Streinu, dar \u0219i un num\u0103r substan\u021bial de scrisori cu un inventar de nume semnificative \u00een epoc\u0103 \u0219i \u00een timp ce devoaleaz\u0103 atmosfera unei lumi culturale.<\/p>\n<p>Sursa foto: TNB<\/p>","protected":false},"excerpt":{"rendered":"<p>Ileana Iordache-Streinu (1930-2021) nu mai este printre noi, dar numele ei va r\u0103m\u00e2ne \u00een memoria publicului. Fiica lui Vladimir Streinu&#8230;<\/p>","protected":false},"author":8,"featured_media":20100,"comment_status":"closed","ping_status":"closed","sticky":false,"template":"","format":"standard","meta":{"_exactmetrics_skip_tracking":false,"_exactmetrics_sitenote_active":false,"_exactmetrics_sitenote_note":"","_exactmetrics_sitenote_category":0,"footnotes":""},"categories":[13,9],"tags":[],"class_list":["post-20099","post","type-post","status-publish","format-standard","has-post-thumbnail","hentry","category-anunturi","category-evenimente"],"_links":{"self":[{"href":"https:\/\/mnlr.ro\/en\/wp-json\/wp\/v2\/posts\/20099","targetHints":{"allow":["GET"]}}],"collection":[{"href":"https:\/\/mnlr.ro\/en\/wp-json\/wp\/v2\/posts"}],"about":[{"href":"https:\/\/mnlr.ro\/en\/wp-json\/wp\/v2\/types\/post"}],"author":[{"embeddable":true,"href":"https:\/\/mnlr.ro\/en\/wp-json\/wp\/v2\/users\/8"}],"replies":[{"embeddable":true,"href":"https:\/\/mnlr.ro\/en\/wp-json\/wp\/v2\/comments?post=20099"}],"version-history":[{"count":3,"href":"https:\/\/mnlr.ro\/en\/wp-json\/wp\/v2\/posts\/20099\/revisions"}],"predecessor-version":[{"id":20105,"href":"https:\/\/mnlr.ro\/en\/wp-json\/wp\/v2\/posts\/20099\/revisions\/20105"}],"wp:featuredmedia":[{"embeddable":true,"href":"https:\/\/mnlr.ro\/en\/wp-json\/wp\/v2\/media\/20100"}],"wp:attachment":[{"href":"https:\/\/mnlr.ro\/en\/wp-json\/wp\/v2\/media?parent=20099"}],"wp:term":[{"taxonomy":"category","embeddable":true,"href":"https:\/\/mnlr.ro\/en\/wp-json\/wp\/v2\/categories?post=20099"},{"taxonomy":"post_tag","embeddable":true,"href":"https:\/\/mnlr.ro\/en\/wp-json\/wp\/v2\/tags?post=20099"}],"curies":[{"name":"wp","href":"https:\/\/api.w.org\/{rel}","templated":true}]}}