{"id":20183,"date":"2021-09-18T14:06:04","date_gmt":"2021-09-18T11:06:04","guid":{"rendered":"https:\/\/mnlr.ro\/?p=20183"},"modified":"2022-04-27T11:41:06","modified_gmt":"2022-04-27T08:41:06","slug":"proiectie-de-film-kinedok-acasa-myhome-2020-86-minute","status":"publish","type":"post","link":"https:\/\/mnlr.ro\/en\/proiectie-de-film-kinedok-acasa-myhome-2020-86-minute\/","title":{"rendered":"Proiec\u021bie de film Kinedok\u00a0|\u00a0Acas\u0103, My Home\u00a0| 2020 | 86 minute \u00a0"},"content":{"rendered":"<p><strong>Joi, 23\u00a0septembrie 2021, ora 20.00<\/strong><br \/>\n<em>Gr\u0103dina MNLR, Str. Nicolae Cre\u021bulescu 8<\/em><\/p>\n<p><strong>Regie:<\/strong>\u00a0Radu Ciorniciuc<br \/>\n<strong>Produc\u0103tori:<\/strong> Radu Ciorniciuc,\u00a0<a href=\"https:\/\/www.google.com\/url?q=https:\/\/www.imdb.com\/name\/nm0202809\/?ref_%3Dttfc_fc_cr4&amp;sa=D&amp;source=calendar&amp;usd=2&amp;usg=AOvVaw1s6DcN3tgHAgang78dGfTE\">Alina David<\/a>,\u00a0<a href=\"https:\/\/www.google.com\/url?q=https:\/\/www.imdb.com\/name\/nm1717930\/?ref_%3Dttfc_fc_cr7&amp;sa=D&amp;source=calendar&amp;usd=2&amp;usg=AOvVaw1Qw0p6rNUJwZ5JofsD-goC\">Erkko Lyytinen<\/a>,\u00a0<a href=\"https:\/\/www.google.com\/url?q=https:\/\/www.imdb.com\/name\/nm3009884\/?ref_%3Dttfc_fc_cr8&amp;sa=D&amp;source=calendar&amp;usd=2&amp;usg=AOvVaw091M1hXGCaHouQ85XmEI5S\">Monica L\u00e3zurean-Gorgan<\/a>,\u00a0<a href=\"https:\/\/www.google.com\/url?q=https:\/\/www.imdb.com\/name\/nm5656615\/?ref_%3Dttfc_fc_cr5&amp;sa=D&amp;source=calendar&amp;usd=2&amp;usg=AOvVaw2L0gcQpDY6RRQ4XVYcKRCL\">Hanka Kastelicov\u00e1<\/a>,\u00a0<a href=\"https:\/\/www.google.com\/url?q=https:\/\/www.imdb.com\/name\/nm4482833\/?ref_%3Dttfc_fc_cr3&amp;sa=D&amp;source=calendar&amp;usd=2&amp;usg=AOvVaw2mxk97J-qgL_2G04UReW8J\">Anghel Damian<\/a>,\u00a0<a href=\"https:\/\/www.google.com\/url?q=https:\/\/www.imdb.com\/name\/nm4294398\/?ref_%3Dttfc_fc_cr6&amp;sa=D&amp;source=calendar&amp;usd=2&amp;usg=AOvVaw3MUjhvE_DUiUUcoDDLUViF\">Elvira Lupsa<\/a><br \/>\n<strong>Montaj, sunet<\/strong>: Andrei Gorgan, Alex Campan<br \/>\n<strong>Imagine<\/strong>: Radu Ciorniciuc, Mircea Topoleanu<br \/>\n<strong>Muzica:<\/strong> Gaute, Codrin Laz\u0103r, Yari<\/p>\n<p><strong>Concep\u021bia grafic\u0103, efecte vizuale \u0219i generice<\/strong>: Jarno Elonen, Alex Galmeanu<\/p>\n<p>\u201eAcas\u0103\u201d spune povestea unei familii care a tr\u0103it timp de 20 de ani \u00een s\u0103lb\u0103ticia din Delta V\u0103c\u0103re\u0219ti, p\u00e2n\u0103 c\u00e2nd locul a c\u0103p\u0103tat statutul de zon\u0103 protejat\u0103 &#8211; Parcul Natural V\u0103c\u0103re\u0219ti &#8211; primul parc natural urban din Rom\u00e2nia. Timp de patru ani, regizorul Radu Ciorniciuc a urm\u0103rit marea aventur\u0103 prin care a trecut familia Enache: de la o via\u021b\u0103 \u00een complet\u0103 armonie cu natura la traiul plin de provoc\u0103ri din marea jungl\u0103 urban\u0103 a Capitalei. Pe m\u0103sur\u0103 ce membrii familiei fac eforturi s\u0103 se conformeze regulilor civiliza\u021biei moderne, \u00eencerc\u00e2nd s\u0103 p\u0103streze \u00een acela\u0219i timp leg\u0103tura cu natura \u0219i armonia dintre ei, apar \u00eentreb\u0103ri legate de locul lor \u00een lume \u0219i felul \u00een care poate ar\u0103ta viitorul pentru fiecare. Radu Ciorniciuc urm\u0103re\u0219te cu empatie povestea familiei care lupt\u0103 pentru acceptare \u0219i propria defini\u021bie a libert\u0103\u021bii.<\/p>\n<p>Trailer: <a href=\"https:\/\/www.google.com\/url?q=https:\/\/www.youtube.com\/watch?v%3DXOdUY_sL-ok&amp;sa=D&amp;source=calendar&amp;usd=2&amp;usg=AOvVaw1qQYxlGGZHA_-Gm2dYSuVJ\" target=\"_blank\" rel=\"noopener\">https:\/\/www.youtube.com\/watch?v=XOdUY_sL-ok<\/a><a>[RV1]<\/a><\/p>\n<p><b>Premii:<\/b><\/p>\n<p>Krakow Film Festival 2020<br \/>\nMunich International Documentary Festival (DOK.fest) 2020<br \/>\nSundance Film Festival 2020<br \/>\nThessaloniki Documentary Film Festival 2020<br \/>\nTransilvania International Film Festival 2020<\/p>\n<p><b>Nominaliz\u0103ri:<\/b><\/p>\n<p>Doc Aviv Film Festival 2020<br \/>\nDokufest International Documentary and Short Film Festival 2020<br \/>\nHong Kong International Film Festival2020<br \/>\nSarajevo Film Festival 2020<br \/>\nVilnius International Film Festival 2020<\/p>\n<p><b>Radu Cioniciuc<\/b> s-a n\u0103scut \u00een 1987 la Buhu\u0219i \u0219i este regizor, scenarist, cameraman \u0219i produc\u0103tor.<\/p>\n<p>Din 2012 este membru fondator al Casei Jurnalistului, prima organiza\u021bie media independent\u0103, axat\u0103 pe investiga\u021bii de pres\u0103 pe termen lung, \u00een mod deosebit pe probleme legate de drepturile omului \u0219i de mediu. A realizat reportaje pentru <i>The Guardian<\/i>,\u00a0<i>Al-Jazeera<\/i>, Channel 4 News, ZDF. Premiat la Premiile <i>Superscrieri<\/i>\u00a0(Superscrierea anului 2014),\u00a0<i>Royal Television Society UK<\/i>\u00a0(2014),\u00a0<i>Amnesty International UK<\/i>\u00a0(2014)\u00a0<i>\u0219i Harold Wincott<\/i> Award for Business Economic and Financial Journalism (2016). \u00cen 2014 se mut\u0103 la Barcelona, de unde revine \u00een 2016 pentru proiectul \u201eAcas\u0103\u201d.<\/p>\n<p>Pentru rezerv\u0103ri, v\u0103 rug\u0103m s\u0103 scrie\u0163i un mesaj la adresa <a href=\"mailto:programe@mnlr.ro\">programe@mnlr.ro<\/a> sau s\u0103 suna\u0163i la 0736598451 (Gabriela Toma).<\/p>\n","protected":false},"excerpt":{"rendered":"<p>Joi, 23\u00a0septembrie 2021, ora 20.00 Gr\u0103dina MNLR, Str. Nicolae Cre\u021bulescu 8 Regie:\u00a0Radu Ciorniciuc Produc\u0103tori: Radu Ciorniciuc,\u00a0Alina David,\u00a0Erkko Lyytinen,\u00a0Monica L\u00e3zurean-Gorgan,\u00a0Hanka Kastelicov\u00e1,\u00a0Anghel&#8230;<\/p>","protected":false},"author":8,"featured_media":20184,"comment_status":"closed","ping_status":"closed","sticky":false,"template":"","format":"standard","meta":{"_exactmetrics_skip_tracking":false,"_exactmetrics_sitenote_active":false,"_exactmetrics_sitenote_note":"","_exactmetrics_sitenote_category":0,"footnotes":""},"categories":[9,28,8],"tags":[],"class_list":["post-20183","post","type-post","status-publish","format-standard","has-post-thumbnail","hentry","category-evenimente","category-proiectii-de-film","category-recomandari"],"_links":{"self":[{"href":"https:\/\/mnlr.ro\/en\/wp-json\/wp\/v2\/posts\/20183","targetHints":{"allow":["GET"]}}],"collection":[{"href":"https:\/\/mnlr.ro\/en\/wp-json\/wp\/v2\/posts"}],"about":[{"href":"https:\/\/mnlr.ro\/en\/wp-json\/wp\/v2\/types\/post"}],"author":[{"embeddable":true,"href":"https:\/\/mnlr.ro\/en\/wp-json\/wp\/v2\/users\/8"}],"replies":[{"embeddable":true,"href":"https:\/\/mnlr.ro\/en\/wp-json\/wp\/v2\/comments?post=20183"}],"version-history":[{"count":4,"href":"https:\/\/mnlr.ro\/en\/wp-json\/wp\/v2\/posts\/20183\/revisions"}],"predecessor-version":[{"id":22975,"href":"https:\/\/mnlr.ro\/en\/wp-json\/wp\/v2\/posts\/20183\/revisions\/22975"}],"wp:featuredmedia":[{"embeddable":true,"href":"https:\/\/mnlr.ro\/en\/wp-json\/wp\/v2\/media\/20184"}],"wp:attachment":[{"href":"https:\/\/mnlr.ro\/en\/wp-json\/wp\/v2\/media?parent=20183"}],"wp:term":[{"taxonomy":"category","embeddable":true,"href":"https:\/\/mnlr.ro\/en\/wp-json\/wp\/v2\/categories?post=20183"},{"taxonomy":"post_tag","embeddable":true,"href":"https:\/\/mnlr.ro\/en\/wp-json\/wp\/v2\/tags?post=20183"}],"curies":[{"name":"wp","href":"https:\/\/api.w.org\/{rel}","templated":true}]}}