{"id":20238,"date":"2021-09-23T15:11:54","date_gmt":"2021-09-23T12:11:54","guid":{"rendered":"https:\/\/mnlr.ro\/?p=20238"},"modified":"2021-09-23T15:13:34","modified_gmt":"2021-09-23T12:13:34","slug":"sesiunea-stiintifica-neagoe-basarab-500-de-ani-de-la-moarte-comunicat-post-event","status":"publish","type":"post","link":"https:\/\/mnlr.ro\/en\/sesiunea-stiintifica-neagoe-basarab-500-de-ani-de-la-moarte-comunicat-post-event\/","title":{"rendered":"Sesiunea \u0219tiin\u021bific\u0103 \u201eNeagoe Basarab \u2013 500 de ani de la moarte\u201c | Comunicat post-event"},"content":{"rendered":"<p>Miercuri, 22 septembrie 2021, de la ora 11.00, \u00een Amfiteatrul \u201eIon Heliade R\u0103dulescu\u201c al Bibliotecii Academiei Rom\u00e2ne, a avut loc sesiunea \u0219tiin\u021bific\u0103 \u201eNeagoe Basarab \u2013 500 de ani de la moarte\u201c, eveniment organizat de Muzeul Na\u021bional al Literaturii Rom\u00e2ne \u0219i Academia Rom\u00e2n\u0103. La 500 de ani de la moartea voievodului c\u0103rturar Neagoe Basarab, autor al celebrelor \u201e\u00cenv\u0103\u021b\u0103turi c\u0103tre fiul s\u0103u Teodosie\u201c, a fost evocat\u0103 personalitatea excep\u021bional\u0103 a domnitorului muntean, lumin\u00e2nd aspecte mai pu\u021bin cunoscute sau aflate \u00eenc\u0103 \u00een dezbatere \u0219i analiz\u0103 documentar\u0103.<\/p>\n<p>Sesiunea o fost deschis\u0103 de cuv\u00e2ntul acad. Ioan-Aurel Pop, pre\u0219edintele Academiei Rom\u00e2ne, reputat istoric, specialist \u00een perioada medieval\u0103 rom\u00e2neasc\u0103 \u0219i european\u0103. Au sus\u021binut prelegeri \u00cePS Calinic, Arhiepiscopul Arge\u0219ului \u0219i Muscelului, acad. R\u0103zvan Theodorescu, vicepre\u0219edinte al Academiei Rom\u00e2ne, acad. Eugen Simion, pre\u0219edintele Sec\u021biei de filologie \u0219i literatur\u0103 a Academiei Rom\u00e2ne, prof. dr. Dan Zamfirescu, prof. univ. dr. Laura B\u0103descu. \u00cent\u00e2lnirea a fost moderat\u0103 de prof. univ. dr. Ioan Cristescu, director general al Muzeului Na\u021bional al Literaturii Rom\u00e2ne.<\/p>\n<p>Cu acest prilej a fost lansat albumul-carte \u201e\u00cenv\u0103\u021b\u0103turile lui Neagoe Basarab c\u0103tre fiul s\u0103u Theodosie\u201c, publicat de Editura Arge\u0219ului \u0219i Muscelului \u00een limbile rom\u00e2n\u0103, englez\u0103 \u0219i greac\u0103, un proiect sus\u021binut de Guvernul Rom\u00e2niei. Prezint\u0103 prof. univ. dr. Nicolae Br\u00e2nzea.<\/p>\n<p>Coordonator multimedia: Alex Ursu<\/p>\n<p><iframe loading=\"lazy\" title=\"Sesiune \u0219tiin\u021bific\u0103 \u201eNeagoe Basarab \u2013 500 de ani de la moarte\u201c\" src=\"https:\/\/player.vimeo.com\/video\/612313080?dnt=1&amp;app_id=122963\" width=\"500\" height=\"281\" frameborder=\"0\" allow=\"autoplay; fullscreen; picture-in-picture; clipboard-write\"><\/iframe><\/p>","protected":false},"excerpt":{"rendered":"<p>Miercuri, 22 septembrie 2021, de la ora 11.00, \u00een Amfiteatrul \u201eIon Heliade R\u0103dulescu\u201c al Bibliotecii Academiei Rom\u00e2ne, a avut loc&#8230;<\/p>","protected":false},"author":8,"featured_media":20239,"comment_status":"closed","ping_status":"closed","sticky":false,"template":"","format":"standard","meta":{"_exactmetrics_skip_tracking":false,"_exactmetrics_sitenote_active":false,"_exactmetrics_sitenote_note":"","_exactmetrics_sitenote_category":0,"footnotes":""},"categories":[9,8],"tags":[],"class_list":["post-20238","post","type-post","status-publish","format-standard","has-post-thumbnail","hentry","category-evenimente","category-recomandari"],"_links":{"self":[{"href":"https:\/\/mnlr.ro\/en\/wp-json\/wp\/v2\/posts\/20238","targetHints":{"allow":["GET"]}}],"collection":[{"href":"https:\/\/mnlr.ro\/en\/wp-json\/wp\/v2\/posts"}],"about":[{"href":"https:\/\/mnlr.ro\/en\/wp-json\/wp\/v2\/types\/post"}],"author":[{"embeddable":true,"href":"https:\/\/mnlr.ro\/en\/wp-json\/wp\/v2\/users\/8"}],"replies":[{"embeddable":true,"href":"https:\/\/mnlr.ro\/en\/wp-json\/wp\/v2\/comments?post=20238"}],"version-history":[{"count":3,"href":"https:\/\/mnlr.ro\/en\/wp-json\/wp\/v2\/posts\/20238\/revisions"}],"predecessor-version":[{"id":20242,"href":"https:\/\/mnlr.ro\/en\/wp-json\/wp\/v2\/posts\/20238\/revisions\/20242"}],"wp:featuredmedia":[{"embeddable":true,"href":"https:\/\/mnlr.ro\/en\/wp-json\/wp\/v2\/media\/20239"}],"wp:attachment":[{"href":"https:\/\/mnlr.ro\/en\/wp-json\/wp\/v2\/media?parent=20238"}],"wp:term":[{"taxonomy":"category","embeddable":true,"href":"https:\/\/mnlr.ro\/en\/wp-json\/wp\/v2\/categories?post=20238"},{"taxonomy":"post_tag","embeddable":true,"href":"https:\/\/mnlr.ro\/en\/wp-json\/wp\/v2\/tags?post=20238"}],"curies":[{"name":"wp","href":"https:\/\/api.w.org\/{rel}","templated":true}]}}