{"id":20618,"date":"2021-10-20T12:21:08","date_gmt":"2021-10-20T09:21:08","guid":{"rendered":"https:\/\/mnlr.ro\/?p=20618"},"modified":"2021-10-21T08:51:14","modified_gmt":"2021-10-21T05:51:14","slug":"fipb-2021-vremuri-in-schimbare-comunicat-post-event","status":"publish","type":"post","link":"https:\/\/mnlr.ro\/en\/fipb-2021-vremuri-in-schimbare-comunicat-post-event\/","title":{"rendered":"FIPB 2021 |  \u201eVremuri \u00een schimbare\u201d | Comunicat post-event"},"content":{"rendered":"<p>Conceptul edi\u021biei a XI-a a Festivalului Interna\u021bional de Poezie Bucure\u0219ti, \u201eVremuri \u00een schimbare\u201d, s-a reg\u0103sit \u2013 sub numeroase forme de expresie \u0219i \u00een multiple versiuni de interpretare artistic\u0103 \u0219i ideatic\u0103 \u2013 \u00een lecturile de poezie \u0219i \u00een schimbul de idei din timpul FIPB, derulat \u00een perioada 11 \u2013 17 octombrie 2021, la cele dou\u0103 sedii ale MNLR, din Calea Grivi\u0163ei 64-66 \u015fi din Strada Nicolae Cre\u0163ulescu 8.<\/p>\n<p>Au participat 85 de poe\u021bi \u2013 \u00een persoan\u0103, prin \u00eenregistr\u0103ri video sau \u00een direct, prin Zoom \u2013 \u0219i care provin din sau care locuiesc \u00een Argentina, Columbia, Ecuador, Fran\u0163a, Grecia, Italia, Marea Britanie, Mexic, Peru, Rom\u00e2nia, Republica Moldova, Spania \u015fi Statele Unite ale Americii. Prezen\u021ba \u00een festival a poe\u021bilor str\u0103ini a fost posibil\u0103 datorit\u0103 traduc\u0103torilor care au transpus poemele \u00een limba rom\u00e2n\u0103 din limba spaniol\u0103 (Daniela Alexandrescu, Melania Stancu, Elisabeta Bo\u021ban, Ilinca Ilian, Jenel Marin, Doina Ro\u0219u, Gabriela Toma), din limba greac\u0103 (Angela Bratsou), din limba francez\u0103 (Dinu Fl\u0103m\u00e2nd, Georgeta Cristian), din limba englez\u0103 (Lidia Vianu) \u0219i din limba maghiar\u0103 (Kocsis Francisko, George Volceanov).<\/p>\n<p>Lecturile au fost completate de dou\u0103 dezbateri importante, care au vizat pulsul literaturii italiene contemporane, precum \u015fi rolul literaturii vizavi de vremurile \u00een schimbare (situa\u0163ia pandemic\u0103, societatea rom\u00e2neasc\u0103 \u015fi mondial\u0103, valorile de ieri \u0219i de azi). De asemenea, au avut loc recitaluri de poezie, sus\u0163inute de actori independen\u0163i \u015fi de la Teatrul de Comedie, \u015fi a fost lansat trailerul piesei de teatru \u201eDesFacerea lumii sau Spectacol \u00een aer LIBER\u201d, a c\u0103rei premier\u0103 va avea loc \u00een urm\u0103toarele luni.\u00a0Concertele de jazz au \u00eenso\u0163it lecturile de poezie, urm\u00e2nd buna tradi\u0163ie a festivalului. Evenimentele au fost moderate de prof. univ. dr. Ioan Cristescu, de George Volceanov, Luana Stroe \u0219i Loreta Popa.<\/p>\n<p>Semnifica\u021bia organiz\u0103rii FIPB este men\u021bionat\u0103, \u00een deschiderea festivalului, de c\u0103tre prof. univ. dr. Ioan Cristescu, directorul general al MNLR \u015fi ini\u0163iatorul proiectului: \u201eSper ca, \u00een cele \u015fapte zile de festival, s\u0103 ne aducem aminte de un lucru pe care \u00eel \u015ftim cu to\u0163ii, dar uneori \u00eel uit\u0103m, c\u0103 \u2013 \u00eendrept\u00e2ndu-ne spre poezie \u2013 ne \u00eendrept\u0103m spre esen\u0163a uman\u0103 \u015fi ne \u00eendrept\u0103m nu neap\u0103rat spre mai bine, dar spre un lucru fundamental, \u015fi anume spre cunoa\u015fterea de sine\u201d.<\/p>\n<p><strong>Proiect realizat cu sprijinul Ministerului Culturii<\/strong><\/p>\n<p><strong>Partners<\/strong>: Institutul Cultural Rom\u00e2n Madrid, Institutul Cervantes, Asocia\u021bia Colegial\u0103 a Scriitorilor din Spania, Institutul Liszt \u2013 Centrul Cultural Maghiar Bucure\u0219ti, Teatrul Dramaturgilor Rom\u00e2ni, Curtea Veche Publishing, Editura Tracus Arte, Masteratul pentru Traducerea Textului Literar Contemporan \u2014 Englez\u0103 \u0219i Departamentul de Limbi si Literaturi Romanice, Clasice si Neogreac\u0103 (DLLRCN) al Facult\u0103\u021bii de Limbi \u0219i Literaturi Str\u0103ine de la Universitatea din Bucure\u0219ti, Asocia\u021bia Rom\u00e2n\u0103 a Traduc\u0103torilor Literari, Academia de Caligrafie<\/p>\n<p><strong>Parteneri media<\/strong>: Radio Rom\u00e2nia Cultural, Agerpres, Zile \u0219i Nop\u021bi, Observator cultural, Revista Familia, News.ro, Agen\u021bia de Carte, Iqool, Contemporanul, Modernism.ro, Radio Trinitas, Ordinea zilei<\/p>\n<p><strong>Sponsori<\/strong>: Proud to be Romanian, NarCheese, Davino.<\/p>\n<p>______________<\/p>\n<p><strong>FIPB 2021 ziua #1<\/strong><\/p>\n<p><strong>11 octombrie 2021<\/strong><\/p>\n<p><strong>Orchestra de Tineret \u201eDinu Lipatti\u201d<\/strong> a deschis edi\u0163ia a XI-a a FIPB, sub bagheta lui \u0218tefan Aprodu, c\u00e2\u015ftig\u0103tor a peste 50 de premii na\u0163ionale \u015fi interna\u0163ionale, a numeroase trofee (printre altele, Dorothy Kitchen Best Violonist Grand Trophey, Marele Trofeu la Melos Rome International Competition), a numeroase concursuri interna\u0163ionale, cel mai recent fiind Concursul Interna\u0163ional de Vioar\u0103 \u201eVasco Abadjiev\u201d 2021 (Sofia, Bulgaria).<\/p>\n<p><strong>Matei Vi\u0219niec<\/strong> a deschis seria de lecturi din cadrul FIPB. Cunoscutul scriitor rom\u00e2n, care locuie\u0219te la Paris, a publicat numeroase volume de poezie, eseuri \u0219i a scris peste 4000 de pagini de teatru. Matei Vi\u0219niec ne invit\u0103, \u00een atmosfera parizian\u0103, s\u0103 ascult\u0103m poemul care \u00eencepe cu versul \u201eAm visat c\u0103 eram f\u0103cut din semne\u201d. <strong>Andrew Davidson-Novosivschei<\/strong>, scriitor american, stabilit \u00een Bucure\u0219ti, a citit dou\u0103 poeme \u00een englez\u0103, <em>Boys will be boys<\/em> \u0219i <em>Technically<\/em>, cu trimitere la spa\u021biul Arizonei, dar \u0219i poeme \u00een limba rom\u00e2n\u0103, \u00een care surprinde atmosfera lumii rom\u00e2ne\u0219ti. <strong>Ioana Nicolaie<\/strong> a propus publicului poeme inedite, scrise \u00een aceast\u0103 perioad\u0103, m\u0103rturisind c\u0103 \u201emerit\u0103 momentul, am a\u0219teptat foarte mult lectura adev\u0103rat\u0103 de poezie\u201d. Din Toronto, Canada, <strong>C\u0103lin-Andrei Mih\u0103ilescu<\/strong> ne-a transmis poemul <em>et in digitalia ego,<\/em> ce rezoneaz\u0103 cu conceptul FIPB 2021, <em>Vremuri \u00een schimbare. <\/em>Au continuat seara autorul bilingv <strong>Mih\u00f3k Tam\u00e1s<\/strong>, care a participat \u00een persoan\u0103 al\u0103turi de <strong>Ioana Ieronim<\/strong>, scriitoare care locuie\u0219te \u00een SUA. De la distan\u021b\u0103, ne-au mai \u00eenso\u021bit <strong>Bruno Doucey<\/strong>, fondatorul editurii care-i poart\u0103 numele, autor de poezie, eseu \u0219i roman; <strong>Radu Vancu<\/strong>, conduc\u0103torul PEN Club, traduc\u0103torul poemelor lui Erza Pound \u0219i ale lui John Berryman \u00een limba rom\u00e2n\u0103; <strong>Florin Iaru<\/strong>, personaj emblematic al genera\u021biei anilor \u201980 bucure\u0219tene. La finalul primei zile, <strong>Dinu Fl\u0103m\u00e2nd<\/strong> a transmis mesajul s\u0103u cu privire la conceptul edi\u021biei a XI-a a FIPB.<\/p>\n<p><iframe loading=\"lazy\" title=\"FIPB 2021 ziua #1\" src=\"https:\/\/player.vimeo.com\/video\/629739749?dnt=1&amp;app_id=122963\" width=\"500\" height=\"281\" frameborder=\"0\" allow=\"autoplay; fullscreen; picture-in-picture; clipboard-write\"><\/iframe><\/p>\n<p>______________<\/p>\n<p><strong>FIPB 2021 ziua #2 <\/strong><\/p>\n<p><strong>12 octombrie 2021<\/strong><\/p>\n<p>Ceremonia de \u00eenm\u00e2nare a Premiului DASA, acordat MNLR de c\u0103tre Europan Museum Academy, a avut loc \u00een prima parte a zilei, \u00een prezen\u021ba reprezentan\u021bilor lumii culturale bucure\u0219tene, a autorit\u0103\u021bilor locale \u0219i a reprezentan\u021bilor mass-media.<\/p>\n<p>Poe\u021bii \u0219i publicul care \u00eei ascult\u0103 \u201eau \u00eentotdeauna un mesaj uman nu de supravie\u021buire, ci de speran\u021b\u0103 \u00een umanitate\u201d, observa prof. univ. dr. Ioan Cristescu, directorul general al MNLR, \u0219i unul dintre moderatorii serii dedicate Zilei Spaniei, organizate cu sprijinul deosebit al ICR Madrid \u0219i al Institutului Cervantes.<\/p>\n<p><span lang=\"IT\">Poe\u021bii rom\u00e2ni din genera\u021bia \u00b480 (Ion Mure\u0219an, Nichita Danilov, Ioana Cr\u0103ciunescu, Dumitru P\u0103curaru, Cassian Maria Spiridon) \u0219i din genera\u021bia \u201990 (Ioan Es. Pop, Nicolae Coande<\/span><span lang=\"RO\">, Radu Sergiu Ruba<\/span><span lang=\"IT\">)<\/span>, din diferite ora\u0219e ale \u021b\u0103rii, aprecia\u021bi de publicul rom\u00e2n \u0219i str\u0103in, au participat al\u0103turi de poe\u021bii spanioli cu lecturi publice, fie \u00een persoan\u0103, fie prin intermediul \u00eenregistr\u0103rilor video. Participan\u021bii la festival au primit cadouri surpriz\u0103 din partea Institutului Cervantes. Traducerile din spaniol\u0103 \u00een limba rom\u00e2n\u0103 au fost realizate de Elisabeta Bo\u021ban (poemele lui Manuel Rico), Melania Stancu \u2013 poemele lui Jordi Doce \u0219i, \u00eempreun\u0103 cu Jenel Marin \u0219i Gabriela Toma, poemele lui Edoardo Moga, Nuria Barrios, Javier Rodr\u00edguez Marcos \u0219i Maria Garc\u00eda Zambrano.<\/p>\n<p><strong>Ziua limbii armene \u0219i a alfabetului armean<\/strong> (12 octombrie) a fost, de asemenea, marcat\u0103 prin prezen\u021ba \u0219i lectura scriitorului Varujan Vosganian, scriitor rom\u00e2n de etnie armean\u0103.<\/p>\n<p><iframe loading=\"lazy\" title=\"FIPB 2021 ziua #2\" src=\"https:\/\/player.vimeo.com\/video\/630894029?dnt=1&amp;app_id=122963\" width=\"500\" height=\"281\" frameborder=\"0\" allow=\"autoplay; fullscreen; picture-in-picture; clipboard-write\"><\/iframe><\/p>\n<p>_____________<\/p>\n<p><strong>FIPB 2021 ziua #3 <\/strong><\/p>\n<p><strong>13 octombrie 2021<\/strong><\/p>\n<p>Poe\u021bii basarabeni au fost invita\u021bii speciali \u00een cea de-a treia zi de festival, moderat\u0103 de Luana Stroe. Seara a fost deschis\u0103 de jurnalista \u0219i scriitoarea bucure\u0219tean\u0103 <strong>Elena Vl\u0103d\u0103reanu<\/strong>, preocupat\u0103 de literatur\u0103, teatru \u0219i cinematografie, ini\u021biatoarea Premiilor <em>Sofia N\u0103dejde<\/em>, un proiect cu vizibilitate \u00een spa\u021biul cultural rom\u00e2nesc. Din Bra\u0219ov, a sosit la FIPB <strong>Vlad Dr\u0103goi<\/strong>, poet, prozator \u0219i traduc\u0103tor. Au mai citit: <strong>Ciprian M\u0103ce\u0219aru<\/strong>, scriitor, muzician, fotograf \u0219i jurnalist cultural, cel care a \u00eenfiin\u021bat revista <em>Accente, <\/em>din Bucure\u0219ti; <strong>Mina Decu<\/strong>, \u201eo figur\u0103 activ\u0103 pe scena festivalurilor \u0219i a evenimentelor dedicate literaturii\u201d, public\u00e2nd \u00een rom\u00e2n\u0103, dar \u0219i \u00een englez\u0103, francez\u0103 \u0219i maghiar\u0103, \u00een antologii \u0219i reviste literare din \u021bar\u0103 \u0219i din str\u0103in\u0103tate; \u00eentr-o sesiune video de poeme, <strong>\u0218tefan Manasia<\/strong> a prezentat \u201ec\u00e2teva viitoare hit-uri dintr-un volum \u00een lucru\u201d, iar \u00een direct, prin Zoom, au fost al\u0103turi de noi <strong>Miruna Vlada<\/strong>, <strong>Iuliana Alexa<\/strong> (din Belgia) \u0219i <strong>Tatiana Ernu\u021beanu<\/strong>.<\/p>\n<p>Din Republica Moldova, au fost prezen\u021bi poe\u021bii <strong>Moni St\u0103nil\u0103<\/strong> \u0219i <strong>Alexandru Vakulovski<\/strong>, cei care conduc \u00eempreun\u0103 Cenaclul literar <em>Republica, <\/em><strong>Diana Iepure<\/strong>, poet\u0103 \u0219i traduc\u0103toare, <strong>Alexandru Buruian\u0103<\/strong>, autor de poezie \u0219i teatru, membru al Uniunii Scriitorilor din Moldova. <strong>Emilian Galaicu-P\u0103un<\/strong> a fost prezent prin intermediul filmului <em>Racord, <\/em>dedicat poetului Eugen Cioclea.<\/p>\n<p><iframe loading=\"lazy\" title=\"FIPB 2021 ziua #3\" src=\"https:\/\/player.vimeo.com\/video\/631657376?dnt=1&amp;app_id=122963\" width=\"500\" height=\"281\" frameborder=\"0\" allow=\"autoplay; fullscreen; picture-in-picture; clipboard-write\"><\/iframe><\/p>\n<p>______________<\/p>\n<p><strong>FIPB 2021 ziua #4 <\/strong><\/p>\n<p><strong>14 octombrie 2021<\/strong><\/p>\n<p>O sear\u0103 de poezie dedicat\u0103 culturii latino-americane, cu invita\u021bi din Argentina, Columbia, Ecuador \u0219i Peru! Evenimentul a fost organizat cu sprijinul deosebit al Ambasadei Peru \u00een Romania, al Ambasadei Mexicului \u00een Rom\u00e2nia \u0219i al al Institutului Cervantes.<\/p>\n<p>Al\u0103turi de noi a fost domnul Juan Hector Diaz Ligarda, reprezentant al Ambasadei Peru \u00een Rom\u00e2nia, care a deschis seara cu prezentarea poe\u021bilor peruani prezen\u021bi \u00een festival, <strong>Rossella DiPaolo<\/strong> \u0219i <strong>Renato Sandoval<\/strong>, motiv\u00e2nd alegerea acestora din perspectiva leg\u0103turii pe care o au cu istoria poeziei peruane, cu tradi\u021bia acesteia. Poeta <strong>Valeria Correa Fiz<\/strong>, din Argentina, a fost prezent\u0103 \u00een cadrul FIPB, cu lecturi din volumul <em>El invierno a deshoras <\/em>\u0219i<em> Museo de p\u00e9rdidas<\/em>. <strong>Carlos Manuel Cruz Meza<\/strong>, din Xalapa (Veracruz, Mexic), a citit din volumul de poezii <em>Funeraria<\/em>, iar <strong>Aleyda Quevedo<\/strong>, din Quito (Ecuador), a ales cinci poeme, unele scrise \u00een timpul pandemiei, iar altele din volumul <em>Cierta manera de la luz sobre el cuerpo<\/em>.<\/p>\n<p>Cu sprijinul Institutului Liszt \u2013 Centrul Cultural Maghiar Bucure\u0219ti, a Curtea Veche Publishing, a Editurii Tracus Arte, au fost organizate dou\u0103 lecturi de poezie:<strong> Mark\u00f3 B\u00e9la<\/strong> a citit din volumul <em>Bocs\u00e1ss meg, Ginsberg<\/em>, \u00een limba rom\u00e2n\u0103 <em>Iart\u0103-ne Ginsberg<\/em>, \u00een traducerea lui Kocsis Francisko, ap\u0103rut la Editura Curtea Veche, \u00een anul 2020, iar <strong>Kar\u00e1csonyi Zsolt<\/strong>, din <em>\u00dassz, Fauszt, \u00fassz!<\/em>, volum ap\u0103rut \u00een limba rom\u00e2n\u0103 cu titlul <em>Faust pe m\u0103ri<\/em>, \u00een traducerea lui George Volceanov, la Editura Tracus Arte, \u00een anul 2020.<\/p>\n<p><strong>Cosmin Per\u021ba<\/strong>,<strong> Livia Ro\u0219ca<\/strong>, <strong>Ionelia Cristea<\/strong>,<strong> Iulia Pan\u0103<\/strong>,<strong> Mihaela Stanciu <\/strong>\u0219i <strong>Iuliana Miu <\/strong>au participat \u00een persoan\u0103 cu lecturi din poeme scrise recent sau cu o selec\u021bie din volumele publicate. Au fost al\u0103turi de noi, prin intermediul \u00eenregistr\u0103rilor video, poe\u021bi din genera\u021bii diferite: <strong>Ruxandra Cesereanu, Teodor Dun\u0103<\/strong>, <strong>Svetlana C\u00e2rstean<\/strong>, <strong>Dan Sociu <\/strong>\u0219i<strong> Alexandra Turcu<\/strong>.<strong> Dan Coman <\/strong>\u0219i <strong>Olga \u0218tefan<\/strong> au citit poezii din volumele aflate \u00een curs de publicare.<\/p>\n<p>Semnele de carte cu versurile citite \u00een cadrul serii de festival au fost scrise caligrafic de c\u0103tre Carmen Nistor, de la Academia de Caligrafie.<\/p>\n<p><iframe loading=\"lazy\" title=\"FIPB 2021 ziua #4\" src=\"https:\/\/player.vimeo.com\/video\/632682648?dnt=1&amp;app_id=122963\" width=\"500\" height=\"281\" frameborder=\"0\" allow=\"autoplay; fullscreen; picture-in-picture; clipboard-write\"><\/iframe><\/p>\n<p>______________<\/p>\n<p><strong>FIPB 2021 ziua #5<\/strong><\/p>\n<p><strong>15 octombrie 2021<\/strong><\/p>\n<p>Prima dintre dezbaterile festivalului a fost dedicat\u0103 literaturii italiene contemporane, la care au fost invita\u021bi s\u0103 participe traduc\u0103torii Bruno Mazzoni, Smaranda Bratu Elian \u0219i Aurora Fir\u021ba Marin. Dialogul s-a purtat pe marginea volumului <em>Poesia presente\/Poezia italian\u0103 de ast\u0103zi<\/em>, antologie \u0219i introducere de Francesco Napoli, traducere \u0219i note de Smaranda Bratu Elian \u0219i Aurora Fir\u021ba Marin, editura Humanitas, 2020, volum editat cu sprijinul Ministerului Afacerilor Externe al Italiei.<\/p>\n<p><iframe loading=\"lazy\" title=\"FIPB 2021 ziua #5 | Dezbatere \u201ePoesia presente\u201d\" src=\"https:\/\/player.vimeo.com\/video\/635225563?dnt=1&amp;app_id=122963\" width=\"500\" height=\"281\" frameborder=\"0\" allow=\"autoplay; fullscreen; picture-in-picture; clipboard-write\"><\/iframe><\/p>\n<p>Recitalul actri\u021belor Roxana Guttman \u0219i Naomi Guttman care include \u0219i lansarea trailerului spectacolului <em>DesFacerea lumii sau Spectacol \u00een aer LIBER, <\/em>poate fi urm\u0103rit aici:<\/p>\n<p><iframe loading=\"lazy\" title=\"FIPB 2021 ziua #5 | Recital Roxana Guttman \u015fi Naomi Guttman\" src=\"https:\/\/player.vimeo.com\/video\/633136775?dnt=1&amp;app_id=122963\" width=\"500\" height=\"281\" frameborder=\"0\" allow=\"autoplay; fullscreen; picture-in-picture; clipboard-write\"><\/iframe><\/p>\n<p>______________<\/p>\n<p><strong>FIPB 2021 ziua #6<\/strong><\/p>\n<p><strong>16 octombrie 2021<\/strong><\/p>\n<p>Diminea\u021ba de s\u00e2mb\u0103t\u0103 a fost dedicat\u0103 v\u00e2n\u0103torilor de rime \u00een cadrul Atelierelor Thomasinei. Muzeul a fost explorat, \u00eempreun\u0103 cu Daniel-Paul Ciobanu \u0219i cerceta\u0219i, din perspectiva cuvintelor care pot rima, a obiectelor \u00eenrudite \u0219i a familiilor de cuvinte. Atelierul a fost urmat de un concert de muzic\u0103 pentru copii, sus\u021binut de <strong>Ovidiu Mih\u0103ilescu<\/strong>, cu participarea deosebit\u0103 a asistentului s\u0103u, Matei. \ud83d\ude0a<\/p>\n<p><iframe loading=\"lazy\" title=\"FIPB 2021 ziua #6 | Concert de muzic\u0103 pentru copii: \u201eZmeul fur\u0103cios\u201d - Ovidiu Mih\u0103ilescu\" src=\"https:\/\/player.vimeo.com\/video\/633779723?dnt=1&amp;app_id=122963\" width=\"500\" height=\"281\" frameborder=\"0\" allow=\"autoplay; fullscreen; picture-in-picture; clipboard-write\"><\/iframe><\/p>\n<p><strong>Bogdan O. Popescu<\/strong>, medic neurolog \u0219i poet, a participat \u00een cadrul evenimentului <em>Poe\u021bi medici, poe\u021bi actori <\/em>cu o lectur\u0103 din volumele <em>Aerobiciclete <\/em>\u0219i din antologia <em>Marf\u0103 re\u00eenc\u0103rcat\u0103. <\/em>\u00a0<em>\u00a0 <\/em><\/p>\n<p><strong>Ioan Al. Mirea<\/strong>, poet \u0219i medic rezident psihiatru \u00een Bucure\u0219ti, doctorand \u00een cadrul disciplinei de Istoria medicinei \u0219i cultur\u0103 medical\u0103 din cadrul Universit\u0103\u021bii de Medicin\u0103 <em>Carol Davila<\/em>, a citit din volumul <em>Eu nu locuiesc<\/em>, \u00een curs de publicare.<\/p>\n<p>Lectura poe\u021bilor medici a fost urmat\u0103 de prezentarea unei selec\u021bii din poemele semnate de Adrian Pintea \u0219i Mircea Albulescu, \u00een interpretarea actorilor <strong>Dan Tudor<\/strong> \u0219i <strong>Delia Nartea<\/strong>, dar \u0219i <strong>Andreea Samson <\/strong>\u0219i <strong>Dan Constantin R\u0103dulescu<\/strong> (Teatrul de Comedie).<\/p>\n<p><iframe loading=\"lazy\" title=\"FIPB 2021 ziua #6 | Poe\u021bi medici, poe\u021bi actori\" src=\"https:\/\/player.vimeo.com\/video\/634823066?dnt=1&amp;app_id=122963\" width=\"500\" height=\"281\" frameborder=\"0\" allow=\"autoplay; fullscreen; picture-in-picture; clipboard-write\"><\/iframe><\/p>\n<p>Seara de poezie a fost dedicat\u0103 poe\u021bilor britanici, tradu\u0219i de Lidia Vianu: <strong>Mark Waldron<\/strong> (\u201ePantofi de clovn\u201d), <strong>George Szirtes<\/strong> (\u201eM\u0103 trece tata c\u00e2mpul \u00een bra\u021be\u201d, \u201eFum\u201d, \u201eTain\u0103\u201d), <strong>Imtiaz Dharker<\/strong> (\u201eBinecuv\u00e2ntare\u201d, \u201eSchel\u0103rie\u201d, \u201eVor spune <em>Precis c\u0103 vine dintr-o alt\u0103 \u021bar\u0103<\/em>\u201d), la care s-au al\u0103turat poe\u021bii <strong>Caius Dobrescu<\/strong> (\u201eOd\u0103 liberei \u00eentreprinderi\u201d) \u0219i <strong>Goran Mraki\u0107<\/strong>, care a citit poeme din volumul \u201eLumea e c\u0103ma\u0219a mea de for\u021b\u0103\u201d, iar prin Zoom, \u00een direct: <strong>Dan Mircea Cipariu<\/strong>. La sediul MNLR, au sus\u021binut lecturi poe\u021bii <strong>Vasile Baghiu<\/strong>, care a citit un poem care ilustreaz\u0103 himerismul, din anii \u00b490, de o incredibil\u0103 actualitate, \u0219i <strong>Robert \u0218erban<\/strong>, scriitor, jurnalist, editor \u0219i om de televiziune, pre\u0219edintele Festivalului de Literatur\u0103 de la Timi\u0219oara, care a citit \u201ePrefera\u021bii mei\u201d, \u201eMare zid de ap\u0103\u201d, \u201ePrinde\u021bi ho\u021bul\u201d \u0219i \u201eCardiogram\u0103\u201d.<\/p>\n<p><iframe loading=\"lazy\" title=\"FIPB 2021 ziua #6\" src=\"https:\/\/player.vimeo.com\/video\/634235209?dnt=1&amp;app_id=122963\" width=\"500\" height=\"281\" frameborder=\"0\" allow=\"autoplay; fullscreen; picture-in-picture; clipboard-write\"><\/iframe><\/p>\n<p>______________<\/p>\n<p><strong>FIPB 2021 ziua #7<\/strong><\/p>\n<p><strong>17 octombrie 2021<\/strong><\/p>\n<p><strong>\u00a0<\/strong>Cea de-a \u0219aptea zi de festival a debutat cu lecturile poe\u021bilor francezi (Anna Ayanoglou) \u0219i greci \u2013 Asimina Xiroianni, Iossif Ventouras, Iorgos Blanas, Liana Sakelliou.<\/p>\n<p><iframe loading=\"lazy\" title=\"FIPB 2021 ziua  #7 (I)\" src=\"https:\/\/player.vimeo.com\/video\/635048717?dnt=1&amp;app_id=122963\" width=\"500\" height=\"281\" frameborder=\"0\" allow=\"autoplay; fullscreen; picture-in-picture; clipboard-write\"><\/iframe><\/p>\n<p>Acestea au fost urmate de lecturile poe\u021bilor rom\u00e2ni din diferite genera\u021bii: din Germania, la FIPB, <strong>Corina<\/strong> <strong>Bernic<\/strong> ne propune poemele \u201e\u0218tiri\u201d, \u201eBucure\u0219ti\u201d, \u201e\u0218tiri din Ia\u0219i\u201d; <strong>Sorin Ghergu\u021b<\/strong> ne invit\u0103 s\u0103 ascult\u0103m o serie original\u0103 de haiku; <strong>Adela Greceanu<\/strong> \u2013 \u201eTartin\u0103. Cvasinecunoscut\u0103. A gestiona o rela\u021bie\u201d, \u201eUdo\u201d;\u00a0 <strong>Radu Ni\u021bescu<\/strong> cite\u0219te din <em>Sartao<\/em>, urmat de <strong>Tudor Voicu<\/strong> \u00een persoan\u0103, iar prin intermediul unei \u00eenregistr\u0103ri video: <strong>Toni Chira<\/strong> \u0219i <strong>Victor \u021avetov<\/strong>.<\/p>\n<p><iframe loading=\"lazy\" title=\"FIPB 2021 ziua #7 (II)\" src=\"https:\/\/player.vimeo.com\/video\/634667651?dnt=1&amp;app_id=122963\" width=\"500\" height=\"281\" frameborder=\"0\" allow=\"autoplay; fullscreen; picture-in-picture; clipboard-write\"><\/iframe><\/p>\n<p><strong>Dinu Fl\u0103m\u00e2nd<\/strong>, <strong>Dan Lungu<\/strong> \u0219i, prin Zoom, <strong>Caius Dobrescu<\/strong> \u0219i <strong>C\u0103lin Andrei-Mih\u0103ilescu<\/strong> au participat la dezbaterea <em>Vremuri \u00een schimbare<\/em>, moderat\u0103 de prof. univ. dr. Ioan Cristescu, aduc\u00e2nd \u00een prim-plan provoc\u0103rile lumii actuale, un punct de plecare pentru o serie de dialoguri care se vor derula fa\u021b\u0103 \u00een fa\u021b\u0103 \u0219i prin Zoom, materialele \u00eenregistrate urm\u00e2nd a fi publicate pe platforma web multidimedia <a href=\"http:\/\/www.culturaindirect.ro\">www.culturaindirect.ro<\/a>.<\/p>\n<p>Principala idee a dezbaterii a vizat modul \u00een care scriitorul se pozi\u021bioneaz\u0103 fa\u021b\u0103 de aceste vremuri \u00een schimbare \u0219i cum scriitorii au sau nu un cuv\u00e2nt de spus \u00een dezbaterea socio-cultural\u0103. Una dintre implica\u021biile pandemiei poate fi, \u00een viziunea lui C\u0103lin-Andrei Mih\u0103ilescu c\u0103 \u201eviitorul s\u0103 nu mai poat\u0103 fi imaginabil \u00een mod normal. (&#8230;) Viitorul a devenit foarte ce\u021bos\u201d. Caius Dobrescu invoc\u0103 afirma\u021bia lui Karl Popper, \u201epesimismul este cel mai mare du\u0219man al democra\u021biei\u201d, sentimentul de depunere de armelor, de renun\u021bare.<\/p>\n<p><iframe loading=\"lazy\" title=\"Dezbatere FIPB 2021 | \u201eVremuri \u00een schimbare\u201d\" src=\"https:\/\/player.vimeo.com\/video\/634688923?dnt=1&amp;app_id=122963\" width=\"500\" height=\"281\" frameborder=\"0\" allow=\"autoplay; fullscreen; picture-in-picture; clipboard-write\"><\/iframe><\/p>\n<p>FIPB s-a \u00eencheiat cu concertul de jazz sus\u021binut de C\u0103t\u0103lina Be\u021ba &amp; Albert Tajti:<\/p>\n<p><iframe loading=\"lazy\" title=\"FIPB 2021 ziua #7 | Concert de jazz: C\u0103t\u0103lina Be\u021ba &amp; Albert Tajti\" src=\"https:\/\/player.vimeo.com\/video\/635423186?dnt=1&amp;app_id=122963\" width=\"500\" height=\"281\" frameborder=\"0\" allow=\"autoplay; fullscreen; picture-in-picture; clipboard-write\"><\/iframe><\/p>\n<p>____________<\/p>\n<p>Echipa FIPB<\/p>\n<p>Ini\u021biator FIPB: prof. univ. dr. Ioan Cristescu<\/p>\n<p>&nbsp;<\/p>\n<p>Programe \u0219i Rela\u021bii Publice: Andreea Balaban, Gabriela Mare\u0219, Loreta Popa, Ilinca Stratan, Gabriela Toma<\/p>\n<p>Moderatori evenimente: Ioan Cristescu, Ioan Gro\u0219an, George Volceanov, Luana Stroe<\/p>\n<p>Crea\u021bie grafic\u0103: Cristina Milca<\/p>\n<p>Fotograf: Dan Vatamaniuc<\/p>\n<p>Multimedia: Daniel Paul Ciobanu, Alexandru Ursu<\/p>\n<p>&nbsp;<\/p>","protected":false},"excerpt":{"rendered":"<p>Conceptul edi\u021biei a XI-a a Festivalului Interna\u021bional de Poezie Bucure\u0219ti, \u201eVremuri \u00een schimbare\u201d, s-a reg\u0103sit \u2013 sub numeroase forme de&#8230;<\/p>","protected":false},"author":8,"featured_media":20621,"comment_status":"closed","ping_status":"closed","sticky":false,"template":"","format":"standard","meta":{"_exactmetrics_skip_tracking":false,"_exactmetrics_sitenote_active":false,"_exactmetrics_sitenote_note":"","_exactmetrics_sitenote_category":0,"footnotes":""},"categories":[9],"tags":[],"class_list":["post-20618","post","type-post","status-publish","format-standard","has-post-thumbnail","hentry","category-evenimente"],"_links":{"self":[{"href":"https:\/\/mnlr.ro\/en\/wp-json\/wp\/v2\/posts\/20618","targetHints":{"allow":["GET"]}}],"collection":[{"href":"https:\/\/mnlr.ro\/en\/wp-json\/wp\/v2\/posts"}],"about":[{"href":"https:\/\/mnlr.ro\/en\/wp-json\/wp\/v2\/types\/post"}],"author":[{"embeddable":true,"href":"https:\/\/mnlr.ro\/en\/wp-json\/wp\/v2\/users\/8"}],"replies":[{"embeddable":true,"href":"https:\/\/mnlr.ro\/en\/wp-json\/wp\/v2\/comments?post=20618"}],"version-history":[{"count":5,"href":"https:\/\/mnlr.ro\/en\/wp-json\/wp\/v2\/posts\/20618\/revisions"}],"predecessor-version":[{"id":20637,"href":"https:\/\/mnlr.ro\/en\/wp-json\/wp\/v2\/posts\/20618\/revisions\/20637"}],"wp:featuredmedia":[{"embeddable":true,"href":"https:\/\/mnlr.ro\/en\/wp-json\/wp\/v2\/media\/20621"}],"wp:attachment":[{"href":"https:\/\/mnlr.ro\/en\/wp-json\/wp\/v2\/media?parent=20618"}],"wp:term":[{"taxonomy":"category","embeddable":true,"href":"https:\/\/mnlr.ro\/en\/wp-json\/wp\/v2\/categories?post=20618"},{"taxonomy":"post_tag","embeddable":true,"href":"https:\/\/mnlr.ro\/en\/wp-json\/wp\/v2\/tags?post=20618"}],"curies":[{"name":"wp","href":"https:\/\/api.w.org\/{rel}","templated":true}]}}