{"id":20645,"date":"2021-10-21T14:58:24","date_gmt":"2021-10-21T11:58:24","guid":{"rendered":"https:\/\/mnlr.ro\/?p=20645"},"modified":"2021-10-21T14:58:53","modified_gmt":"2021-10-21T11:58:53","slug":"expozitia-remember-perpessicius","status":"publish","type":"post","link":"https:\/\/mnlr.ro\/en\/expozitia-remember-perpessicius\/","title":{"rendered":"Expozi\u021bia Remember Perpessicius"},"content":{"rendered":"<p>21 octombrie \u2013 26 noiembrie 2021<\/p>\n<p>Sediul MNLR, Strada Nicolae Cre\u021bulescu 8<\/p>\n<p>\u00cenfiin\u021barea MNLR se datoreaz\u0103 fondatorului Dumitru Panaitescu \u2013 Perpessicius, care \u00een 1957 a avut ini\u021bitiva de a crea un Muzeu al Literaturii Rom\u00e2ne, iar \u00een 1970, revista muzeului, cu continuitate p\u00e2n\u0103 ast\u0103zi, <em>Manuscriptum<\/em>. La 130 de la na\u0219terea criticului \u015fi istoricului literar Perpessicius, MNLR v-a preg\u0103tit o expozi\u021bie de documente din arhiva MNLR, \u00een care pute\u021bi deslu\u0219i fragmente ale muncii sale laborioase de cronicar, pagini de coresponden\u021b\u0103 \u0219i de jurnal.<\/p>\n<p>Dumitru Panaitescu \u2013 Perpessicius s-a n\u0103scut la Br\u0103ila, la 21 octombrie 1891. A urmat studiile universitare la Bucure\u015fti. I-a avut profesori pe Ovid Densusianu, Nicolae Iorga, Ion Bogdan, Mihail Dragomirescu, Ion Bianu. Debuteaz\u0103 \u00een 1911, cu schi\u021ba <em>Omida \u2013 Din lumea celor care se t\u00e2r\u0103sc<\/em>, pe care o public\u0103 \u00een revista <em>Flori de c\u00e2mp<\/em>, cu pseudonimul Victor Pribeagu, iar \u00een 1913, cu poezie \u00een <em>Versuri \u0219i proz\u0103 <\/em>cu pseudonimul D. Pandara. Pseudonimul Perpessicius (\u201ecel \u00eencercat de suferin\u021b\u0103\u201d) va ap\u0103rea odat\u0103 cu publicarea, \u00een revista <em>Cronica <\/em>a scriitorului Tudor Arghezi, a poemului <em>Ad provinciales, meum in Gretchen amorem spernentes.<\/em> \u00cen urma particip\u0103rii pe frontul din Dobrogea, \u00een Primul R\u0103zboi Mondial, este grav r\u0103nit la m\u00e2na dreapt\u0103, r\u0103m\u00e2n\u00e2nd cu o invaliditate pentru \u00eentreaga via\u021b\u0103, fapt ce l-a determinat s\u0103 scrie cu m\u00e2na st\u00e2ng\u0103. Experien\u021ba r\u0103zboiului va fi reflectat\u0103 \u00een volumul s\u0103u <em>Scut \u0219i targ\u0103<\/em>. \u00cen 1918 \u00eenfiin\u021beaz\u0103 revista <em>Letopise\u021bi. <\/em><\/p>\n<p>La Radio \u00eencepe s\u0103 colaboreze \u00eenc\u0103 din 1929, iar \u00een perioada 1934-1938 semneaz\u0103 <em>Cronica literar\u0103<\/em>. Contribuie, cu peste 700 de interven\u021bii la radio, la afirmarea cronicii literare radiofonice. A fost un reputat publicist, colabor\u00e2nd cu numeroase reviste \u0219i ziare: <em>Cugetul rom\u00e2nesc<\/em>, <em>Ideea european\u0103<\/em>, <em>Rom\u00e2nia<\/em>, ziarul lui Cezar Petrescu, <em>Cuv\u00eentul<\/em>, <em>Lumea<\/em>, <em>Universul literar<\/em>, <em>Revista Funda\u0163iilor Regale<\/em>, <em>Contemporanul<\/em>, <em>Via\u0163a rom\u00e2neasc\u0103<\/em>, <em>Rom\u00e2nia literar\u0103<\/em>, <em>Luceaf\u0103rul<\/em>.<\/p>\n<p>\u00cen locuin\u021ba sa, situat\u0103 pe Strada Eminescu nr. 22, avea s\u0103 dedice numero\u0219i ani studierii manuscriselor eminesciene, o munc\u0103 \u00eensemnat\u0103, \u00eenceput\u0103 \u00een 1933, \u0219i care a putut fi, astfel, continuat\u0103 de eminescologii Petru Cre\u021bia \u0219i Dimitrie Vatamaniuc. Este bine cunoscut faptul c\u0103, pentru descrifrarea manuscriselor, Perpessicius folosea lupe de bijutier, precum cele care se reg\u0103sesc la Casa memorial\u0103 \u201eDumitru Panaitescu Perpessicius\u201d din Br\u0103ila.<\/p>\n<p>Edi\u021bia critic\u0103 a operei eminesciene se reg\u0103se\u0219te \u00een cele \u0219ase volume de <em>Opere, <\/em>1939-1963. Printre volumele publicate, men\u021bion\u0103m: <em>Repertoriu critic. Sugestii critice<\/em> (1923), <em>Antologia poe\u0163ilor de azi<\/em> (I-II, 1925, 1928, \u00een colaborare cu Ion Pillat), <em>Itinerar sentimental<\/em> (1932), <em>Men\u0163iuni critice<\/em> (volumele I-V, 1928-1947), <em>De la Chateaubriand la Mallarm\u00e9, antologie de critic\u0103 francez\u0103 literar\u0103<\/em> (1938), <em>Opere, Mihai Eminescu<\/em> (volumele I-VI, 1939, 1943, 1944, 1952, 1958, 1963), <em>Dictando divers<\/em> (1940), <em>Jurnal de lector completat cu Eminesciana<\/em> (1944), <em>Men\u0163iuni de istoriografie literar\u0103 \u015fi folclor<\/em> (volumele I-III, 1961-1967), <em>Alte men\u0163iuni de istoriografie literar\u0103 \u015fi folclor<\/em> (volumele I-III, 1961, 1964, 1967), <em>Opere alese, Mihai Eminescu<\/em> (volumele I-II; 1964, 1965), <em>Memorialul de ziaristic\u0103<\/em> (1970), <em>Eminesciana<\/em> (1971), <em>Lecturi intermitente<\/em> (1971), <em>Opere<\/em> (volumele I-XII, 1966 \u2013 1983).<\/p>\n<p>\u00cen 1945 devine membru corespondent \u0219i, din 1956, membru titular al Academiei Rom\u00e2ne.<\/p>\n<p><strong>\u00a0<\/strong>Expozi\u021bia poate fi vizitat\u0103 de mar\u021bi p\u00e2n\u0103 duminic\u0103, \u00eentre orele 10.00 \u0219i 18.00, doar \u00een baza prezent\u0103rii certificatului verde \u0219i a rezerv\u0103rii la adresa programe@mnlr.ro sau la num\u0103rul 0736.598.451 (WhatsApp).<\/p>","protected":false},"excerpt":{"rendered":"<p>21 octombrie \u2013 26 noiembrie 2021 Sediul MNLR, Strada Nicolae Cre\u021bulescu 8 \u00cenfiin\u021barea MNLR se datoreaz\u0103 fondatorului Dumitru Panaitescu \u2013&#8230;<\/p>","protected":false},"author":8,"featured_media":20646,"comment_status":"closed","ping_status":"closed","sticky":false,"template":"","format":"standard","meta":{"_exactmetrics_skip_tracking":false,"_exactmetrics_sitenote_active":false,"_exactmetrics_sitenote_note":"","_exactmetrics_sitenote_category":0,"footnotes":""},"categories":[23,9,36,8],"tags":[],"class_list":["post-20645","post","type-post","status-publish","format-standard","has-post-thumbnail","hentry","category-aniversari-si-evocari","category-evenimente","category-expozitii","category-recomandari"],"_links":{"self":[{"href":"https:\/\/mnlr.ro\/en\/wp-json\/wp\/v2\/posts\/20645","targetHints":{"allow":["GET"]}}],"collection":[{"href":"https:\/\/mnlr.ro\/en\/wp-json\/wp\/v2\/posts"}],"about":[{"href":"https:\/\/mnlr.ro\/en\/wp-json\/wp\/v2\/types\/post"}],"author":[{"embeddable":true,"href":"https:\/\/mnlr.ro\/en\/wp-json\/wp\/v2\/users\/8"}],"replies":[{"embeddable":true,"href":"https:\/\/mnlr.ro\/en\/wp-json\/wp\/v2\/comments?post=20645"}],"version-history":[{"count":2,"href":"https:\/\/mnlr.ro\/en\/wp-json\/wp\/v2\/posts\/20645\/revisions"}],"predecessor-version":[{"id":20648,"href":"https:\/\/mnlr.ro\/en\/wp-json\/wp\/v2\/posts\/20645\/revisions\/20648"}],"wp:featuredmedia":[{"embeddable":true,"href":"https:\/\/mnlr.ro\/en\/wp-json\/wp\/v2\/media\/20646"}],"wp:attachment":[{"href":"https:\/\/mnlr.ro\/en\/wp-json\/wp\/v2\/media?parent=20645"}],"wp:term":[{"taxonomy":"category","embeddable":true,"href":"https:\/\/mnlr.ro\/en\/wp-json\/wp\/v2\/categories?post=20645"},{"taxonomy":"post_tag","embeddable":true,"href":"https:\/\/mnlr.ro\/en\/wp-json\/wp\/v2\/tags?post=20645"}],"curies":[{"name":"wp","href":"https:\/\/api.w.org\/{rel}","templated":true}]}}