{"id":20804,"date":"2021-11-02T10:21:24","date_gmt":"2021-11-02T08:21:24","guid":{"rendered":"https:\/\/mnlr.ro\/?p=20804"},"modified":"2021-11-02T13:45:58","modified_gmt":"2021-11-02T11:45:58","slug":"a-incetat-din-viata-carmen-steiciuc","status":"publish","type":"post","link":"https:\/\/mnlr.ro\/en\/a-incetat-din-viata-carmen-steiciuc\/","title":{"rendered":"A \u00eencetat din via\u021ba Carmen Steiciuc"},"content":{"rendered":"<p><span lang=\"RO\">Muzeul Na\u021bional al Literaturii Rom\u00e2ne depl\u00e2nge moartea, la 1 noiembrie 2021, a managerului Teatrului\u00a0<i>Matei Vi\u0219niec<\/i>, Carmen Steiciuc, organizatoarea Festivalului\u00a0<i>Matei Vi\u0219niec<\/i>\u00a0de la Suceava, poet\u0103, membr\u0103 a Uniunii Scriitorilor din Rom\u00e2nia, iar din 2005, membr\u0103 \u00een Ordinul Poe\u0163ilor Mantela\u0163i din Torino-Italia.<\/span><\/p>\n<p><span lang=\"RO\">A publicat numeroase volume de poezie, printre care men\u021bion\u0103m:\u00a0<i>Culoarea neprev\u0103zut\u0103 a orei<\/i>\u00a0(1995),\u00a0<i>The essence of a dream<\/i>\u00a0(2003),\u00a0<i>Poeme de religii diferite<\/i>\u00a0(2004),\u00a0<i>Cu o pereche de aripi noi<\/i>\u00a0(2005),\u00a0<i>Cu o pereche de aripi noi \/ Avec une paire d&#8217;ailes nouvelles<\/i>, edi\u0163ie bilingv\u0103 rom\u00e2no-francez\u0103 (2008). A avut dou\u0103 reziden\u021be literare importante: la vila Marguerite Yourcenar \u0219i la Chateau de La Napoule.<\/span><\/p>\n<p><span lang=\"RO\">Printre premiile ob\u021binute: Marele Premiu\u00a0<i>Nicolae Labi\u015f<\/i>\u00a0la Suceava (1991); Premiul\u00a0<i>Cele mai frumoase poeme de dragoste<\/i>, Bucure\u015fti (1991); Premiul I la concursul\u00a0<i>Mo\u015ftenirea V\u0103c\u0103re\u015ftilor<\/i>, T\u00e2rgovi\u015fte (1991); Premiul Ambasadei Fran\u0163ei \u00een Rom\u00e2nia<i>\u00a0Arthur Rimbaud\u00a0<\/i>(1992); Premiul\u00a0<i>International Poet of Merit<\/i>, Washington, SUA (\u00een anii 1998, 1999 \u015fi 2000); Premiul pentru poezie religioas\u0103 la Concursul\u00a0<i>Natale Oggi<\/i>, Torino, Italia (2007).<\/span><\/p>\n<p>Surs\u0103 foto: suceavalive.ro<\/p>","protected":false},"excerpt":{"rendered":"<p>Muzeul Na\u021bional al Literaturii Rom\u00e2ne depl\u00e2nge moartea, la 1 noiembrie 2021, a managerului Teatrului\u00a0Matei Vi\u0219niec, Carmen Steiciuc, organizatoarea Festivalului\u00a0Matei Vi\u0219niec\u00a0de&#8230;<\/p>","protected":false},"author":8,"featured_media":20805,"comment_status":"closed","ping_status":"closed","sticky":false,"template":"","format":"standard","meta":{"_exactmetrics_skip_tracking":false,"_exactmetrics_sitenote_active":false,"_exactmetrics_sitenote_note":"","_exactmetrics_sitenote_category":0,"footnotes":""},"categories":[13,9],"tags":[],"class_list":["post-20804","post","type-post","status-publish","format-standard","has-post-thumbnail","hentry","category-anunturi","category-evenimente"],"_links":{"self":[{"href":"https:\/\/mnlr.ro\/en\/wp-json\/wp\/v2\/posts\/20804","targetHints":{"allow":["GET"]}}],"collection":[{"href":"https:\/\/mnlr.ro\/en\/wp-json\/wp\/v2\/posts"}],"about":[{"href":"https:\/\/mnlr.ro\/en\/wp-json\/wp\/v2\/types\/post"}],"author":[{"embeddable":true,"href":"https:\/\/mnlr.ro\/en\/wp-json\/wp\/v2\/users\/8"}],"replies":[{"embeddable":true,"href":"https:\/\/mnlr.ro\/en\/wp-json\/wp\/v2\/comments?post=20804"}],"version-history":[{"count":2,"href":"https:\/\/mnlr.ro\/en\/wp-json\/wp\/v2\/posts\/20804\/revisions"}],"predecessor-version":[{"id":20817,"href":"https:\/\/mnlr.ro\/en\/wp-json\/wp\/v2\/posts\/20804\/revisions\/20817"}],"wp:featuredmedia":[{"embeddable":true,"href":"https:\/\/mnlr.ro\/en\/wp-json\/wp\/v2\/media\/20805"}],"wp:attachment":[{"href":"https:\/\/mnlr.ro\/en\/wp-json\/wp\/v2\/media?parent=20804"}],"wp:term":[{"taxonomy":"category","embeddable":true,"href":"https:\/\/mnlr.ro\/en\/wp-json\/wp\/v2\/categories?post=20804"},{"taxonomy":"post_tag","embeddable":true,"href":"https:\/\/mnlr.ro\/en\/wp-json\/wp\/v2\/tags?post=20804"}],"curies":[{"name":"wp","href":"https:\/\/api.w.org\/{rel}","templated":true}]}}