{"id":20997,"date":"2021-11-21T11:00:57","date_gmt":"2021-11-21T09:00:57","guid":{"rendered":"https:\/\/mnlr.ro\/?p=20997"},"modified":"2021-11-21T01:38:15","modified_gmt":"2021-11-20T23:38:15","slug":"poezie-si-creatie-razvan-theodorescu-si-loreta-popa","status":"publish","type":"post","link":"https:\/\/mnlr.ro\/en\/poezie-si-creatie-razvan-theodorescu-si-loreta-popa\/","title":{"rendered":"\u201ePoezie \u0219i crea\u021bie\u201d | R\u0103zvan Theodorescu \u0219i Loreta Popa"},"content":{"rendered":"<p>Invitat ast\u0103zi la \u201ePoezie \u0219i crea\u021bie\u201d este academicianul R\u0103zvan Theodorescu, istoric de art\u0103, pre\u015fedintele Sec\u0163iei de Arte, Arhitectur\u0103 \u015fi Audiovizual a Academiei Rom\u00e2ne (din 2012), profesor universitar, om politic \u015fi senator \u00een legislatura 2000-2004, c\u00e2nd a ocupat \u0219i fotoliul de ministru al Culturii. A fost, de asemenea, pre\u015fedinte al Radioteleviziunii Rom\u00e2ne imediat dup\u0103 Revolu\u0163ie, apoi a activat \u00een cadrul Consiliului Na\u0163ional al Audiovizualului. Din 20 aprilie 2018, este vicepre\u015fedinte al Academiei Rom\u00e2ne. \u00cen 2018, academicianul R\u0103zvan Theodorescu s-a num\u0103rat printre personalit\u0103\u0163ile r\u0103spl\u0103tite cu diplome de excelen\u0163\u0103 \u00een cadrul \u201eGalei Rom\u00e2nia \u2013 UNESCO\u201d (aflat\u0103 la a III-a edi\u0163ie), \u00een semn de \u00eenalt\u0103 recunoa\u015ftere a contribu\u0163iei remarcabile la \u00eemplinirea \u015fi afirmarea idealurilor \u015fi obiectivelor UNESCO. Anul trecut, \u00een cadrul platformei on-line culturaindirect.ro a Muzeului Na\u021bional al Literaturii Rom\u00e2ne, academicianul R\u0103zvan Theodorescu a trecut \u00een revist\u0103 c\u00e2teva cl\u0103diri care vorbesc despre identitatea cultural\u0103 \u0219i istoric\u0103 a Capitalei, contribuind la integrarea acesteia \u00een spa\u021biul european, precum Hanul lui Manuc, Hanul cu Tei, Palatul Su\u021bu, Palatul \u0218tirbei, Biserica Alb\u0103, Templul Coral, Catedrala Sf\u00e2ntul Iosif, Biserica B\u0103r\u0103\u021bia, Biserica Domni\u021ba B\u0103la\u0219a.<\/p>\n<p>\u201eVisele mele sunt acelea\u0219i. Am visat s\u0103 construiesc o istorie credibil\u0103 a civiliza\u021biei rom\u00e2ne\u0219ti. A fost ideea mea de la 20 de ani \u0219i ast\u0103zi, la peste 80 de ani, pot s\u0103 spun c\u0103 mi-am \u00eendeplinit-o. S-a spus despre oamenii de cultur\u0103 c\u0103 tr\u0103iesc \u00eentr-un turn de filde\u0219, e adev\u0103rat, \u0219i acest lucru devine \u0219i mai adev\u0103rat \u00een condi\u021biile de mizerie moral\u0103, de mitoc\u0103nie, de mahalagism \u00een care se afl\u0103 ast\u0103zi societatea rom\u00e2neasc\u0103. Turnul de filde\u0219 exist\u0103, trebuie s\u0103 existe \u0219i \u00een el trebuie s\u0103 ne retragem din c\u00e2nd \u00een c\u00e2nd. Da, mediocritatea este la putere ast\u0103zi, este la putere ca niciodat\u0103. Rom\u00e2nia este o Rom\u00e2nie needucat\u0103, este o Rom\u00e2nie incult\u0103, este o Rom\u00e2nie \u00een care oameni care nu reprezint\u0103 nimic, no names, au ajuns \u00een condi\u021bii supreme, a\u0219 spune. Dup\u0103 noi r\u0103m\u00e2n opera \u0219i o biografie c\u00e2t mai senin\u0103\u201d, m\u0103rturise\u0219te academicianul R\u0103zvan Theodorescu.<\/p>\n<p>Filmare: Gryg Stoica<br \/>\nMontaj: Alex Ursu<br \/>\nProiect coordonat \u0219i realizat de Loreta Popa<\/p>\n<p>Urm\u0103ri\u021bi \u201ePoezie \u0219i crea\u021bie\u201d aici:<\/p>\n<p><iframe loading=\"lazy\" title=\"Poezie \u0219i crea\u021bie - R\u0103zvan Theodorescu\" width=\"500\" height=\"281\" src=\"https:\/\/www.youtube.com\/embed\/P8vsnm6kgIo?feature=oembed\" frameborder=\"0\" allow=\"accelerometer; autoplay; clipboard-write; encrypted-media; gyroscope; picture-in-picture; web-share\" referrerpolicy=\"strict-origin-when-cross-origin\" allowfullscreen><\/iframe><\/p>","protected":false},"excerpt":{"rendered":"<p>Invitat ast\u0103zi la \u201ePoezie \u0219i crea\u021bie\u201d este academicianul R\u0103zvan Theodorescu, istoric de art\u0103, pre\u015fedintele Sec\u0163iei de Arte, Arhitectur\u0103 \u015fi Audiovizual&#8230;<\/p>","protected":false},"author":11,"featured_media":20998,"comment_status":"closed","ping_status":"closed","sticky":false,"template":"","format":"standard","meta":{"_exactmetrics_skip_tracking":false,"_exactmetrics_sitenote_active":false,"_exactmetrics_sitenote_note":"","_exactmetrics_sitenote_category":0,"footnotes":""},"categories":[9,52],"tags":[],"class_list":["post-20997","post","type-post","status-publish","format-standard","has-post-thumbnail","hentry","category-evenimente","category-evenimente-on-line"],"_links":{"self":[{"href":"https:\/\/mnlr.ro\/en\/wp-json\/wp\/v2\/posts\/20997","targetHints":{"allow":["GET"]}}],"collection":[{"href":"https:\/\/mnlr.ro\/en\/wp-json\/wp\/v2\/posts"}],"about":[{"href":"https:\/\/mnlr.ro\/en\/wp-json\/wp\/v2\/types\/post"}],"author":[{"embeddable":true,"href":"https:\/\/mnlr.ro\/en\/wp-json\/wp\/v2\/users\/11"}],"replies":[{"embeddable":true,"href":"https:\/\/mnlr.ro\/en\/wp-json\/wp\/v2\/comments?post=20997"}],"version-history":[{"count":1,"href":"https:\/\/mnlr.ro\/en\/wp-json\/wp\/v2\/posts\/20997\/revisions"}],"predecessor-version":[{"id":20999,"href":"https:\/\/mnlr.ro\/en\/wp-json\/wp\/v2\/posts\/20997\/revisions\/20999"}],"wp:featuredmedia":[{"embeddable":true,"href":"https:\/\/mnlr.ro\/en\/wp-json\/wp\/v2\/media\/20998"}],"wp:attachment":[{"href":"https:\/\/mnlr.ro\/en\/wp-json\/wp\/v2\/media?parent=20997"}],"wp:term":[{"taxonomy":"category","embeddable":true,"href":"https:\/\/mnlr.ro\/en\/wp-json\/wp\/v2\/categories?post=20997"},{"taxonomy":"post_tag","embeddable":true,"href":"https:\/\/mnlr.ro\/en\/wp-json\/wp\/v2\/tags?post=20997"}],"curies":[{"name":"wp","href":"https:\/\/api.w.org\/{rel}","templated":true}]}}