{"id":21000,"date":"2021-11-22T19:00:02","date_gmt":"2021-11-22T17:00:02","guid":{"rendered":"https:\/\/mnlr.ro\/?p=21000"},"modified":"2021-11-21T22:27:10","modified_gmt":"2021-11-21T20:27:10","slug":"mini-cafeneaua-critica-on-line-84-ion-muresan-si-ion-bogdan-lefter","status":"publish","type":"post","link":"https:\/\/mnlr.ro\/en\/mini-cafeneaua-critica-on-line-84-ion-muresan-si-ion-bogdan-lefter\/","title":{"rendered":"\u201emini-Cafeneaua critic\u0103\u201d on-line #84 | Ion Mure\u0219an \u0219i Ion Bogdan Lefter"},"content":{"rendered":"<p>Invitat ast\u0103zi la \u201emini-Cafeneaua critic\u0103\u201d de pandemie este Ion Mure\u0219an, poet \u0219i publicist. Amfitrion: Ion Bogdan Lefter.<\/p>\n<p>\u201eEste o direc\u021bie \u00een care omenirea a pornit-o mai demult, acum doar o legalizeaz\u0103. Legaliz\u0103m \u00eenstr\u0103inarea unii fa\u021b\u0103 de al\u021bii. Ne \u00eendep\u0103rt\u0103m \u0219i ne purt\u0103m fotografiile unii altora. Ne \u00eendep\u0103rteaz\u0103 de corpul nostru, de lucruri, de tot ce e \u00een jurul nostru. Lumea este totu\u0219i tridimensional\u0103\u201d, afirm\u0103 Ion Mure\u0219an. \u201eMie totdeauna mi-e fric\u0103 de lucrurile mici, nu de lucrurile mari. Lucrurile mari sunt vizibile, le vezi, po\u021bi aproxima. Lucrurile mici, lucrurile nev\u0103zute, sunt mai \u00eensp\u0103im\u00e2nt\u0103toare. C\u00e2nd a venit pandemia n-am luat-o \u00een seam\u0103, dar v\u0103z\u00e2nd imaginile de la televizor cu morminte s\u0103pate cu excavatorul, v\u0103z\u00e2nd gropi comune, m-am oripilat. \u021ai-e fric\u0103 p\u00e2n\u0103 la urm\u0103. V\u0103z\u00e2nd paturile acelea de la spital cu oameni care nu mai au nicio \u0219ans\u0103, care mor pe capete. Un singur om mort merit\u0103 o discu\u021bie \u00eendelungat\u0103, o dezbatere, darmite 500 de oameni mor\u021bi \u00eentr-o zi. E \u00eengrozitor\u201d, spune publicistul Ion Mure\u0219an.<\/p>\n<p>\u201eE o pruden\u021b\u0103 coroziv\u0103, o pruden\u021b\u0103 rea. C\u00e2nd te \u00eent\u00e2lne\u0219ti cu un prieten \u00ee\u021bi dai m\u00e2na, te \u00eembr\u0103\u021bi\u0219ezi, deja e o mic\u0103 suspiciune, dac\u0103 cel\u0103lalt are ceva. Se tulbur\u0103 astfel toate rela\u021biile dintre oameni \u0219i pui totul sub semnul suspiciunii, al g\u00e2ndului c\u0103 cel\u0103lalt poart\u0103 ceva nev\u0103zut, un mic virus. Asta falsific\u0103 rela\u021biile, le ur\u00e2\u021be\u0219te. M-am l\u0103sat dus de indica\u021bii. Am purtat masc\u0103, m-am vaccinat. Am observat c\u0103 purt\u00e2nd masc\u0103 pe strad\u0103, oamenii se uit\u0103 direct \u00een ochii t\u0103i, nu mai stau cu capul plecat. \u00cenainte \u00ee\u0219i fereau privirea, dar acum au o obr\u0103znicie mai mare, o \u00eendr\u0103zneal\u0103. Am v\u0103zut pu\u021bine buze, mai mul\u021bi ochi. Aceasta este imaginea str\u0103zii\u201d, m\u0103rturise\u0219te Ion Mure\u0219an. \u201eAcum toate se petrec \u00een virtual. Nu \u0219tiu cum ne vom reveni. Pandemia nu face dec\u00e2t s\u0103 catalizeze pornirea aceasta, acest trend, aceast\u0103 direc\u021bie pe care a luat-o omenirea, aceast\u0103 \u00eendep\u0103rtare de lucruri, \u00eendep\u0103rtare de natur\u0103, \u00eendep\u0103rtare a omului de om. Copiii cred c\u0103 nici g\u0103ini n-au v\u0103zut, n-au v\u0103zut miei, n-au v\u0103zut o vac\u0103 dec\u00e2t pe telefonul mobil. Asta m\u0103 \u00eengrijoreaz\u0103, o rupere de lume, de fundamentele umanului. (&#8230;) Probabil c\u0103 oamenii vor fi din ce \u00een ce mai mici, vor avea telefoane mici, vor discuta unii cu al\u021bii \u0219i nu \u0219tiu cum se vor \u00eenmul\u021bi, habar nu am\u201d, \u00eencheie Ion Mure\u0219an.<\/p>\n<p>\u201eCafeneaua critic\u0103\u201d este ini\u021biat\u0103 \u0219i realizat\u0103 de criticul Ion Bogdan Lefter, profesor la Facultatea de Litere a Universit\u0103\u021bii din Bucure\u0219ti.<\/p>\n<p>Urm\u0103ri\u021bi \u201emini-Cafeneaua critic\u0103\u201d on-line aici:<\/p>\n<p><iframe loading=\"lazy\" title=\"mini-Cafeneaua critic\u0103 #84 | Ion Mure\u0219an \u0219i Ion Bogdan Lefter\" src=\"https:\/\/player.vimeo.com\/video\/647819594?dnt=1&amp;app_id=122963\" width=\"500\" height=\"281\" frameborder=\"0\" allow=\"autoplay; fullscreen; picture-in-picture; clipboard-write\"><\/iframe><\/p>","protected":false},"excerpt":{"rendered":"<p>Invitat ast\u0103zi la \u201emini-Cafeneaua critic\u0103\u201d de pandemie este Ion Mure\u0219an, poet \u0219i publicist. Amfitrion: Ion Bogdan Lefter. \u201eEste o direc\u021bie&#8230;<\/p>","protected":false},"author":11,"featured_media":20493,"comment_status":"closed","ping_status":"closed","sticky":false,"template":"","format":"standard","meta":{"_exactmetrics_skip_tracking":false,"_exactmetrics_sitenote_active":false,"_exactmetrics_sitenote_note":"","_exactmetrics_sitenote_category":0,"footnotes":""},"categories":[24,9,52],"tags":[],"class_list":["post-21000","post","type-post","status-publish","format-standard","has-post-thumbnail","hentry","category-dezbateri-culturale","category-evenimente","category-evenimente-on-line"],"_links":{"self":[{"href":"https:\/\/mnlr.ro\/en\/wp-json\/wp\/v2\/posts\/21000","targetHints":{"allow":["GET"]}}],"collection":[{"href":"https:\/\/mnlr.ro\/en\/wp-json\/wp\/v2\/posts"}],"about":[{"href":"https:\/\/mnlr.ro\/en\/wp-json\/wp\/v2\/types\/post"}],"author":[{"embeddable":true,"href":"https:\/\/mnlr.ro\/en\/wp-json\/wp\/v2\/users\/11"}],"replies":[{"embeddable":true,"href":"https:\/\/mnlr.ro\/en\/wp-json\/wp\/v2\/comments?post=21000"}],"version-history":[{"count":1,"href":"https:\/\/mnlr.ro\/en\/wp-json\/wp\/v2\/posts\/21000\/revisions"}],"predecessor-version":[{"id":21001,"href":"https:\/\/mnlr.ro\/en\/wp-json\/wp\/v2\/posts\/21000\/revisions\/21001"}],"wp:featuredmedia":[{"embeddable":true,"href":"https:\/\/mnlr.ro\/en\/wp-json\/wp\/v2\/media\/20493"}],"wp:attachment":[{"href":"https:\/\/mnlr.ro\/en\/wp-json\/wp\/v2\/media?parent=21000"}],"wp:term":[{"taxonomy":"category","embeddable":true,"href":"https:\/\/mnlr.ro\/en\/wp-json\/wp\/v2\/categories?post=21000"},{"taxonomy":"post_tag","embeddable":true,"href":"https:\/\/mnlr.ro\/en\/wp-json\/wp\/v2\/tags?post=21000"}],"curies":[{"name":"wp","href":"https:\/\/api.w.org\/{rel}","templated":true}]}}