{"id":21146,"date":"2021-12-06T11:10:00","date_gmt":"2021-12-06T09:10:00","guid":{"rendered":"https:\/\/mnlr.ro\/?p=21146"},"modified":"2021-12-06T11:10:00","modified_gmt":"2021-12-06T09:10:00","slug":"premiile-gala-tinerilor-scriitori-cartea-de-poezie-a-anului-2021","status":"publish","type":"post","link":"https:\/\/mnlr.ro\/en\/premiile-gala-tinerilor-scriitori-cartea-de-poezie-a-anului-2021\/","title":{"rendered":"Premiile Gala Tinerilor Scriitori \/ Cartea de Poezie a anului 2021"},"content":{"rendered":"<p>Asocia\u0163ia EURO CULTURART anun\u021b\u0103 realizarea programului <em>GALA TINERILOR SCRIITORI \/ CARTEA DE POEZIE A ANULUI 2021<\/em> pentru celebrarea celei de-a dou\u0103sprezecea edi\u021bii a <em>Zilei Culturii Na\u0163ionale<\/em>, s\u00e2mb\u0103t\u0103, 15 ianuarie 2022, \u00een format hibrid, fizic \u0219i online. Juriul va fi compus din trei critici literari, laurea\u0163i ai edi\u0163iilor 2012, 2014 \u015fi 2015: Bianca Bur\u0163a-Cernat, Andreea R\u0103suceanu \u015fi Cosmin Borza. Juriul va anun\u0163a pe 8 ianuarie 2022 cele 3 nominaliz\u0103ri pentru T\u00e2n\u0103rul Poet al anului 2021, cele 3 nominaliz\u0103ri pentru T\u00e2n\u0103rul Prozator al anului 2021, precum \u015fi cele 3 nominaliz\u0103ri pentru T\u00e2n\u0103rul Critic al anului 2021. C\u00e2\u015ftig\u0103torii celor trei sec\u0163iuni vor fi desemna\u0163i \u015fi prezenta\u0163i la Gala Tinerilor Scriitori; de asemenea, marele c\u00e2\u015ftig\u0103tor, T\u00e2n\u0103rul Scriitor al anului 2021, ales dintre ei. Premiul CARTEA DE POEZIE A ANULUI 2021 pentru autorul celui mai important volum de versuri din anul editorial 2021\u00a0va fi oferit \u00een cadrul <em>Galei Tinerilor Scriitori<\/em>, edi\u021bia a XII-a. Artistul vizual Mihai Zgondoiu va realiza afi\u015ful \u0219i diplomele <em>Galei Tinerilor Scriitori<\/em>.\u00a0 Gala se va desf\u0103\u015fura \u00een cadrul unui eveniment multiart, \u00een format hibrid, ce \u00eei va avea ca invita\u021bi speciali pe muzicienii din trupa de blues&amp;jazz Mike Godoroja &amp; Blue Spirit. <em>Gala Tinerilor Scriitori<\/em> va fi difuzat\u0103 de c\u0103tre Radio Rom\u00e2nia Cultural (produc\u0103tor: Anamaria Sp\u0103taru).\u00a0Amfitrion: Dan Mircea Cipariu.\u00a0Coproduc\u0103tor: Radio Rom\u00e2nia Cultural.<\/p>\n<p><strong>Editorii \u0219i autorii sunt invita\u021bi s\u0103 trimit\u0103 c\u0103r\u021bi (anul editorial 2021!) pentru jurizare la adresa str. Str\u0103bun\u0103 nr. 26, sector 1, Bucure\u0219ti, cu precizarea <\/strong><strong>\u201ePentru Premiile Gala Tinerilor Scriitori \/ Cartea de Poezie a anului 2021\u2033, p\u00e2n\u0103 miercuri, 22 decembrie 2021, ora 11.00.\u00a0<\/strong><\/p>\n<p>Agen\u0163iadeCarte.ro, partenerul tradi\u0163ional al proiectului, v\u0103 prezint\u0103 Regulamentul\u00a0Premiilor GALA TINERILOR SCRIITORI \/ CARTEA DE POEZIE A ANULUI 2021: <a href=\"http:\/\/www.agentiadecarte.ro\/2021\/12\/regulamentul-celei-de-a-xii-a-editii-a-galei-tinerilor-scriitori\/\">http:\/\/www.agentiadecarte.ro\/2021\/12\/regulamentul-celei-de-a-xii-a-editii-a-galei-tinerilor-scriitori\/<\/a><\/p>\n<p>Laurea\u021bii de p\u00e2n\u0103 acum ai\u00a0\u00a0Premiului Cartea de poezie a anului sunt Ion Mure\u0219an (2011), Ioan Es Pop (2012), Liviu Ioan Stoiciu (2013), Dan Sociu (2014), Octavian Soviany (2015), Teodor Dun\u0103 (2016), Nora Iuga (2017), Dan Coman (2018), Romulus Bucur (2019), Angela Marinescu (2020) \u0219i Ruxandra Novac (2021).<\/p>","protected":false},"excerpt":{"rendered":"<p>Asocia\u0163ia EURO CULTURART anun\u021b\u0103 realizarea programului GALA TINERILOR SCRIITORI \/ CARTEA DE POEZIE A ANULUI 2021 pentru celebrarea celei de-a&#8230;<\/p>","protected":false},"author":8,"featured_media":21147,"comment_status":"closed","ping_status":"closed","sticky":false,"template":"","format":"standard","meta":{"_exactmetrics_skip_tracking":false,"_exactmetrics_sitenote_active":false,"_exactmetrics_sitenote_note":"","_exactmetrics_sitenote_category":0,"footnotes":""},"categories":[9],"tags":[],"class_list":["post-21146","post","type-post","status-publish","format-standard","has-post-thumbnail","hentry","category-evenimente"],"_links":{"self":[{"href":"https:\/\/mnlr.ro\/en\/wp-json\/wp\/v2\/posts\/21146","targetHints":{"allow":["GET"]}}],"collection":[{"href":"https:\/\/mnlr.ro\/en\/wp-json\/wp\/v2\/posts"}],"about":[{"href":"https:\/\/mnlr.ro\/en\/wp-json\/wp\/v2\/types\/post"}],"author":[{"embeddable":true,"href":"https:\/\/mnlr.ro\/en\/wp-json\/wp\/v2\/users\/8"}],"replies":[{"embeddable":true,"href":"https:\/\/mnlr.ro\/en\/wp-json\/wp\/v2\/comments?post=21146"}],"version-history":[{"count":1,"href":"https:\/\/mnlr.ro\/en\/wp-json\/wp\/v2\/posts\/21146\/revisions"}],"predecessor-version":[{"id":21148,"href":"https:\/\/mnlr.ro\/en\/wp-json\/wp\/v2\/posts\/21146\/revisions\/21148"}],"wp:featuredmedia":[{"embeddable":true,"href":"https:\/\/mnlr.ro\/en\/wp-json\/wp\/v2\/media\/21147"}],"wp:attachment":[{"href":"https:\/\/mnlr.ro\/en\/wp-json\/wp\/v2\/media?parent=21146"}],"wp:term":[{"taxonomy":"category","embeddable":true,"href":"https:\/\/mnlr.ro\/en\/wp-json\/wp\/v2\/categories?post=21146"},{"taxonomy":"post_tag","embeddable":true,"href":"https:\/\/mnlr.ro\/en\/wp-json\/wp\/v2\/tags?post=21146"}],"curies":[{"name":"wp","href":"https:\/\/api.w.org\/{rel}","templated":true}]}}