{"id":21175,"date":"2021-12-09T19:00:39","date_gmt":"2021-12-09T17:00:39","guid":{"rendered":"https:\/\/mnlr.ro\/?p=21175"},"modified":"2022-01-08T23:29:41","modified_gmt":"2022-01-08T21:29:41","slug":"mini-cafeneaua-critica-on-line-89-adrian-majuru-si-ion-bogdan-stefanescu","status":"publish","type":"post","link":"https:\/\/mnlr.ro\/en\/mini-cafeneaua-critica-on-line-89-adrian-majuru-si-ion-bogdan-stefanescu\/","title":{"rendered":"\u201emini-Cafeneaua critic\u0103\u201d on-line #89 | Adrian Majuru \u0219i Ion Bogdan Lefter"},"content":{"rendered":"<p>Invitat ast\u0103zi la \u201emini-Cafeneaua critic\u0103\u201d de pandemie este Adrian Majuru, istoric, antropograf \u0219i jurnalist, directorul Muzeului Municipiului Bucure\u0219ti. Amfitrion: Ion Bogdan Lefter.<\/p>\n<p>\u201eAstfel de episoade au tot fost. Ceea ce tr\u0103im noi acum este ca urmare a culoarelor globaliz\u0103rii \u0219i a unui circuit care leag\u0103 \u00eentreaga planet\u0103 de un schimb de m\u0103rfuri, de idei, de oameni, c\u0103l\u0103torii. Schimb\u0103m de la experien\u021b\u0103 de via\u021b\u0103 p\u00e2n\u0103 la gene \u00eentre noi, dac\u0103 vrei. Prin urmare este un traseu inevitabil \u00een omogenizarea acestei planete din punct de vedere uman, social, cultural. Vin la pachet toate. Avantajul este, chiar \u0219i fa\u021b\u0103 de ce a fost acum o sut\u0103 de ani, c\u0103 majoritatea statelor, iar Europa \u00een \u00eentregime se bucur\u0103 practic de aceast\u0103 realitate, au sisteme medicale ca plas\u0103 de siguran\u021b\u0103. Evident \u00een viteze diferite\u2026 \u00cens\u0103 Rom\u00e2nia este \u00eentr-o zon\u0103 de mijloc ca circuit asteroid \u00een ceea ce prive\u0219te preg\u0103tirea \u0219i concrete\u021bea acestei plase de siguran\u021b\u0103. Se putea mai bine dac\u0103 eram mai aten\u021bi\u201d, spune Adrian Majuru.<\/p>\n<p>\u201eOamenii vor dori un orizont de a\u0219teptare foarte clar, un con\u021binut profesional care s\u0103 poat\u0103 fi cuantificabil \u0219i nu vorbe \u00een v\u00e2nt sau promisiuni care s\u0103 nu aib\u0103 o acoperire a faptelor din spatele lor. Oamenii vor dori un r\u0103spuns concret, \u00een c\u00e2teva cuvinte, nu fraze foarte lungi \u0219i nu din fic\u021biune, altfel \u00eei pierzi. Indiferent, de la profesor de liceu la politician demersul trebuie s\u0103 fie \u00een concret \u0219i \u00een imediat. Evident cu un timp de a\u0219teptare care s\u0103 fie nu foarte \u00eendep\u0103rtat\u201d, m\u0103rturise\u0219te Adrian Majuru.<\/p>\n<p>\u201eCafeneaua critic\u0103\u201d este ini\u021biat\u0103 \u0219i realizat\u0103 de criticul Ion Bogdan Lefter, profesor la Facultatea de Litere a Universit\u0103\u021bii din Bucure\u0219ti.<\/p>\n<p>Urm\u0103ri\u021bi \u201emini-Cafeneaua critic\u0103\u201d on-line aici:<\/p>\n<p><iframe loading=\"lazy\" title=\"mini-Cafeneaua critic\u0103 #89 | Adrian Majuru \u0219i Ion Bogdan Lefter\" src=\"https:\/\/player.vimeo.com\/video\/654299660?dnt=1&amp;app_id=122963\" width=\"500\" height=\"281\" frameborder=\"0\" allow=\"autoplay; fullscreen; picture-in-picture; clipboard-write\"><\/iframe><\/p>","protected":false},"excerpt":{"rendered":"<p>Invitat ast\u0103zi la \u201emini-Cafeneaua critic\u0103\u201d de pandemie este Adrian Majuru, istoric, antropograf \u0219i jurnalist, directorul Muzeului Municipiului Bucure\u0219ti. Amfitrion: Ion&#8230;<\/p>","protected":false},"author":11,"featured_media":20493,"comment_status":"closed","ping_status":"closed","sticky":false,"template":"","format":"standard","meta":{"_exactmetrics_skip_tracking":false,"_exactmetrics_sitenote_active":false,"_exactmetrics_sitenote_note":"","_exactmetrics_sitenote_category":0,"footnotes":""},"categories":[24,9,52],"tags":[],"class_list":["post-21175","post","type-post","status-publish","format-standard","has-post-thumbnail","hentry","category-dezbateri-culturale","category-evenimente","category-evenimente-on-line"],"_links":{"self":[{"href":"https:\/\/mnlr.ro\/en\/wp-json\/wp\/v2\/posts\/21175","targetHints":{"allow":["GET"]}}],"collection":[{"href":"https:\/\/mnlr.ro\/en\/wp-json\/wp\/v2\/posts"}],"about":[{"href":"https:\/\/mnlr.ro\/en\/wp-json\/wp\/v2\/types\/post"}],"author":[{"embeddable":true,"href":"https:\/\/mnlr.ro\/en\/wp-json\/wp\/v2\/users\/11"}],"replies":[{"embeddable":true,"href":"https:\/\/mnlr.ro\/en\/wp-json\/wp\/v2\/comments?post=21175"}],"version-history":[{"count":3,"href":"https:\/\/mnlr.ro\/en\/wp-json\/wp\/v2\/posts\/21175\/revisions"}],"predecessor-version":[{"id":21458,"href":"https:\/\/mnlr.ro\/en\/wp-json\/wp\/v2\/posts\/21175\/revisions\/21458"}],"wp:featuredmedia":[{"embeddable":true,"href":"https:\/\/mnlr.ro\/en\/wp-json\/wp\/v2\/media\/20493"}],"wp:attachment":[{"href":"https:\/\/mnlr.ro\/en\/wp-json\/wp\/v2\/media?parent=21175"}],"wp:term":[{"taxonomy":"category","embeddable":true,"href":"https:\/\/mnlr.ro\/en\/wp-json\/wp\/v2\/categories?post=21175"},{"taxonomy":"post_tag","embeddable":true,"href":"https:\/\/mnlr.ro\/en\/wp-json\/wp\/v2\/tags?post=21175"}],"curies":[{"name":"wp","href":"https:\/\/api.w.org\/{rel}","templated":true}]}}