{"id":21210,"date":"2021-12-13T19:00:53","date_gmt":"2021-12-13T17:00:53","guid":{"rendered":"https:\/\/mnlr.ro\/?p=21210"},"modified":"2021-12-13T13:31:24","modified_gmt":"2021-12-13T11:31:24","slug":"mini-cafeneaua-critica-on-line-90-aura-corbeanu-si-ion-bogdan-lefter","status":"publish","type":"post","link":"https:\/\/mnlr.ro\/en\/mini-cafeneaua-critica-on-line-90-aura-corbeanu-si-ion-bogdan-lefter\/","title":{"rendered":"\u201emini-Cafeneaua critic\u0103\u201d on-line #90 | Aura Corbeanu \u0219i Ion Bogdan Lefter"},"content":{"rendered":"<p>Invitata \u201emini-Cafenelei critice\u201d de pandemie este Aura Corbeanu, vicepre\u0219edinte UNITER, membru \u00een Consiliul de Conducere al Institutului Cultural Rom\u00e2n \u0219i profesor universitar doctor la Universitatea de Arte din T\u00e2rgu Mure\u015f. Amfitrion: Ion Bogdan Lefter.<\/p>\n<p>\u201eEste extraordinar c\u0103 reu\u0219im s\u0103 ne \u00eent\u00e2lnim \u0219i a\u0219a, on-line, pentru c\u0103 avem nevoie s\u0103 r\u0103m\u00e2nem \u00een leg\u0103tur\u0103. Avem nevoie s\u0103 ne spunem unii altora c\u0103 facem lucruri, c\u0103 exist\u0103m \u0219i c\u0103 derul\u0103m activit\u0103\u021bi. Chiar dac\u0103 la nivelul nostru, al UNITER (func\u021bion\u0103m de 31 de ani), cred c\u0103 participarea \u0219i integrarea noastr\u0103 automat\u0103 \u00een via\u021ba teatral\u0103, \u0219i nu numai, reprezint\u0103 un scop al \u00eenfiin\u021b\u0103rii institu\u021biei noastre, este important \u00een aceste timpuri, c\u00e2nd totul se desf\u0103\u0219oar\u0103 on-line, s\u0103 ne \u00eent\u00e2lnim la \u00abmini-Cafeneaua critic\u0103\u00bb, pentru c\u0103 avem nevoie s\u0103 ne raportam la lucrurile pe care le facem \u0219i s\u0103 ne g\u00e2ndim \u00eempreun\u0103 cum putem merge mai departe. Ace\u0219ti doi ani de pandemie ne-au marcat existen\u021ba, at\u00e2t a institu\u021biilor \u00een care ne desf\u0103\u0219ur\u0103m activitatea, c\u00e2t \u0219i a vie\u021bii noastre profesionale. \u00cen plus, noi am parcurs \u0219i o etap\u0103 extrem de dureroas\u0103 \u00een aceast\u0103 toamn\u0103 prin dispari\u021bia domnului Ion Caramitru. \u00cenc\u0103 nu ne-am revenit, dar cu toate acestea \u00een memoria lui vrem s\u0103 continu\u0103m proiectele pe care le-a ini\u021biat\u201d, spune Aura Corbeanu.<\/p>\n<p>\u201e\u00cen ace\u0219ti doi ani am \u00eenv\u0103\u021bat s\u0103 ne pre\u021buim mai mult \u0219i ne-am \u00eent\u00e2lnim mai mult dec\u00e2t \u00een anii normali, pentru c\u0103 lua\u021bi cu activit\u0103\u021bile noastre, nu aveam timpul necesar de a ne \u00eent\u00e2lni. \u00cen format on-line, e adev\u0103rat, care nu ne place, dar a fost o solu\u021bie de a ar\u0103ta c\u0103 func\u021bion\u0103m \u00een continuare \u0219i putem s\u0103 ne adres\u0103m unui public \u0219i ne-a f\u0103cut bine, am mai avut timp pentru noi, m\u0103 refer la 2020, evident\u201d, m\u0103rturise\u0219te Aura Corbeanu.<\/p>\n<p>\u201eCafeneaua critic\u0103\u201d este ini\u021biat\u0103 \u0219i realizat\u0103 de criticul Ion Bogdan Lefter, profesor la Facultatea de Litere a Universit\u0103\u021bii din Bucure\u0219ti.<\/p>\n<p>Urm\u0103ri\u021bi mini-Cafeneaua critic\u0103 aici:<\/p>\n<p><iframe loading=\"lazy\" title=\"mini-Cafeneaua critic\u0103 #90 | Aura Corbeanu \u0219i Ion Bogdan Lefter\" src=\"https:\/\/player.vimeo.com\/video\/655714994?dnt=1&amp;app_id=122963\" width=\"500\" height=\"281\" frameborder=\"0\" allow=\"autoplay; fullscreen; picture-in-picture; clipboard-write\"><\/iframe><\/p>","protected":false},"excerpt":{"rendered":"<p>Invitata \u201emini-Cafenelei critice\u201d de pandemie este Aura Corbeanu, vicepre\u0219edinte UNITER, membru \u00een Consiliul de Conducere al Institutului Cultural Rom\u00e2n \u0219i&#8230;<\/p>","protected":false},"author":11,"featured_media":20493,"comment_status":"closed","ping_status":"closed","sticky":false,"template":"","format":"standard","meta":{"_exactmetrics_skip_tracking":false,"_exactmetrics_sitenote_active":false,"_exactmetrics_sitenote_note":"","_exactmetrics_sitenote_category":0,"footnotes":""},"categories":[24,9,52],"tags":[],"class_list":["post-21210","post","type-post","status-publish","format-standard","has-post-thumbnail","hentry","category-dezbateri-culturale","category-evenimente","category-evenimente-on-line"],"_links":{"self":[{"href":"https:\/\/mnlr.ro\/en\/wp-json\/wp\/v2\/posts\/21210","targetHints":{"allow":["GET"]}}],"collection":[{"href":"https:\/\/mnlr.ro\/en\/wp-json\/wp\/v2\/posts"}],"about":[{"href":"https:\/\/mnlr.ro\/en\/wp-json\/wp\/v2\/types\/post"}],"author":[{"embeddable":true,"href":"https:\/\/mnlr.ro\/en\/wp-json\/wp\/v2\/users\/11"}],"replies":[{"embeddable":true,"href":"https:\/\/mnlr.ro\/en\/wp-json\/wp\/v2\/comments?post=21210"}],"version-history":[{"count":1,"href":"https:\/\/mnlr.ro\/en\/wp-json\/wp\/v2\/posts\/21210\/revisions"}],"predecessor-version":[{"id":21211,"href":"https:\/\/mnlr.ro\/en\/wp-json\/wp\/v2\/posts\/21210\/revisions\/21211"}],"wp:featuredmedia":[{"embeddable":true,"href":"https:\/\/mnlr.ro\/en\/wp-json\/wp\/v2\/media\/20493"}],"wp:attachment":[{"href":"https:\/\/mnlr.ro\/en\/wp-json\/wp\/v2\/media?parent=21210"}],"wp:term":[{"taxonomy":"category","embeddable":true,"href":"https:\/\/mnlr.ro\/en\/wp-json\/wp\/v2\/categories?post=21210"},{"taxonomy":"post_tag","embeddable":true,"href":"https:\/\/mnlr.ro\/en\/wp-json\/wp\/v2\/tags?post=21210"}],"curies":[{"name":"wp","href":"https:\/\/api.w.org\/{rel}","templated":true}]}}