{"id":21703,"date":"2022-01-29T15:22:18","date_gmt":"2022-01-29T13:22:18","guid":{"rendered":"https:\/\/mnlr.ro\/?p=21703"},"modified":"2022-02-09T12:57:52","modified_gmt":"2022-02-09T10:57:52","slug":"remember-george-stanca","status":"publish","type":"post","link":"https:\/\/mnlr.ro\/en\/remember-george-stanca\/","title":{"rendered":"Remember George Stanca"},"content":{"rendered":"<p>Muzeul Na\u021bional al Literaturii Rom\u00e2ne v\u0103 invit\u0103 la un eveniment dedicat memoriei poetului \u0219i publicistului George Stanca, vineri, 4 februarie 2022, de la ora 17.00, la sediul din Str. Nicolae Cre\u021bulescu nr. 8. Va fi lansat\u0103 cu aceast\u0103 ocazie \u0219i cartea \u201eGr\u0103dina lui Gheorghe\u201d, Editura Semne, 2022. Particip\u0103 George Mih\u0103i\u021b\u0103, Ducu Bertzi, Mihai Cosmin Popescu, avocat Daniel Iona\u0219cu, criticul literar Nicolae Georgescu, Mirel Curea, Tic Petro\u0219el \u0219i Simona M\u0103ic\u0103nescu. Moderator: Loreta Popa.<\/p>\n<p>\u201eGeorge Stanca s-a n\u0103scut \u00een zodia poeziei, de\u0219i a fost \u0219i muzician, publicist, comentator, c\u0103ut\u0103tor de iluzii, \u00eencrez\u0103tor \u00een oameni \u0219i \u00een destinul acestui popor rom\u00e2n. Nu a fost ferit de provoc\u0103ri, de rivalit\u0103\u021bi \u0219i de r\u0103ut\u0103\u021bi, dar a \u0219tiut s\u0103 le \u00eenfrunte pe toate cu un spirit r\u0103zvr\u0103tit \u0219i \u00eensetat de libertate. Avea darul vorbirii \u00een metafore, comunic\u00e2nd idei cu ajutorul cuvintelor me\u0219te\u0219ugite, pline de miez precum lujerul verde de sev\u0103. Poezia lui \u00eel face vecin cu ve\u0219nicia. Nu mai intereseaz\u0103 pe nimeni zbaterile sale omene\u0219ti, \u00een fa\u021ba for\u021bei unei mo\u0219teniri spirituale perene. George Stanca r\u0103m\u00e2ne pentru mine Poetul, pogor\u00e2t din stirpea celor ale\u0219i \u0219i \u00een\u0103l\u021bat apoi \u00een Arcadia, de unde ne vegheaz\u0103, ne mustr\u0103 din c\u00e2nd \u00een c\u00e2nd \u0219i, \u00een cele din urm\u0103, ne iart\u0103 pe to\u021bi cu maxim\u0103 tandre\u021be\u201d, afirm\u0103 pre\u0219edintele Academiei Rom\u00e2ne, Ioan Aurel Pop, despre George Stanca.<\/p>\n<p>N\u0103scut la 7 mai 1947, la Buftea, George Stanca a fost poet \u0219i publicist. \u00centre 1954-1961 a urmat \u0219coala elementar\u0103 \u00een Giule\u0219ti S\u00e2rbi, cartier aflat la marginea Bucure\u0219tiului, raionul Gheorghe Gheorghiu-Dej. Primele \u00eencerc\u0103ri literare au ap\u0103rut \u00een revistele \u201eCravata ro\u0219ie\u201d, \u201eLumini\u021ba\u201d. A urmat cursurile Liceului Doamna Stanca din Bucure\u0219ti, apoi a absolvit Institutul de Construc\u021bii Bucure\u0219ti, ob\u021bin\u00e2nd diploma de inginer. \u00cen timpul studen\u021biei a fost solistul vocal al forma\u021biei rock Odeon. Cariera literar\u0103 \u0219i artistic\u0103 evolueaz\u0103 \u00een paralel cu cea de inginer. \u00cen 1971 a debutat ca publicist \u00een revista \u201eS\u0103pt\u0103m\u00e2na\u201d lui Eugen Barbu, fiind titular al unei rubrici de muzic\u0103 pop-rock-u\u0219oar\u0103 \u0219i devenind \u201ecomentator muzical\u201d cum \u00eei pl\u0103cea s\u0103 se numeasc\u0103, nu cronicar. A fost colaborator la \u201eContemporanul\u201d, \u201eSc\u00eenteia Tineretului\u201d, redactor la \u201eFlac\u0103ra\u201d, membru fondator al\u0103turi de Adrian P\u0103unescu \u0219i Dorin Tudoran, \u0219ef pagin\u0103 muzical\u0103, secretar muzical al Cenaclului Flac\u0103ra \u0219i reporter. A condus \u0219i realizat pagina de \u201emuzic\u0103 t\u00e2n\u0103r\u0103\u201d, termen statuat de el pentru a evita indica\u021biile cenzurii care numea pop-ul, rock-ul \u0219i folk-ul \u201emuzic\u0103 u\u0219oar\u0103\u201d. \u00cen calitate de secretar muzical de cenaclu, a fost cel care i-a descoperit\/adus pe Mircea Vintil\u0103, Dan Chebac, Adriana Aush, Radu Gheorghe, Mihai Diaconescu alias Anghel Mora \u0219i al\u021bii. Tot la Flac\u0103ra, \u00een paralel, \u0219i-a g\u0103sit \u0219i o preocupare \u201eserioas\u0103\u201d, de care s-a \u00eendr\u0103gostit pe via\u021b\u0103 \u0219i pe care nu a p\u0103r\u0103sit-o niciodat\u0103: reportajul. George Stanca a murit la 4 februarie 2019.<\/p>\n<p>Accesul este liber \u0219i se face prin respectarea restric\u021biilor \u00een vigoare \u0219i printr-un mesaj la adresa programe@mnlr.ro sau la num\u0103rul 0736.598.451 (WhatsApp)<\/p>\n<p>Credit foto: Dan Vatamaniuc<\/p>\n<p>Filmare \u0219i montaj: Alex Ursu<\/p>\n<p><iframe loading=\"lazy\" title=\"Evocare George Stanca_Cretulescu 4 ian 2022.mp4\" src=\"https:\/\/player.vimeo.com\/video\/673953006?h=7154c5049f&amp;dnt=1&amp;app_id=122963\" width=\"500\" height=\"281\" frameborder=\"0\" allow=\"autoplay; fullscreen; picture-in-picture; clipboard-write\"><\/iframe><\/p>","protected":false},"excerpt":{"rendered":"<p>Muzeul Na\u021bional al Literaturii Rom\u00e2ne v\u0103 invit\u0103 la un eveniment dedicat memoriei poetului \u0219i publicistului George Stanca, vineri, 4 februarie&#8230;<\/p>","protected":false},"author":11,"featured_media":21704,"comment_status":"closed","ping_status":"closed","sticky":false,"template":"","format":"standard","meta":{"_exactmetrics_skip_tracking":false,"_exactmetrics_sitenote_active":false,"_exactmetrics_sitenote_note":"","_exactmetrics_sitenote_category":0,"footnotes":""},"categories":[9,21],"tags":[],"class_list":["post-21703","post","type-post","status-publish","format-standard","has-post-thumbnail","hentry","category-evenimente","category-lansari-de-carte"],"_links":{"self":[{"href":"https:\/\/mnlr.ro\/en\/wp-json\/wp\/v2\/posts\/21703","targetHints":{"allow":["GET"]}}],"collection":[{"href":"https:\/\/mnlr.ro\/en\/wp-json\/wp\/v2\/posts"}],"about":[{"href":"https:\/\/mnlr.ro\/en\/wp-json\/wp\/v2\/types\/post"}],"author":[{"embeddable":true,"href":"https:\/\/mnlr.ro\/en\/wp-json\/wp\/v2\/users\/11"}],"replies":[{"embeddable":true,"href":"https:\/\/mnlr.ro\/en\/wp-json\/wp\/v2\/comments?post=21703"}],"version-history":[{"count":3,"href":"https:\/\/mnlr.ro\/en\/wp-json\/wp\/v2\/posts\/21703\/revisions"}],"predecessor-version":[{"id":21848,"href":"https:\/\/mnlr.ro\/en\/wp-json\/wp\/v2\/posts\/21703\/revisions\/21848"}],"wp:featuredmedia":[{"embeddable":true,"href":"https:\/\/mnlr.ro\/en\/wp-json\/wp\/v2\/media\/21704"}],"wp:attachment":[{"href":"https:\/\/mnlr.ro\/en\/wp-json\/wp\/v2\/media?parent=21703"}],"wp:term":[{"taxonomy":"category","embeddable":true,"href":"https:\/\/mnlr.ro\/en\/wp-json\/wp\/v2\/categories?post=21703"},{"taxonomy":"post_tag","embeddable":true,"href":"https:\/\/mnlr.ro\/en\/wp-json\/wp\/v2\/tags?post=21703"}],"curies":[{"name":"wp","href":"https:\/\/api.w.org\/{rel}","templated":true}]}}