{"id":21940,"date":"2022-02-14T19:00:14","date_gmt":"2022-02-14T17:00:14","guid":{"rendered":"https:\/\/mnlr.ro\/?p=21940"},"modified":"2022-02-14T14:34:52","modified_gmt":"2022-02-14T12:34:52","slug":"mini-cafeneaua-critica-on-line-106-iosif-klein-medesan-si-ion-bogdan-lefter","status":"publish","type":"post","link":"https:\/\/mnlr.ro\/en\/mini-cafeneaua-critica-on-line-106-iosif-klein-medesan-si-ion-bogdan-lefter\/","title":{"rendered":"\u201emini-Cafeneaua critic\u0103\u201d on-line  #106 | Iosif Klein-Mede\u0219an \u0219i Ion Bogdan Lefter"},"content":{"rendered":"<p>Invitat la \u201emini-Cafeneaua critic\u0103\u201d on-line este jurnalistul Iosif Klein-Mede\u0219an, fost redactor la Vocea Americii, la BBC \u0219i Europa Liber\u0103. Amfitrion: Ion Bogdan Lefter.<\/p>\n<p>\u201eC\u00e2nd a \u00eenceput pandemia eram \u00een Israel \u00eentr-o vizit\u0103 familial\u0103. Am tot dat telefoane \u00een disperare la TAROM s\u0103 ne putem \u00eentoarce. Am reu\u0219it s\u0103 g\u0103sim locuri la ultimul zbor de dinaintea proclam\u0103rii st\u0103rii de urgen\u021b\u0103. Am ajuns la miezul nop\u021bii \u0219i nu a trebuit s\u0103 intr\u0103m \u00een carantin\u0103. Pandemia ne-a \u00eempins, f\u0103r\u0103 voia noastr\u0103, mai ales pe cei de o anumit\u0103 v\u00e2rst\u0103, spre secolul XXI. Pandemia e teribil\u0103. Eu am sc\u0103pat p\u00e2n\u0103 acum. Sper ca pe ultima turnant\u0103 s\u0103 nu m\u0103 aga\u021be. Foarte mul\u021bi dintre prietenii mei, dar \u0219i din cuno\u0219tin\u021bele mele, rudele mele, au fost lovi\u021bi de-a lungul acestor doi ani. Trebuie s\u0103 o lu\u0103m ca pe o pauz\u0103 oferit\u0103 de natur\u0103. Nu po\u021bi lupta \u00eempotriva naturii, trebuie s\u0103 te adaptezi ei. Pandemia ne-a oferit \u0219ansa de introspec\u021bie, multe \u0219anse pe care altfel le-am fi ratat\u201d, spune Iosif Klein-Mede\u0219an.<\/p>\n<p>\u201eNu se va termina dintr-odat\u0103, brusc. Autorit\u0103\u021bile vor declara pandemia \u00eencheiat\u0103, boala \u00eens\u0103 va r\u0103m\u00e2ne \u00eentre noi. Ne vom p\u0103zi cu acoperirea nasului \u0219i a gurii. Cei care sunt mai expu\u0219i din cauza altor boli se vor p\u0103zi \u00een continuare. Pericolul cel mai, global, care afecteaz\u0103 miliarde de oameni o s\u0103 fie de domeniul trecutului, nu are cum s\u0103 fie altfel. C\u00e2nd o societate este zguduit\u0103 de factori externi, urm\u0103rile se v\u0103d \u00een timp, nu imediat. Nu sunt pesimist, dar nu pot s\u0103 fiu nici sut\u0103 la sut\u0103 optimist\u201d, afirm\u0103 Iosif Klein-Mede\u0219an.<\/p>\n<p>\u201eCafeneaua critic\u0103\u201d este ini\u021biat\u0103 \u0219i realizat\u0103 de criticul Ion Bogdan Lefter, profesor la Facultatea de Litere a Universit\u0103\u021bii din Bucure\u0219ti.<\/p>\n<p>Urm\u0103ri\u021bi mini-Cafeneaua critic\u0103 aici:<\/p>\n<p><iframe loading=\"lazy\" title=\"mini-Cafeneaua critic\u0103 #106 | Iosif Klein-Mede\u0219an \u0219i Ion Bogdan Lefter\" src=\"https:\/\/player.vimeo.com\/video\/676329016?dnt=1&amp;app_id=122963\" width=\"500\" height=\"281\" frameborder=\"0\" allow=\"autoplay; fullscreen; picture-in-picture; clipboard-write\"><\/iframe><\/p>","protected":false},"excerpt":{"rendered":"<p>Invitat la \u201emini-Cafeneaua critic\u0103\u201d on-line este jurnalistul Iosif Klein-Mede\u0219an, fost redactor la Vocea Americii, la BBC \u0219i Europa Liber\u0103. Amfitrion:&#8230;<\/p>","protected":false},"author":11,"featured_media":20493,"comment_status":"closed","ping_status":"closed","sticky":false,"template":"","format":"standard","meta":{"_exactmetrics_skip_tracking":false,"_exactmetrics_sitenote_active":false,"_exactmetrics_sitenote_note":"","_exactmetrics_sitenote_category":0,"footnotes":""},"categories":[24,9,52],"tags":[],"class_list":["post-21940","post","type-post","status-publish","format-standard","has-post-thumbnail","hentry","category-dezbateri-culturale","category-evenimente","category-evenimente-on-line"],"_links":{"self":[{"href":"https:\/\/mnlr.ro\/en\/wp-json\/wp\/v2\/posts\/21940","targetHints":{"allow":["GET"]}}],"collection":[{"href":"https:\/\/mnlr.ro\/en\/wp-json\/wp\/v2\/posts"}],"about":[{"href":"https:\/\/mnlr.ro\/en\/wp-json\/wp\/v2\/types\/post"}],"author":[{"embeddable":true,"href":"https:\/\/mnlr.ro\/en\/wp-json\/wp\/v2\/users\/11"}],"replies":[{"embeddable":true,"href":"https:\/\/mnlr.ro\/en\/wp-json\/wp\/v2\/comments?post=21940"}],"version-history":[{"count":1,"href":"https:\/\/mnlr.ro\/en\/wp-json\/wp\/v2\/posts\/21940\/revisions"}],"predecessor-version":[{"id":21941,"href":"https:\/\/mnlr.ro\/en\/wp-json\/wp\/v2\/posts\/21940\/revisions\/21941"}],"wp:featuredmedia":[{"embeddable":true,"href":"https:\/\/mnlr.ro\/en\/wp-json\/wp\/v2\/media\/20493"}],"wp:attachment":[{"href":"https:\/\/mnlr.ro\/en\/wp-json\/wp\/v2\/media?parent=21940"}],"wp:term":[{"taxonomy":"category","embeddable":true,"href":"https:\/\/mnlr.ro\/en\/wp-json\/wp\/v2\/categories?post=21940"},{"taxonomy":"post_tag","embeddable":true,"href":"https:\/\/mnlr.ro\/en\/wp-json\/wp\/v2\/tags?post=21940"}],"curies":[{"name":"wp","href":"https:\/\/api.w.org\/{rel}","templated":true}]}}