{"id":22248,"date":"2022-02-25T11:09:39","date_gmt":"2022-02-25T09:09:39","guid":{"rendered":"https:\/\/mnlr.ro\/?p=22248"},"modified":"2022-02-25T13:19:42","modified_gmt":"2022-02-25T11:19:42","slug":"personaje-si-prezente-feminine-in-literatura-romana-expozitie-mnlr-in-bucuresti-mall-vitan","status":"publish","type":"post","link":"https:\/\/mnlr.ro\/en\/personaje-si-prezente-feminine-in-literatura-romana-expozitie-mnlr-in-bucuresti-mall-vitan\/","title":{"rendered":"Personaje \u0219i prezen\u021be feminine \u00een literatura rom\u00e2n\u0103 | expozi\u021bie MNLR \u00een Bucure\u0219ti Mall Vitan"},"content":{"rendered":"<p>\u00cen prima jum\u0103tate a lunii martie, Muzeul Na\u021bional al Literaturii Rom\u00e2ne v\u0103 invit\u0103 \u00een Bucure\u0219ti Mall Vitan (Calea Vitan 55-59) s\u0103 face\u021bi cuno\u0219tin\u021b\u0103 cu personajele feminine din literatura rom\u00e2n\u0103, o selec\u021bie de prezen\u021be puternice, fermec\u0103toare, captivante, \u00eenv\u0103luite \u00een mister, ale c\u0103ror portrete sunt realizate de cititori \u00eendr\u0103gosti\u021bi, muzeografi, redactori \u0219i cercet\u0103tori.<\/p>\n<p>\u00cen romanul\u00a0<i>Adela,\u00a0<\/i>Garabet Ibr\u0103ileanu scria c\u0103 femeile \u201eprivesc \u00een sufletul b\u0103rbatului ca \u00eentr-o vitrin\u0103\u201d. Expozi\u021bia v\u0103 propune \u00eent\u00e2lnirea cu personaje feminine precum Ani\u0219oara din nuvela\u00a0<i>C\u00e2ntecul lebedei<\/i>\u00a0de Liviu Rebreanu, Chira Chiralina lui Panait Istrati, Corina din\u00a0<i>Jocul de-a vacan\u021ba\u00a0<\/i>de Mihail Sebastian. Aici se \u00eent\u00e2lnesc Domni\u0219oara Hus \u0219i Domni\u0219oara Ri, imaginate de Ion Barbu \u0219i, respectiv, Matei Vi\u0219niec, misterioasa Doamna T \u0219i Ela, ambele personaje create de Camil Petrescu, Evantia, negresa exotic\u0103 \u0219i frumoas\u0103, \u201ep\u0103pu\u0219a de \u0219ocolat\u0103\u201d din romanul\u00a0<i>Europolis<\/i>\u00a0al lui Jean Bart. Reg\u0103sim fragilitatea aparent\u0103 a Irinei din\u00a0<i>Matca\u00a0<\/i>lui Marin Sorescu, \u00eencheind periplul nostru cu \u201eprima femeie capitalist \u00een literatura noastr\u0103\u201d, a\u0219a cum Nicolae Manolescu o definea pe Mara, personajul creat de Ioan Slavici.<\/p>\n<p>V\u0103 invit\u0103m s\u0103 le cunoa\u0219te\u021bi, s\u0103 le afla\u021bi modul autentic de a g\u00e2ndi, crezurile, visele \u0219i felul \u00een care acestea se raporteaz\u0103 la lume \u0219i la epoca \u00een care scriitorii le-au imaginat.<\/p>\n<p>Echipa proiectului<\/p>\n<p>Rela\u021bii Publice: Andreea Balaban, Gabriela Mare\u0219<br \/>\nPatrimoniu: Daniela B\u0103bu, Zamfir B\u0103lan, Diana Iancu-Albu, Andra Ispas, Eugenia Oprescu, Mihaela Stanciu, Anni Udrea<br \/>\nPrograme: Radu B\u0103ie\u0219u, Oana Oros, Loreta Popa<br \/>\nRedactor: Olimpia Novicov<br \/>\nCrea\u021bie grafic\u0103: Antoanella B\u0103nciulescu<br \/>\nMultimedia: Alex Ursu, Dan Vatamaniuc<br \/>\nCoordonator: Gabriela Toma<\/p>\n<p>Expozi\u021bia poate fi vizitat\u0103 de luni p\u00e2n\u0103 duminic\u0103, \u00een Bucure\u0219ti Mall Vitan. Pentru mai multe informa\u021bii, v\u0103 rog s\u0103 scrie\u021bi la <a href=\"mailto:programe@mnlr.ro\">programe@mnlr.ro<\/a>, tel. 0736.598.451.<\/p>","protected":false},"excerpt":{"rendered":"<p>\u00cen prima jum\u0103tate a lunii martie, Muzeul Na\u021bional al Literaturii Rom\u00e2ne v\u0103 invit\u0103 \u00een Bucure\u0219ti Mall Vitan (Calea Vitan 55-59)&#8230;<\/p>","protected":false},"author":8,"featured_media":22249,"comment_status":"closed","ping_status":"closed","sticky":false,"template":"","format":"standard","meta":{"_exactmetrics_skip_tracking":false,"_exactmetrics_sitenote_active":false,"_exactmetrics_sitenote_note":"","_exactmetrics_sitenote_category":0,"footnotes":""},"categories":[9],"tags":[],"class_list":["post-22248","post","type-post","status-publish","format-standard","has-post-thumbnail","hentry","category-evenimente"],"_links":{"self":[{"href":"https:\/\/mnlr.ro\/en\/wp-json\/wp\/v2\/posts\/22248","targetHints":{"allow":["GET"]}}],"collection":[{"href":"https:\/\/mnlr.ro\/en\/wp-json\/wp\/v2\/posts"}],"about":[{"href":"https:\/\/mnlr.ro\/en\/wp-json\/wp\/v2\/types\/post"}],"author":[{"embeddable":true,"href":"https:\/\/mnlr.ro\/en\/wp-json\/wp\/v2\/users\/8"}],"replies":[{"embeddable":true,"href":"https:\/\/mnlr.ro\/en\/wp-json\/wp\/v2\/comments?post=22248"}],"version-history":[{"count":6,"href":"https:\/\/mnlr.ro\/en\/wp-json\/wp\/v2\/posts\/22248\/revisions"}],"predecessor-version":[{"id":22258,"href":"https:\/\/mnlr.ro\/en\/wp-json\/wp\/v2\/posts\/22248\/revisions\/22258"}],"wp:featuredmedia":[{"embeddable":true,"href":"https:\/\/mnlr.ro\/en\/wp-json\/wp\/v2\/media\/22249"}],"wp:attachment":[{"href":"https:\/\/mnlr.ro\/en\/wp-json\/wp\/v2\/media?parent=22248"}],"wp:term":[{"taxonomy":"category","embeddable":true,"href":"https:\/\/mnlr.ro\/en\/wp-json\/wp\/v2\/categories?post=22248"},{"taxonomy":"post_tag","embeddable":true,"href":"https:\/\/mnlr.ro\/en\/wp-json\/wp\/v2\/tags?post=22248"}],"curies":[{"name":"wp","href":"https:\/\/api.w.org\/{rel}","templated":true}]}}