{"id":22277,"date":"2022-02-27T17:12:52","date_gmt":"2022-02-27T15:12:52","guid":{"rendered":"https:\/\/mnlr.ro\/?p=22277"},"modified":"2022-02-27T17:12:52","modified_gmt":"2022-02-27T15:12:52","slug":"mnlr-se-alatura-campaniei-radio-romania-cultural-ruga-pentru-pace","status":"publish","type":"post","link":"https:\/\/mnlr.ro\/en\/mnlr-se-alatura-campaniei-radio-romania-cultural-ruga-pentru-pace\/","title":{"rendered":"MNLR se al\u0103tur\u0103 campaniei Radio Rom\u00e2nia Cultural &#8211; ,,Rug\u0103 pentru Pace!\u201d"},"content":{"rendered":"<p>Numeroase teatre \u0219i institu\u021bii culturale din \u00eentreaga \u021bar\u0103 se al\u0103tur\u0103 campaniei Radio Rom\u00e2nia Cultural \u2013 RUG\u0102 PENTRU PACE \u2013 prin difuzarea unui fragment literar cu un mare impact emo\u021bional, \u00een lectura poetei Ana Blandiana, prin care postul public de radio face un un apel la solidaritate, empatie si compasiune fa\u021b\u0103 de tragedia r\u0103zboiului din Ucraina.<\/p>\n<p>S\u00e2mb\u0103t\u0103, 5 martie, la ora 19,00, toate institu\u021biile de cultur\u0103 care se al\u0103tur\u0103 campaniei vor difuza, simultan cu Radio Rom\u00e2nia Cultural, \u00eenregistrarea Anei Blandiana care cite\u0219te un scurt fragment din prefa\u021ba c\u0103r\u021bii \u201eUltimii martori\u201d a scriitoarei n\u0103scut\u0103 \u00een Ucraina, c\u00e2\u0219tig\u0103toare a premiului Nobel pentru literatur\u0103, Svetlana Aleksievici: C\u00e2ndva Dostoievski a pus \u00eentrebarea: ,,Exist\u0103 oare vreo justificare a p\u0103cii, a fericirii noastre \u0219i chiar a armoniei eterne, dac\u0103 \u00een numele lor, pentru un fundament mai solid, se va v\u0103rsa fie \u0219i cea mai mic\u0103 lacrim\u0103 a unui copil nevinovat?\u201d \u0218i a r\u0103spuns tot el: ,,Lacrima aceasta nu justific\u0103 nici un progres, nici o revolu\u021bie. Nici un r\u0103zboi. Ea mereu va c\u00e2nt\u0103ri mai mult. Doar o mic\u0103 lacrim\u0103\u2026\u201d.<\/p>\n<p>Campania na\u021bional\u0103 lansat\u0103 pe 5 martie, la ora 19.00, va continua onair prin lecturi ale unor scriitori rom\u00e2ni \u0219i str\u0103ini, membri ai Pen Club Rom\u00e2nia \u0219i Pen Club Interna\u021bional, care a cerut, \u00eentr-un comunicat, oprirea violen\u021belor din Ucraina. PEN International condamn\u0103 ferm violen\u021ba declan\u0219at\u0103 de for\u021bele ruse asupra Ucrainei \u0219i solicit\u0103 de urgen\u021b\u0103 \u00eencetarea agresiunii militare a unui stat suveran, independent. V\u0103rsarea de s\u00e2nge trebuie s\u0103 \u00eenceteze acum. Suntem al\u0103turi de Ucraina, precum \u0219i de prietenii no\u0219tri din PEN Ucraina, \u0219i \u00eei cerem pre\u0219edintelui Putin s\u0103 opreasc\u0103 imediat acest r\u0103zboi. Pacea trebuie s\u0103 \u00eenving\u0103.<\/p>\n<p>Campania Radio Rom\u00e2nia Cultural RUG\u0102 PENTRU PACE se desf\u0103\u0219oar\u0103 cu sprijinul Editurii Litera.<\/p>\n<p>&nbsp;<\/p>","protected":false},"excerpt":{"rendered":"<p>Numeroase teatre \u0219i institu\u021bii culturale din \u00eentreaga \u021bar\u0103 se al\u0103tur\u0103 campaniei Radio Rom\u00e2nia Cultural \u2013 RUG\u0102 PENTRU PACE \u2013 prin&#8230;<\/p>","protected":false},"author":8,"featured_media":22278,"comment_status":"closed","ping_status":"closed","sticky":false,"template":"","format":"standard","meta":{"_exactmetrics_skip_tracking":false,"_exactmetrics_sitenote_active":false,"_exactmetrics_sitenote_note":"","_exactmetrics_sitenote_category":0,"footnotes":""},"categories":[9],"tags":[],"class_list":["post-22277","post","type-post","status-publish","format-standard","has-post-thumbnail","hentry","category-evenimente"],"_links":{"self":[{"href":"https:\/\/mnlr.ro\/en\/wp-json\/wp\/v2\/posts\/22277","targetHints":{"allow":["GET"]}}],"collection":[{"href":"https:\/\/mnlr.ro\/en\/wp-json\/wp\/v2\/posts"}],"about":[{"href":"https:\/\/mnlr.ro\/en\/wp-json\/wp\/v2\/types\/post"}],"author":[{"embeddable":true,"href":"https:\/\/mnlr.ro\/en\/wp-json\/wp\/v2\/users\/8"}],"replies":[{"embeddable":true,"href":"https:\/\/mnlr.ro\/en\/wp-json\/wp\/v2\/comments?post=22277"}],"version-history":[{"count":1,"href":"https:\/\/mnlr.ro\/en\/wp-json\/wp\/v2\/posts\/22277\/revisions"}],"predecessor-version":[{"id":22279,"href":"https:\/\/mnlr.ro\/en\/wp-json\/wp\/v2\/posts\/22277\/revisions\/22279"}],"wp:featuredmedia":[{"embeddable":true,"href":"https:\/\/mnlr.ro\/en\/wp-json\/wp\/v2\/media\/22278"}],"wp:attachment":[{"href":"https:\/\/mnlr.ro\/en\/wp-json\/wp\/v2\/media?parent=22277"}],"wp:term":[{"taxonomy":"category","embeddable":true,"href":"https:\/\/mnlr.ro\/en\/wp-json\/wp\/v2\/categories?post=22277"},{"taxonomy":"post_tag","embeddable":true,"href":"https:\/\/mnlr.ro\/en\/wp-json\/wp\/v2\/tags?post=22277"}],"curies":[{"name":"wp","href":"https:\/\/api.w.org\/{rel}","templated":true}]}}