{"id":22284,"date":"2022-02-28T14:45:43","date_gmt":"2022-02-28T12:45:43","guid":{"rendered":"https:\/\/mnlr.ro\/?p=22284"},"modified":"2022-02-28T14:45:43","modified_gmt":"2022-02-28T12:45:43","slug":"ziua-internationala-a-scriitorilor-dezbatere-scriitorii-impotriva-razboiului","status":"publish","type":"post","link":"https:\/\/mnlr.ro\/en\/ziua-internationala-a-scriitorilor-dezbatere-scriitorii-impotriva-razboiului\/","title":{"rendered":"Ziua Interna\u021bional\u0103 a Scriitorilor | Dezbatere | Scriitorii \u00eempotriva r\u0103zboiului"},"content":{"rendered":"<p>Muzeul Na\u021bional al Literaturii Rom\u00e2ne \u00eempreun\u0103 cu PEN Club Rom\u00e2nia v\u0103 invit\u0103 la o dezbatere cu ocazia Zilei Interna\u021bionale a Scriitorilor, joi, 3 martie 2022, de la ora 17.30, la sediul din Str. Nicolae Cre\u021bulescu nr. 8.<\/p>\n<p>Invita\u021bi: Bogdan Ghiu, scriitor, traduc\u0103tor, membru PEN Club Romania; Alina Purcaru, scriitoare, jurnalist\u0103, membr\u0103 PEN Club Rom\u00e2nia; Paula Erizanu, scriitoare, editoare (online de la Londra). Moderatoare: Miruna Vlada, scriitoare, membr\u0103 PEN Club Rom\u00e2nia.<\/p>\n<p>Pentru a marca Ziua Interna\u021bional\u0103 a Scriitorilor nu este un subiect mai important \u00een aceste zile dec\u00e2t reac\u021biile de solidaritate, mesajele pacifiste \u0219i opozi\u021bia ferm\u0103 \u00eempotriva r\u0103zboiului ale scriitorilor din \u00eentreaga lume. Suntem \u00een mijlocul unui r\u0103zboi violent \u0219i nea\u0219teptat \u00een Europa ini\u021biat pe 24 februarie de Federa\u021bia Rus\u0103 ce a atacat militar Ucraina. Scriitorii \u0219i arti\u0219tii de pe tot globul au reac\u021bionat rapid pentru a condamna acest r\u0103zboi ce risc\u0103 s\u0103 produc\u0103 o \u201enou\u0103 cortin\u0103 de fier\u201d \u00eentre Rusia \u015fi Occident, dar \u0219i s\u0103 duc\u0103 la fragmentarea teritorial\u0103 a Ucrainei. Ce pot face scriitorii pentru a opri trasarea unei noi Cortine de Fier \u00een Europa \u0219i a evita un conflict de propor\u021bii?<\/p>\n<p>Scriitorul Andrei Kurkov, pre\u0219edintele PEN Ucraina, a declarat: \u201eFac un apel c\u0103tre to\u021bi oamenii liberi de pe planet\u0103 \u2013 face\u021bi tot posibilul pentru a proteja libertatea \u0219i independen\u021ba Ucrainei. Nu poate exista o Europ\u0103 liber\u0103 \u0219i sigur\u0103 f\u0103r\u0103 o Ucrain\u0103 liber\u0103 \u0219i independent\u0103!\u201d<\/p>\n<p>\u00cenc\u0103 din 24 februarie PEN Club Rom\u00e2nia a reac\u021bionat cu o scrisoare public\u0103 de solidarizare c\u0103tre PEN Club Ucraina pe care dorim s\u0103 o discut\u0103m \u00een cadrul \u00eent\u00e2lnirii, al\u0103turi de alte ac\u021biuni ferme ale scriitorilor ru\u0219i ce condamn\u0103 ac\u021biunea propriului lider \u0219i a arti\u0219tilor din \u00eentreaga lume care se opun violen\u021bei. Invita\u021bii la dezbatere sunt scriitori care au urm\u0103rit cu aten\u021bie \u00een ultimele zile lu\u0103rile de pozi\u021bie ale scriitorilor din Fran\u021ba, Rusia, Ucraina \u0219i pozi\u021biile scriitorilor rom\u00e2ni. \u00cen aceste condi\u021bii dificile dorim s\u0103 discut\u0103m care mai este rolul scriitorului \u00een societatea actual\u0103 \u0219i ce putere are mesajul lor de pace pentru a schimba cursul evenimentelor.<\/p>\n<p>Evenimentul este organizat \u00een format hibrid, respect\u00e2nd regulile de distan\u021bare \u00een vigoare.<\/p>\n<p>Participarea la eveniment se face prin rezervarea unui loc la adresa programe@mnlr.ro, la telefon 0736.598.451 (WhatsApp, Gabriela Toma), prin prezentarea, la sosire, a certificatului verde \u0219i purtarea m\u0103\u0219tii.<\/p>","protected":false},"excerpt":{"rendered":"<p>Muzeul Na\u021bional al Literaturii Rom\u00e2ne \u00eempreun\u0103 cu PEN Club Rom\u00e2nia v\u0103 invit\u0103 la o dezbatere cu ocazia Zilei Interna\u021bionale a&#8230;<\/p>","protected":false},"author":11,"featured_media":22285,"comment_status":"closed","ping_status":"closed","sticky":false,"template":"","format":"standard","meta":{"_exactmetrics_skip_tracking":false,"_exactmetrics_sitenote_active":false,"_exactmetrics_sitenote_note":"","_exactmetrics_sitenote_category":0,"footnotes":""},"categories":[24,9],"tags":[],"class_list":["post-22284","post","type-post","status-publish","format-standard","has-post-thumbnail","hentry","category-dezbateri-culturale","category-evenimente"],"_links":{"self":[{"href":"https:\/\/mnlr.ro\/en\/wp-json\/wp\/v2\/posts\/22284","targetHints":{"allow":["GET"]}}],"collection":[{"href":"https:\/\/mnlr.ro\/en\/wp-json\/wp\/v2\/posts"}],"about":[{"href":"https:\/\/mnlr.ro\/en\/wp-json\/wp\/v2\/types\/post"}],"author":[{"embeddable":true,"href":"https:\/\/mnlr.ro\/en\/wp-json\/wp\/v2\/users\/11"}],"replies":[{"embeddable":true,"href":"https:\/\/mnlr.ro\/en\/wp-json\/wp\/v2\/comments?post=22284"}],"version-history":[{"count":1,"href":"https:\/\/mnlr.ro\/en\/wp-json\/wp\/v2\/posts\/22284\/revisions"}],"predecessor-version":[{"id":22286,"href":"https:\/\/mnlr.ro\/en\/wp-json\/wp\/v2\/posts\/22284\/revisions\/22286"}],"wp:featuredmedia":[{"embeddable":true,"href":"https:\/\/mnlr.ro\/en\/wp-json\/wp\/v2\/media\/22285"}],"wp:attachment":[{"href":"https:\/\/mnlr.ro\/en\/wp-json\/wp\/v2\/media?parent=22284"}],"wp:term":[{"taxonomy":"category","embeddable":true,"href":"https:\/\/mnlr.ro\/en\/wp-json\/wp\/v2\/categories?post=22284"},{"taxonomy":"post_tag","embeddable":true,"href":"https:\/\/mnlr.ro\/en\/wp-json\/wp\/v2\/tags?post=22284"}],"curies":[{"name":"wp","href":"https:\/\/api.w.org\/{rel}","templated":true}]}}