{"id":22462,"date":"2022-03-15T13:27:39","date_gmt":"2022-03-15T11:27:39","guid":{"rendered":"https:\/\/mnlr.ro\/?p=22462"},"modified":"2022-03-16T14:27:04","modified_gmt":"2022-03-16T12:27:04","slug":"expozitia-genica-athanasiou-partenera-si-muza-a-lui-antonin-artaud","status":"publish","type":"post","link":"https:\/\/mnlr.ro\/en\/expozitia-genica-athanasiou-partenera-si-muza-a-lui-antonin-artaud\/","title":{"rendered":"Expozi\u021bia \u201eG\u00e9nica Athanasiou \u2013 partener\u0103 \u0219i muz\u0103 a lui Antonin Artaud\u201d"},"content":{"rendered":"<p>\u00cen contextul <em>Zilei Interna\u021bionale a Francofoniei<\/em>, Muzeul Na\u021bional al Literaturii Rom\u00e2ne reia un proiect important dedicat artistei G\u00e9nica Athanasiou de la a c\u0103rei na\u0219tere s-au \u00eemplinit, anul acesta, 125 de ani. De origine rom\u00e2n\u0103, cu o carier\u0103 de aproape 40 de ani \u00een lumea scenei \u0219i a filmului francez, partener\u0103 \u0219i muz\u0103 a lui Antonin Artaud \u0219i, mai t\u00e2rziu, a cineastului Jean Gr\u00e9millon, G\u00e9nica frecventeaz\u0103 acelea\u0219i cercuri cu marile nume ale avangardei pariziene. Parcursul ei este revelator pentru o ampl\u0103 mi\u0219care ce leag\u0103 cultural Rom\u00e2nia de Fran\u021ba at\u00e2t \u00een planul crea\u021biei literare, c\u00e2t \u0219i \u00een cel al artei scenice.<\/p>\n<p>Expozi\u021bia\u00a0<em>G\u00e9nica Athanasiou \u2013 partener\u0103 \u0219i muz\u0103 a lui Antonin Artaud<\/em>, curatoriat\u0103 de Laurence Meiffret, medievist, istoric de art\u0103 \u0219i cercet\u0103tor francez, a fost organizat\u0103 pentru prima dat\u0103 de MNLR, \u00a0\u00een 2019, \u00een cadrul Sezonului Rom\u00e2nia-Fran\u021ba, iar din <strong>15 martie p\u00e2n\u0103 \u00een 2 aprilie 2022<\/strong> va putea fi admirat\u0103 la sediul muzeului din Calea Grivi\u021bei 64-66, de mar\u021bi p\u00e2n\u0103 duminic\u0103, \u00een intervalul 10.00 \u2013 18.00.<\/p>\n<p><strong>Expozi\u021bia, realizat\u0103 \u00een parteneriat cu Biblioteca Central\u0103 Universitar\u0103 <em>Carol I<\/em>, Institutul Francez din Rom\u00e2nia \u0219i Mutuelle National des Artists (Paris), va fi vernisat\u0103 \u00een data de 17 martie 2022, de la ora 17.00, \u00een prezen\u021ba doamnei Mireille R\u0103doi, Director General al Bibliotecii Centrale Universitare\u00a0<em>Carol I<\/em><em>, \u0219i a domnului Ioan Cristescu, Directorul General al MNLR.<\/em><\/strong><\/p>\n<p>Personalitate uitat\u0103 \u00een Fran\u021ba \u0219i \u00eenc\u0103 mai pu\u021bin cunoscut\u0103 \u00een Rom\u00e2nia, \u021bara ei de origine, G\u00e9nica Athanasiou, pe numele ei adev\u0103rat Eugenia T\u0103nase, nu supravie\u021buie\u0219te ast\u0103zi dec\u00e2t prin scrisorile de dragoste pe care i le-a trimis Antonin Artaud, \u00een perioada 1922-1927, celebrele <em>Lettres \u00e0 G\u00e9nica<\/em>. Redus\u0103 la imaginea unei femei care a fost iubit\u0103 pasional, artista a disp\u0103rut \u00een spatele cuvintelor poetului, la fel cum a disp\u0103rut \u0219i \u00een spatele unor portrete ridicate la rang de simbol \u2013 \u00een special cele ale lui Man Ray \u0219i Philippe Halsman, pe care le admir\u0103m f\u0103r\u0103 a putea s\u0103 asociem un nume acestui chip extraordinar de sculptural. Toat\u0103 via\u021ba, G\u00e9nica Athanasiou pare s\u0103 se fi ascuns \u00een umbra cuvintelor altora, \u00eens\u0103 o carier\u0103 de patruzeci de ani pe scen\u0103 nu poate fi redus\u0103 la rolul de muz\u0103 pentru parteneri, fie ei Antonin Artaud sau Jean Gr\u00e9millon.<\/p>","protected":false},"excerpt":{"rendered":"<p>\u00cen contextul Zilei Interna\u021bionale a Francofoniei, Muzeul Na\u021bional al Literaturii Rom\u00e2ne reia un proiect important dedicat artistei G\u00e9nica Athanasiou de&#8230;<\/p>","protected":false},"author":8,"featured_media":22476,"comment_status":"closed","ping_status":"closed","sticky":false,"template":"","format":"standard","meta":{"_exactmetrics_skip_tracking":false,"_exactmetrics_sitenote_active":false,"_exactmetrics_sitenote_note":"","_exactmetrics_sitenote_category":0,"footnotes":""},"categories":[9],"tags":[],"class_list":["post-22462","post","type-post","status-publish","format-standard","has-post-thumbnail","hentry","category-evenimente"],"_links":{"self":[{"href":"https:\/\/mnlr.ro\/en\/wp-json\/wp\/v2\/posts\/22462","targetHints":{"allow":["GET"]}}],"collection":[{"href":"https:\/\/mnlr.ro\/en\/wp-json\/wp\/v2\/posts"}],"about":[{"href":"https:\/\/mnlr.ro\/en\/wp-json\/wp\/v2\/types\/post"}],"author":[{"embeddable":true,"href":"https:\/\/mnlr.ro\/en\/wp-json\/wp\/v2\/users\/8"}],"replies":[{"embeddable":true,"href":"https:\/\/mnlr.ro\/en\/wp-json\/wp\/v2\/comments?post=22462"}],"version-history":[{"count":1,"href":"https:\/\/mnlr.ro\/en\/wp-json\/wp\/v2\/posts\/22462\/revisions"}],"predecessor-version":[{"id":22464,"href":"https:\/\/mnlr.ro\/en\/wp-json\/wp\/v2\/posts\/22462\/revisions\/22464"}],"wp:featuredmedia":[{"embeddable":true,"href":"https:\/\/mnlr.ro\/en\/wp-json\/wp\/v2\/media\/22476"}],"wp:attachment":[{"href":"https:\/\/mnlr.ro\/en\/wp-json\/wp\/v2\/media?parent=22462"}],"wp:term":[{"taxonomy":"category","embeddable":true,"href":"https:\/\/mnlr.ro\/en\/wp-json\/wp\/v2\/categories?post=22462"},{"taxonomy":"post_tag","embeddable":true,"href":"https:\/\/mnlr.ro\/en\/wp-json\/wp\/v2\/tags?post=22462"}],"curies":[{"name":"wp","href":"https:\/\/api.w.org\/{rel}","templated":true}]}}