{"id":22596,"date":"2022-03-25T23:55:45","date_gmt":"2022-03-25T21:55:45","guid":{"rendered":"https:\/\/mnlr.ro\/?p=22596"},"modified":"2022-03-26T18:27:50","modified_gmt":"2022-03-26T16:27:50","slug":"calin-andrei-mihailescu-traian-ungureanu-si-dumitru-radu-popa-dezbatere-despre-razboiul-din-ucraina","status":"publish","type":"post","link":"https:\/\/mnlr.ro\/en\/calin-andrei-mihailescu-traian-ungureanu-si-dumitru-radu-popa-dezbatere-despre-razboiul-din-ucraina\/","title":{"rendered":"C\u0103lin-Andrei Mih\u0103ilescu, Traian Ungureanu \u0219i Dumitru Radu Popa | Dezbatere despre r\u0103zboiul din Ucraina"},"content":{"rendered":"<p>\u00cen aceast\u0103 sear\u0103, v\u0103 invit\u0103m s\u0103 urm\u0103ri\u021bi o discu\u021bie \u00eentre profesorul \u0219i filosoful C\u0103lin-Andrei Mih\u0103ilescu, jurnalistul \u0219i g\u00e2nditorul politic Traian Ungureanu \u0219i scriitorul Dumitru Radu Popa despre r\u0103zboiul din Ucraina. Ce se \u00eent\u00e2mpl\u0103, de fapt, \u00een Ucraina \u0219i, mai ales, de ce se \u00eent\u00e2mpl\u0103? Care sunt reac\u021biile, \u00een special cele de tip occidental, care sunt lipsele de m\u0103sur\u0103 \u00eentre discursul occidental \u0219i cel al Moscovei, culmin\u00e2nd cu dezastrul din Ucraina? \u00a0Ideea acestei sesiuni este de a discuta aspectele factual \u0219i teoretic, o \u00eencercare de a g\u0103si un cadru conceptual \u00een care tot haosul din jur s\u0103 capete un sens.<\/p>\n<p><iframe loading=\"lazy\" title=\"C\u0103lin-Andrei Mih\u0103ilescu, Traian Ungureanu \u0219i Dumitru Radu Popa | Dezbatere despre r\u0103zboiul din Ucraina\" src=\"https:\/\/player.vimeo.com\/video\/692513217?dnt=1&amp;app_id=122963\" width=\"500\" height=\"375\" frameborder=\"0\" allow=\"autoplay; fullscreen; picture-in-picture; clipboard-write\"><\/iframe><\/p>","protected":false},"excerpt":{"rendered":"<p>\u00cen aceast\u0103 sear\u0103, v\u0103 invit\u0103m s\u0103 urm\u0103ri\u021bi o discu\u021bie \u00eentre profesorul \u0219i filosoful C\u0103lin-Andrei Mih\u0103ilescu, jurnalistul \u0219i g\u00e2nditorul politic Traian&#8230;<\/p>","protected":false},"author":8,"featured_media":22597,"comment_status":"closed","ping_status":"closed","sticky":false,"template":"","format":"standard","meta":{"_exactmetrics_skip_tracking":false,"_exactmetrics_sitenote_active":false,"_exactmetrics_sitenote_note":"","_exactmetrics_sitenote_category":0,"footnotes":""},"categories":[9,52],"tags":[],"class_list":["post-22596","post","type-post","status-publish","format-standard","has-post-thumbnail","hentry","category-evenimente","category-evenimente-on-line"],"_links":{"self":[{"href":"https:\/\/mnlr.ro\/en\/wp-json\/wp\/v2\/posts\/22596","targetHints":{"allow":["GET"]}}],"collection":[{"href":"https:\/\/mnlr.ro\/en\/wp-json\/wp\/v2\/posts"}],"about":[{"href":"https:\/\/mnlr.ro\/en\/wp-json\/wp\/v2\/types\/post"}],"author":[{"embeddable":true,"href":"https:\/\/mnlr.ro\/en\/wp-json\/wp\/v2\/users\/8"}],"replies":[{"embeddable":true,"href":"https:\/\/mnlr.ro\/en\/wp-json\/wp\/v2\/comments?post=22596"}],"version-history":[{"count":1,"href":"https:\/\/mnlr.ro\/en\/wp-json\/wp\/v2\/posts\/22596\/revisions"}],"predecessor-version":[{"id":22598,"href":"https:\/\/mnlr.ro\/en\/wp-json\/wp\/v2\/posts\/22596\/revisions\/22598"}],"wp:featuredmedia":[{"embeddable":true,"href":"https:\/\/mnlr.ro\/en\/wp-json\/wp\/v2\/media\/22597"}],"wp:attachment":[{"href":"https:\/\/mnlr.ro\/en\/wp-json\/wp\/v2\/media?parent=22596"}],"wp:term":[{"taxonomy":"category","embeddable":true,"href":"https:\/\/mnlr.ro\/en\/wp-json\/wp\/v2\/categories?post=22596"},{"taxonomy":"post_tag","embeddable":true,"href":"https:\/\/mnlr.ro\/en\/wp-json\/wp\/v2\/tags?post=22596"}],"curies":[{"name":"wp","href":"https:\/\/api.w.org\/{rel}","templated":true}]}}