{"id":22971,"date":"2022-04-27T10:59:48","date_gmt":"2022-04-27T07:59:48","guid":{"rendered":"https:\/\/mnlr.ro\/?p=22971"},"modified":"2022-04-27T11:46:05","modified_gmt":"2022-04-27T08:46:05","slug":"genocidul-armean-reflectat-in-literatura","status":"publish","type":"post","link":"https:\/\/mnlr.ro\/en\/genocidul-armean-reflectat-in-literatura\/","title":{"rendered":"Genocidul armean reflectat \u00een literatur\u0103"},"content":{"rendered":"<p>Muzeul Na\u021bional al Literaturii Rom\u00e2ne, Uniunea Armenilor din Rom\u00e2nia \u0219i Uniunea Scriitorilor din Rom\u00e2nia \u0219i v\u0103 invit\u0103 miercuri, 27 aprilie 2022, de la ora 17.00 la sediul MNLR din Str. Nicolae Cre\u021bulescu 8, la evenimentul intitulat \u201eGenocidul armean reflectat \u00een literatur\u0103\u201d.<\/p>\n<p>24 aprilie este ziua comemor\u0103rii Genocidului armean. \u00cen acea zi a anului 1915, c\u00e2teva sute de intelectuali armeni au fost aresta\u021bi \u0219i cei mai mul\u021bi dintre ei au fost uci\u0219i. Tot atunci popula\u021bia armean\u0103 din Imperiul Otoman a fost deportat\u0103 \u00een de\u0219erturile Mesopotamiei unde foamea, frigul \u0219i epidemiile au f\u0103cut peste un milion \u0219i jum\u0103tate de victime. O civiliza\u021bie trimilenar\u0103 a \u00eencetat s\u0103 mai existe \u00een Anatolia, \u021binutul s\u0103u de ba\u0219tin\u0103.<\/p>\n<p>Evenimentul din 27 aprilie 2022 omagiaz\u0103 memoria victimelor, evoc\u0103 paginile de literatur\u0103 care reflect\u0103 aceast\u0103 tragedie care nu este doar a poporului armean, ci a \u00eentregii umanit\u0103\u021bi \u0219i prezint\u0103 versuri din crea\u021bia marilor poe\u021bi uci\u0219i atunci \u2013 Daniel Varujan \u0219i Siamanto.<\/p>\n<p>Vor lua cuv\u00e2ntul Excelen\u021ba Sa, domnul Sergey Minasyan, ambasadorul Republicii Armenia \u00een Rom\u00e2nia, istoricul Sorin Antohi, care va sus\u021bine prelegerea \u201eO perspectiv\u0103 istoric\u0103 a Genocidului armean\u201d, urmat\u0103 de o serie de prezent\u0103ri sub tema \u201eGenocidul armean \u00een literatura rom\u00e2n\u0103 \u0219i \u00een literatura lumii\u201d la care vor participa Paul Cernat, R\u0103zvan Voncu \u0219i Varujan Vosganian, iar la finalul \u00eent\u00e2lnirii, actorii Armine Vosganian \u0219i Florin Kevorkian vor sus\u021bine un recital poetic.<\/p>\n<p>Parteneri media: Radio Rom\u00e2nia Cultural, Agerpres, Zile \u0219i Nop\u021bi, Observator cultural, Agen\u021bia de Carte, Iqool, Contemporanul, Modernism.ro, Radio Trinitas, Ordinea zilei.<\/p>\n<p>V\u0103 a\u0219tept\u0103m cu drag!<\/p>\n<p>&nbsp;<\/p>","protected":false},"excerpt":{"rendered":"<p>Muzeul Na\u021bional al Literaturii Rom\u00e2ne, Uniunea Armenilor din Rom\u00e2nia \u0219i Uniunea Scriitorilor din Rom\u00e2nia \u0219i v\u0103 invit\u0103 miercuri, 27 aprilie&#8230;<\/p>","protected":false},"author":11,"featured_media":22972,"comment_status":"closed","ping_status":"closed","sticky":false,"template":"","format":"standard","meta":{"_exactmetrics_skip_tracking":false,"_exactmetrics_sitenote_active":false,"_exactmetrics_sitenote_note":"","_exactmetrics_sitenote_category":0,"footnotes":""},"categories":[22,9],"tags":[],"class_list":["post-22971","post","type-post","status-publish","format-standard","has-post-thumbnail","hentry","category-colocvii-seminarii-si-conferinte","category-evenimente"],"_links":{"self":[{"href":"https:\/\/mnlr.ro\/en\/wp-json\/wp\/v2\/posts\/22971","targetHints":{"allow":["GET"]}}],"collection":[{"href":"https:\/\/mnlr.ro\/en\/wp-json\/wp\/v2\/posts"}],"about":[{"href":"https:\/\/mnlr.ro\/en\/wp-json\/wp\/v2\/types\/post"}],"author":[{"embeddable":true,"href":"https:\/\/mnlr.ro\/en\/wp-json\/wp\/v2\/users\/11"}],"replies":[{"embeddable":true,"href":"https:\/\/mnlr.ro\/en\/wp-json\/wp\/v2\/comments?post=22971"}],"version-history":[{"count":3,"href":"https:\/\/mnlr.ro\/en\/wp-json\/wp\/v2\/posts\/22971\/revisions"}],"predecessor-version":[{"id":22977,"href":"https:\/\/mnlr.ro\/en\/wp-json\/wp\/v2\/posts\/22971\/revisions\/22977"}],"wp:featuredmedia":[{"embeddable":true,"href":"https:\/\/mnlr.ro\/en\/wp-json\/wp\/v2\/media\/22972"}],"wp:attachment":[{"href":"https:\/\/mnlr.ro\/en\/wp-json\/wp\/v2\/media?parent=22971"}],"wp:term":[{"taxonomy":"category","embeddable":true,"href":"https:\/\/mnlr.ro\/en\/wp-json\/wp\/v2\/categories?post=22971"},{"taxonomy":"post_tag","embeddable":true,"href":"https:\/\/mnlr.ro\/en\/wp-json\/wp\/v2\/tags?post=22971"}],"curies":[{"name":"wp","href":"https:\/\/api.w.org\/{rel}","templated":true}]}}