{"id":23023,"date":"2022-04-29T11:42:43","date_gmt":"2022-04-29T08:42:43","guid":{"rendered":"https:\/\/mnlr.ro\/?p=23023"},"modified":"2022-05-06T15:44:18","modified_gmt":"2022-05-06T12:44:18","slug":"neverland-mythos-expozitie-de-gravura-a-artistei-rodica-lomnasan","status":"publish","type":"post","link":"https:\/\/mnlr.ro\/en\/neverland-mythos-expozitie-de-gravura-a-artistei-rodica-lomnasan\/","title":{"rendered":"Neverland Mythos\u00a0| Expozi\u021bie de gravur\u0103 a artistei\u00a0Rodica Lomn\u0103\u0219an"},"content":{"rendered":"<p><em>Muzeul Na\u021bional al Literaturii Rom\u00e2ne, Calea Grivi\u021bei 64-66, Sala \u201eAl. Oprea\u201d<\/em><br \/>\n3 \u2013 28 mai 2022<\/p>\n<p>Muzeul Na\u021bional al Literaturii Rom\u00e2ne v\u0103 invit\u0103 s\u0103 vizita\u021bi expozi\u021bia de gravur\u0103 cu titlul\u00a0<em>Neverland Mythos\u00a0<\/em>a artistei Rodica Lomn\u0103\u0219an.<\/p>\n<p><em>Confuzia pe care o tr\u0103im \u00een prezent ne face s\u0103 ne sim\u021bim abandona\u021bi \u00eentr-un loc al nim\u0103nui. Lumea \u00eentreag\u0103 parc\u0103 ar fi devenit un t\u0103r\u00e2m populat doar cu fantasme, himere, uneori iluzii, dar cel mai adesea spaime. <\/em><em><strong>Neverland<\/strong> este un t\u0103r\u00e2m ideal al visului, al libert\u0103\u021bii absolute, situat \u00een afara timpului \u0219i spa\u021biului. <\/em><em>Acest sentiment m-a determinat s\u0103 readuc la via\u021b\u0103 si seria de lucr\u0103ri inspirate de poezia uria\u0219ului pesimist Mircea Iv\u0103nescu, capabil \u00eens\u0103 \u0219i de umor sau de o fin\u0103 ironie, detectabile \u00een versurile sale.<\/em><\/p>\n<p><em>Fiecare dintre aceste lucr\u0103ri s-a n\u0103scut ca o confesiune, ca o revenire \u00een trecut, ca o rememorare, pentru c\u0103, \u00een cele din urm\u0103, crea\u021bia d\u0103 un plus de semnifica\u021bie vie\u021bii \u0219i, indiferent ce st\u0103ri \u00eencerc\u0103m, orice fel de vremuri tr\u0103im, putem afla \u00een noi inepuizabile \u0219i autentice resurse creatoare. <\/em><em>Lucr\u0103rile prezentate sunt realizate cu ajutorul tehnicilor gravurii, folosind o pres\u0103 \u0219i transfer\u00e2nd imaginea de pe placa de metal sau de piatr\u0103 (\u00een cazul litografiei) pe h\u00e2rtie. <\/em>\u2013 Rodica Lomn\u0103\u0219an<\/p>","protected":false},"excerpt":{"rendered":"<p>Muzeul Na\u021bional al Literaturii Rom\u00e2ne, Calea Grivi\u021bei 64-66, Sala \u201eAl. Oprea\u201d 3 \u2013 28 mai 2022 Muzeul Na\u021bional al Literaturii&#8230;<\/p>","protected":false},"author":8,"featured_media":23024,"comment_status":"closed","ping_status":"closed","sticky":false,"template":"","format":"standard","meta":{"_exactmetrics_skip_tracking":false,"_exactmetrics_sitenote_active":false,"_exactmetrics_sitenote_note":"","_exactmetrics_sitenote_category":0,"footnotes":""},"categories":[9],"tags":[],"class_list":["post-23023","post","type-post","status-publish","format-standard","has-post-thumbnail","hentry","category-evenimente"],"_links":{"self":[{"href":"https:\/\/mnlr.ro\/en\/wp-json\/wp\/v2\/posts\/23023","targetHints":{"allow":["GET"]}}],"collection":[{"href":"https:\/\/mnlr.ro\/en\/wp-json\/wp\/v2\/posts"}],"about":[{"href":"https:\/\/mnlr.ro\/en\/wp-json\/wp\/v2\/types\/post"}],"author":[{"embeddable":true,"href":"https:\/\/mnlr.ro\/en\/wp-json\/wp\/v2\/users\/8"}],"replies":[{"embeddable":true,"href":"https:\/\/mnlr.ro\/en\/wp-json\/wp\/v2\/comments?post=23023"}],"version-history":[{"count":3,"href":"https:\/\/mnlr.ro\/en\/wp-json\/wp\/v2\/posts\/23023\/revisions"}],"predecessor-version":[{"id":23113,"href":"https:\/\/mnlr.ro\/en\/wp-json\/wp\/v2\/posts\/23023\/revisions\/23113"}],"wp:featuredmedia":[{"embeddable":true,"href":"https:\/\/mnlr.ro\/en\/wp-json\/wp\/v2\/media\/23024"}],"wp:attachment":[{"href":"https:\/\/mnlr.ro\/en\/wp-json\/wp\/v2\/media?parent=23023"}],"wp:term":[{"taxonomy":"category","embeddable":true,"href":"https:\/\/mnlr.ro\/en\/wp-json\/wp\/v2\/categories?post=23023"},{"taxonomy":"post_tag","embeddable":true,"href":"https:\/\/mnlr.ro\/en\/wp-json\/wp\/v2\/tags?post=23023"}],"curies":[{"name":"wp","href":"https:\/\/api.w.org\/{rel}","templated":true}]}}