{"id":23027,"date":"2022-04-29T13:24:35","date_gmt":"2022-04-29T10:24:35","guid":{"rendered":"https:\/\/mnlr.ro\/?p=23027"},"modified":"2022-05-25T22:47:38","modified_gmt":"2022-05-25T19:47:38","slug":"proiectul-cultural-si-creativ-bauhaus-2022","status":"publish","type":"post","link":"https:\/\/mnlr.ro\/en\/proiectul-cultural-si-creativ-bauhaus-2022\/","title":{"rendered":"Proiectul\u00a0 cultural \u015fi creativ \u201eBauhaus 2022\u201d  \u00a0"},"content":{"rendered":"<p>Centrul de Excelen\u0163\u0103 \u00een Arhitectur\u0103, Arte \u015fi Audiovizual (C.E.A.A.A.) \u00eempreun\u0103 cu Muzeul Muzeul Na\u021bional al Literaturii Rom\u00e2ne din Bucure\u015fti \u015fi alte institu\u0163ii culturale partenere, prezint\u0103 proiectul cultural \u201eBauhaus 2022\u201d, eveniment realizat \u015fi dedicat Zilei Europei, Nop\u021bii Muzeelor, Zilei Interna\u0163ionale a Muzeelor \u015fi Zilei Diversit\u0103\u0163ii Culturale.<\/p>\n<p>Proiectul\u00a0 cultural \u015fi creativ \u201eBauhaus 2022\u201d\u00a0 \u00eemp\u0103rt\u0103\u015fe\u015fte valorile Noului Bauhaus European, av\u00e2nd la baz\u0103 promovarea \u015fi mediatizarea creativit\u0103\u0163ii studen\u0163ilor \u015fi elevilor din universit\u0103\u0163ile \u015fi liceele voca\u0163ionale de: art\u0103, muzic\u0103, arhitectur\u0103, media, fotografie, film.<\/p>\n<p>Muzeul Na\u021bional al Literaturii Rom\u00e2ne din Bucure\u015fti prezint\u0103, \u00een perioada 3-25 mai 2022, conceptul expozi\u021bional: \u201eBauhaus 2022\u201d al concursului interna\u0163ional de creativitate, prin prezentarea expozi\u0163iei-experiment de art\u0103 \u015fi arhitectur\u0103, care reune\u0219te cele mai reu\u015fite lucr\u0103ri intrate \u00een concurs, amintind de impactul multidisciplinarit\u0103\u021bii \u0219i al mi\u0219c\u0103rii Bauhaus asupra societ\u0103\u021bii moderne.<\/p>\n<p>Expozi\u021bia face parte dintr-un program cultural \u015fi educa\u0163ional C.A.M.M.A. &#8211; Cultur\u0103, Art\u0103, Arhitectur\u0103, Muzic\u0103, Audiovizual, realizat \u015fi dezvoltat de Centrul de Excelen\u021b\u0103\u00a0\u00een\u00a0Arhitectur\u0103,\u00a0Arte \u0219i Audiovizual\u00a0(C.E.A.A.A.), \u00een parteneriat cu Academia Rom\u00e2n\u0103 \u2013 Sec\u0163ia de Arte, Arhitectur\u0103 \u015fi Audiovizual, Muzeul Na\u021bional al Literaturii Rom\u00e2ne din Bucure\u015fti, Ministerul Culturii \u015fi Ordinul Arhitec\u021bilor din Rom\u00e2nia \u2013 Filiala Teritorial\u0103 Bucure\u0219ti, sub semnul Noului Bauhaus European. Proiectul \u201eBauhaus 2022\u201d aduce o dimensiune cultural\u0103 \u0219i creativ\u0103, al\u0103tur\u00e2ndu-se proiectelor culturale din prima edi\u021bie a Festivalului Noului Bauhaus European organizat\u0103 de Comisia European\u0103<strong>.<\/strong><\/p>\n<p><strong>Vernisajul expozi\u0163iei \u0219i Festivitatea de premiere a concursului interna\u021bional de creativitate \u201eBauhaus 2022\u201d vor avea loc \u00een data de 12 mai 2022, ora 14.00, la Muzeul Na\u021bional al Literaturii Rom\u00e2ne din Bucure\u015fti din Strada Nicolae Cre\u021bulescu nr.8.<\/strong><\/p>\n<p>Programul expozi\u0163ional \u201eBauhaus 2022\u201d de la Muzeul Na\u021bional al Literaturii Rom\u00e2ne din Bucure\u015fti va fi completat \u00een aceast\u0103 lun\u0103 de o serie de alte proiecte ce vor contura o hart\u0103 a spa\u021biilor \u0219i a evenimentelor care \u00eemp\u0103rt\u0103\u0219esc valorile Noului Bauhaus European la nivelul Bucure\u0219tiului prin Romanian Design Week.<\/p>\n<p><strong>Concursul interna\u0163ional de creativitate<\/strong> <strong>\u201eBAUHAUS 2022\u201d<\/strong><\/p>\n<p><em>Chiar dac\u0103 nu a\u021bi auzit niciodat\u0103 de mi\u0219carea Bauhaus, probabil c\u0103 a\u021bi v\u0103zut influen\u021ba ei \u00een jurul vostru. De la semne de circula\u021bie la mobilier de birou, legendara \u0219coal\u0103 de design a schimbat modul \u00een care arat\u0103 \u0219i func\u021bioneaz\u0103 lumea noastr\u0103.<\/em><\/p>\n<p><em>La peste o sut\u0103 de ani de la \u00eenceputul mi\u0219c\u0103rii \u00een Germania, suntem \u00eenc\u0103 \u00eenconjura\u021bi de ideile Bauhaus despre art\u0103, creativitate \u0219i m\u0103iestrie. &#8211; <\/em>Centrul de Excelen\u021b\u0103 \u00een Arhitectur\u0103, Arte \u0219i Audiovizual (C.E.A.A.A.)<\/p>\n<p>Prin Concursul international de creativitate \u201eBAUHAUS 2022\u201d, Centrul de Excelen\u021b\u0103 \u00een Arhitectur\u0103, Arte \u0219i Audiovizual (C.E.A.A.A.) aduce \u00een fa\u021ba publicului larg lucr\u0103ri ale elevilor \u0219i studen\u0163ilor, printr-un eveniment dedicat arhitecturii, artelor \u015fi audiovizualului, av\u00e2nd urm\u0103toarele sec\u021biuni de concurs: Pictur\u0103, Grafic\u0103, Compozi\u0163ie, Afi\u015f, Design, Arhitectur\u0103, Media, Fotografie, Sculptur\u0103, Muzic\u0103.<\/p>\n<p><strong>Despre Noul Bauhaus European<\/strong><\/p>\n<p>Noul Bauhaus European este o ini\u021biativ\u0103 strategic\u0103 a Comisiei Europene, un proiect care combin\u0103 viziunea Pactului Verde european cu o schimbare concret\u0103 \u00een comunitate. Un proiect transdisciplinar, Noul Bauhaus European \u00ee\u0219i dore\u0219te s\u0103 stimuleze colaborarea \u0219i s\u0103 genereze noi scenarii \u0219i moduri de a tr\u0103i \u0219i lucra \u00eempreun\u0103.<\/p>\n<p>Noul Bauhaus European duce mai departe tradi\u021biile \u0219i valorile \u0218colii Bauhaus, fondate \u00een 1919,\u00a0 de Walter Gropius \u00een Weimar, atunci capital\u0103 a Germaniei de dup\u0103 Primul R\u0103zboi Mondial. Mi\u0219carea combina me\u0219te\u0219ugurile \u0219i artele plastice, devenind faimoas\u0103 pentru \u00eencercarea de a unifica principiile produc\u021biei de mas\u0103 cu viziunea artistic\u0103 individual\u0103. Pun\u00e2nd folosirea inteligent\u0103 a resurselor \u0219i creativitatea \u00een prim-plan, \u0218coala Bauhaus vorbe\u0219te despre importan\u021ba dialogului artistic multidisciplinar \u0219i trans-disciplinar \u0219i despre puterea adaptabilit\u0103\u021bii mediului artistic.<\/p>\n<p><strong>Misiunea C.E.A.A.A.<\/strong><\/p>\n<p>Ini\u021biem \u0219i organiz\u0103m evenimente culturale, construim o comunitate ce reune\u0219te profesioni\u0219ti, dar \u0219i publicul creativ \u0219i cultural din Rom\u00e2nia.<\/p>\n<p>Prin tot ceea ce facem ne-am propus s\u0103 contribuim la construirea unei infrastructuri puternice pentru dezvoltarea antreprenoriatului creativ \u00een \u021bar\u0103, cre\u0219terea \u0219i diversificarea audien\u021bei atelierelor, designerilor, micilor afaceri, promovarea \u00eentreprinz\u0103torilor \u0219i profesioni\u0219tilor creativi pe plan na\u021bional \u0219i interna\u021bional.<\/p>\n<p>Centrul de Excelent\u0103 \u00een Arhitectur\u0103, Arte \u015fi Audiovizual este o organiza\u0163ie neguvernamental\u0103, cu caracter autonom, care sus\u0163ine interesele comunit\u0103\u0163ii creative din Rom\u00e2nia \u00een dialogul cu institu\u0163iile statului \u015fi cu organiza\u021biile interna\u0163ionale. Ac\u0163ion\u0103m pentru crearea unui mediu propice dezvolt\u0103rii comunit\u0103\u021bii creative din Rom\u00e2nia.<\/p>\n<p>Una dintre priorit\u0103\u021bile noastre din utimii ani a fost ini\u021bierea unor proiectele de dezvoltare artistic\u0103 \u015fi arhitectural\u0103 prin coagularea comunit\u0103\u021bilor creative \u00een jurul unor spa\u021bii \u015fi proiecte ce pot aduce \u00een lumin\u0103 Bucure\u0219tiul \u0219i Rom\u00e2nia pe harta cultural\u0103 european\u0103.<\/p>\n<p>Portofoliul nostru include organizarea de activit\u0103\u021bi cu scopul interac\u021biunii pe plan na\u021bional \u0219i interna\u021bional, programe de perfec\u0163ionare profesional\u0103, expozi\u0163ii, lans\u0103ri de carte, workshop-uri artistice, seminarii \u015fi dezbateri.<\/p>\n<p><strong>Ini\u021biator proiect:<\/strong> Centrul de Excelen\u0163\u0103 \u00een Arhitectur\u0103, Arte \u015fi Audiovizual (C.E.A.A.A.)<\/p>\n<p><strong>Partener principal:<\/strong> Prim\u0103ria Municipiului Bucure\u0219ti, Muzeul Na\u021bional al Literaturii Rom\u00e2ne<\/p>\n<p><strong>Proiect cultural \u015fi educa\u0163ional realizat \u00een parteneriat cu:<\/strong> Prim\u0103ria Municipiului Bucure\u0219ti, Muzeul Na\u021bional al Literaturii Rom\u00e2ne din Bucure\u015fti, Academia Rom\u00e2n\u0103 \u2013 Sec\u0163ia Arte, Arhitectur\u0103 \u015fi Audiovizual, Ministerul Culturii, Ordinul Arhitec\u021bilor din Rom\u00e2nia \u2013 Filiala Teritorial\u0103 Bucure\u0219ti, Uniunea Arhitec\u0163ilor din Rom\u00e2nia, Igloo Media, Institute of Social Study of Gender, Universitatea Cre\u015ftin\u0103 \u201eDimitrie Cantemir\u201d, Colegiul Tehnic de Arhitectur\u0103 \u015fi Lucr\u0103ri Publice \u201eI. N. Socolescu\u201d, Colegiul Na\u021bional de Muzic\u0103 \u201eGeorge Enescu\u201d, Liceul \u201eDimitrie Paciurea\u201d, Colegiul Tehnic \u201eMedia\u201d Bucure\u015fti, Liceul de Arte Plastice \u201eNicolae Tonitza\u201d Bucure\u0219ti, Colegiul Na\u021bional de Informatic\u0103 \u201eTudor Vianu\u201d.<\/p>\n<p><strong>Parteneri media strategici:<\/strong> National TV, Radio Rom\u00e2nia Cultural<br \/>\n<strong>Parteneri media:<\/strong> Igloo, Modernism, Molecule-F , Revista Atelierul, IQads, Zeppelin, Zile &amp; Nop\u021bi, Revista Arta, Propagarta, Spot Media, World Architecture Community<br \/>\n<strong>Partener de monitorizare:<\/strong> C.E.A.A.A.<br \/>\n<strong>Echipa de crea\u021bie:<\/strong> C.E.A.A.A.<\/p>\n<p>Coordonator proiect: dr. arh. Luca Matei Stoian<\/p>\n<p>Pentru programul complet al proiectului \u201eBauhaus 2022\u201d, accesa\u021bi pagina de Facebook a C.E.A.A.A. \u0219i <a href=\"http:\/\/www.ceaaa.ro\">www.ceaaa.ro<\/a>.<\/p>\n<div style=\"width: 848px;\" class=\"wp-video\"><video class=\"wp-video-shortcode\" id=\"video-23027-1\" width=\"848\" height=\"480\" preload=\"metadata\" controls=\"controls\"><source type=\"video\/mp4\" src=\"https:\/\/mnlr.ro\/wp-content\/uploads\/2022\/04\/video-1653507624.mp4?_=1\" \/><a href=\"https:\/\/mnlr.ro\/wp-content\/uploads\/2022\/04\/video-1653507624.mp4\">https:\/\/mnlr.ro\/wp-content\/uploads\/2022\/04\/video-1653507624.mp4<\/a><\/video><\/div>","protected":false},"excerpt":{"rendered":"<p>Centrul de Excelen\u0163\u0103 \u00een Arhitectur\u0103, Arte \u015fi Audiovizual (C.E.A.A.A.) \u00eempreun\u0103 cu Muzeul Muzeul Na\u021bional al Literaturii Rom\u00e2ne din Bucure\u015fti \u015fi&#8230;<\/p>","protected":false},"author":8,"featured_media":23028,"comment_status":"closed","ping_status":"closed","sticky":false,"template":"","format":"standard","meta":{"_exactmetrics_skip_tracking":false,"_exactmetrics_sitenote_active":false,"_exactmetrics_sitenote_note":"","_exactmetrics_sitenote_category":0,"footnotes":""},"categories":[9],"tags":[],"class_list":["post-23027","post","type-post","status-publish","format-standard","has-post-thumbnail","hentry","category-evenimente"],"_links":{"self":[{"href":"https:\/\/mnlr.ro\/en\/wp-json\/wp\/v2\/posts\/23027","targetHints":{"allow":["GET"]}}],"collection":[{"href":"https:\/\/mnlr.ro\/en\/wp-json\/wp\/v2\/posts"}],"about":[{"href":"https:\/\/mnlr.ro\/en\/wp-json\/wp\/v2\/types\/post"}],"author":[{"embeddable":true,"href":"https:\/\/mnlr.ro\/en\/wp-json\/wp\/v2\/users\/8"}],"replies":[{"embeddable":true,"href":"https:\/\/mnlr.ro\/en\/wp-json\/wp\/v2\/comments?post=23027"}],"version-history":[{"count":7,"href":"https:\/\/mnlr.ro\/en\/wp-json\/wp\/v2\/posts\/23027\/revisions"}],"predecessor-version":[{"id":23518,"href":"https:\/\/mnlr.ro\/en\/wp-json\/wp\/v2\/posts\/23027\/revisions\/23518"}],"wp:featuredmedia":[{"embeddable":true,"href":"https:\/\/mnlr.ro\/en\/wp-json\/wp\/v2\/media\/23028"}],"wp:attachment":[{"href":"https:\/\/mnlr.ro\/en\/wp-json\/wp\/v2\/media?parent=23027"}],"wp:term":[{"taxonomy":"category","embeddable":true,"href":"https:\/\/mnlr.ro\/en\/wp-json\/wp\/v2\/categories?post=23027"},{"taxonomy":"post_tag","embeddable":true,"href":"https:\/\/mnlr.ro\/en\/wp-json\/wp\/v2\/tags?post=23027"}],"curies":[{"name":"wp","href":"https:\/\/api.w.org\/{rel}","templated":true}]}}