{"id":23549,"date":"2022-05-29T11:00:22","date_gmt":"2022-05-29T08:00:22","guid":{"rendered":"https:\/\/mnlr.ro\/?p=23549"},"modified":"2022-05-29T01:47:39","modified_gmt":"2022-05-28T22:47:39","slug":"poezie-si-creatie-monica-davidescu-si-loreta-popa","status":"publish","type":"post","link":"https:\/\/mnlr.ro\/en\/poezie-si-creatie-monica-davidescu-si-loreta-popa\/","title":{"rendered":"\u201ePoezie \u0219i crea\u021bie\u201d | Monica Davidescu \u0219i Loreta Popa"},"content":{"rendered":"<p>Invitat\u0103 ast\u0103zi la \u201ePoezie \u0219i crea\u021bie\u201d este Monica Davidescu, actri\u021b\u0103 a Teatrului Na\u021bional din Bucure\u0219ti.<\/p>\n<p>N\u0103scut\u0103 la 6 august 1972, \u00een C\u00e2mpina, Monica Davidescu a fost, pe r\u00e2nd, \u00eenv\u0103\u021b\u0103toare, secretar\u0103, dansatoare, model, prezentatoare, a f\u0103cut reclame p\u00e2n\u0103 c\u00e2nd visul de a deveni actri\u021b\u0103 i s-a \u00eemplinit. A absolvit Facultatea de Art\u0103 Teatral\u0103 \u0219i Cinematografic\u0103, sec\u021bia Actorie, la clasa profesorului Grigore Gon\u021ba, promo\u021bia 1998. \u00cen acela\u0219i an a debutat pe scena Teatrului Na\u021bional din Bucure\u0219ti. A jucat al\u0103turi de mari actori ai scenei rom\u00e2ne\u0219ti \u00een \u201eVisul unei nop\u021bi de var\u0103\u201d, \u201eTake, Ianke \u0219i Cad\u00e2r\u201d, \u201eS\u00e2nziana \u0219i Pepelea\u201d, \u201eMolto, gran&#8217;impressione\u201d \u0219i \u201eComedia norilor\u201d. A ap\u0103rut \u0219i \u00een filme ca \u201eOmul zilei\u201d, \u201eFix Alert\u201d, \u201eVlad\u201d, \u201eTic\u0103lo\u0219ii.\u201d A jucat \u0219i \u00een seriale TV, precum \u201eCu un pas \u00eenainte\u201d sau \u201eVine poli\u021bia!\u201d.<\/p>\n<p>\u201ePoezia \u00eenseamn\u0103 pre-adolescen\u021ba \u0219i adolescen\u021ba mea. Atunci am descoperit secretul de a \u00eenv\u0103\u021ba o poezie care are vers alb. Copil\u0103ria mea \u00eenseamn\u0103 cu totul altceva dec\u00e2t cea a copiilor bucure\u0219teni de ast\u0103zi, cu teme pe care nu au chef s\u0103 le fac\u0103 pentru c\u0103-i plictisesc, parc, distrac\u021bie, mall. Pentru mine a fost altfel. Diminea\u021ba aveam grij\u0103 de animale, de gospod\u0103rie, trebuia s-o ajut\u0103m pe bunica, toate trei f\u0103ceam asta, nu eram singur\u0103. Apoi plecam pe jos p\u00e2n\u0103 la \u0219coal\u0103, 30 &#8211; 40 de minute. Trebuia s\u0103 fim \u00een careu la ora 8.00, altfel aveam absen\u021b\u0103. \u0218coala era \u0219coal\u0103. C\u00e2nd veneam acas\u0103 aveam dreptul s\u0103-mi fac temele numai dac\u0103 terminam toate treburile acas\u0103. Pentru mine evadarea cu o carte \u00een m\u00e2n\u0103, s\u0103 \u00eenv\u0103\u021b o poezie, era un dar. Am profitat de darul acesta \u0219i am \u00eenv\u0103\u021bat cum s\u0103 \u00eenv\u0103\u021b repede. Profesorul de rom\u00e2n\u0103 din liceu avea un stil aparte de a povesti, de a citi sau de a da citate, pasiune pe care mi-a transmis-o \u0219i mie. Dup\u0103 ce ascultam interpretarea dumnealui, m\u0103 g\u00e2ndeam \u00een ce alt fel a\u0219 fi putut eu reda acela\u0219i text, iar acest exerci\u021biu \u00eemi d\u0103dea o satisfac\u021bie deosebit\u0103. Voiam s\u0103 \u00eenv\u0103\u021b repede poezia pe de rost, s\u0103-i dau ritmul meu, pentru ca s\u0103 fie altfel dec\u00e2t o citise profesorul\u201d, spune Monica Davidescu.<\/p>\n<p>\u201eNu-i judeca pe ceilal\u021bi cu propria ta m\u0103sur\u0103. Nu-i judeca nici \u00een plus, nici \u00een minus. \u00cenv\u0103\u021b\u0103m mult din gre\u0219elile noastre. Le spun copiilor prietenilor mei, care sunt la Facultatea de Teatru: \u00abGre\u0219i\u021bi c\u00e2t mai mult, l\u0103sa\u021bi notele mici s\u0103 vin\u0103, doar astfel pute\u021bi \u00eenv\u0103\u021ba!\u00bb\u201d, m\u0103rturise\u0219te Monica Davidescu.<\/p>\n<p>Filmare \u0219i montaj: Alex Ursu<br \/>\nCredit foto: Dan Vatamaniuc<br \/>\nProiect coordonat \u0219i realizat de Loreta Popa<\/p>\n<p>Urm\u0103ri\u021bi \u201ePoezie \u0219i crea\u021bie\u201d aici:<\/p>\n<p><iframe loading=\"lazy\" title=\"Poezie \u0219i crea\u021bie - Monica Davidescu\" width=\"500\" height=\"281\" src=\"https:\/\/www.youtube.com\/embed\/6oIqC8G_dq8?feature=oembed\" frameborder=\"0\" allow=\"accelerometer; autoplay; clipboard-write; encrypted-media; gyroscope; picture-in-picture; web-share\" referrerpolicy=\"strict-origin-when-cross-origin\" allowfullscreen><\/iframe><\/p>\n<p>&nbsp;<\/p>","protected":false},"excerpt":{"rendered":"<p>Invitat\u0103 ast\u0103zi la \u201ePoezie \u0219i crea\u021bie\u201d este Monica Davidescu, actri\u021b\u0103 a Teatrului Na\u021bional din Bucure\u0219ti. N\u0103scut\u0103 la 6 august 1972,&#8230;<\/p>","protected":false},"author":11,"featured_media":23550,"comment_status":"closed","ping_status":"closed","sticky":false,"template":"","format":"standard","meta":{"_exactmetrics_skip_tracking":false,"_exactmetrics_sitenote_active":false,"_exactmetrics_sitenote_note":"","_exactmetrics_sitenote_category":0,"footnotes":""},"categories":[9,52],"tags":[],"class_list":["post-23549","post","type-post","status-publish","format-standard","has-post-thumbnail","hentry","category-evenimente","category-evenimente-on-line"],"_links":{"self":[{"href":"https:\/\/mnlr.ro\/en\/wp-json\/wp\/v2\/posts\/23549","targetHints":{"allow":["GET"]}}],"collection":[{"href":"https:\/\/mnlr.ro\/en\/wp-json\/wp\/v2\/posts"}],"about":[{"href":"https:\/\/mnlr.ro\/en\/wp-json\/wp\/v2\/types\/post"}],"author":[{"embeddable":true,"href":"https:\/\/mnlr.ro\/en\/wp-json\/wp\/v2\/users\/11"}],"replies":[{"embeddable":true,"href":"https:\/\/mnlr.ro\/en\/wp-json\/wp\/v2\/comments?post=23549"}],"version-history":[{"count":1,"href":"https:\/\/mnlr.ro\/en\/wp-json\/wp\/v2\/posts\/23549\/revisions"}],"predecessor-version":[{"id":23561,"href":"https:\/\/mnlr.ro\/en\/wp-json\/wp\/v2\/posts\/23549\/revisions\/23561"}],"wp:featuredmedia":[{"embeddable":true,"href":"https:\/\/mnlr.ro\/en\/wp-json\/wp\/v2\/media\/23550"}],"wp:attachment":[{"href":"https:\/\/mnlr.ro\/en\/wp-json\/wp\/v2\/media?parent=23549"}],"wp:term":[{"taxonomy":"category","embeddable":true,"href":"https:\/\/mnlr.ro\/en\/wp-json\/wp\/v2\/categories?post=23549"},{"taxonomy":"post_tag","embeddable":true,"href":"https:\/\/mnlr.ro\/en\/wp-json\/wp\/v2\/tags?post=23549"}],"curies":[{"name":"wp","href":"https:\/\/api.w.org\/{rel}","templated":true}]}}