{"id":24124,"date":"2022-07-06T11:31:14","date_gmt":"2022-07-06T08:31:14","guid":{"rendered":"https:\/\/mnlr.ro\/?p=24124"},"modified":"2022-07-06T21:16:18","modified_gmt":"2022-07-06T18:16:18","slug":"european-museum-academy-impresii-dupa-vizita-facuta-la-mnlr","status":"publish","type":"post","link":"https:\/\/mnlr.ro\/en\/european-museum-academy-impresii-dupa-vizita-facuta-la-mnlr\/","title":{"rendered":"European Museum Academy, impresii dup\u0103 vizita f\u0103cut\u0103 la MNLR"},"content":{"rendered":"<p>Vizita reprezentan\u021bilor European Museum Academy \u2013 Andreja Rihter, pre\u0219edinte, \u0219i Massimo Negri, director \u0219tiin\u021bific, la Muzeul Na\u021bional la Literaturii Rom\u00e2ne \u2013 a fost o bucurie \u0219i le mul\u021bumim pentru amabilitatea cu care au r\u0103spuns invita\u021biei noastre.<\/p>\n<p><em>Muzeul Na\u021bional al Literaturii Rom\u00e2ne a c\u00e2\u0219tigat premiul DASA \u00een 2021. Profesorul Ioan Cristescu, Directorul General, i-a invitat pe reprezentan\u021bii Academiei Europene a Muzeelor (EMA) s\u0103 viziteze muzeul \u0219i s\u0103 participe la o \u00eent\u00e2lnire cu directori de institu\u021bii muzeale la care s-a discutat, printre altele, \u0219i despre posibile modalit\u0103\u021bi de cooperare pentru viitor. Pre\u0219edintele Andreja Rihter \u0219i directorul \u0219tiin\u021bific, Massimo Negri, au petrecut dou\u0103 zile (17 \u2013 18 iunie) la Bucure\u0219ti, unde au vizitat expozi\u021bia de baz\u0103, sediul administrativ al MNLR, libr\u0103ria, magazinul, \u0219i dou\u0103 dintre casele \u00een care au tr\u0103it scriitori rom\u00e2ni impotan\u021bi \u0219i care acum au devenit muzee \u2013 Casa Memorial\u0103 <\/em>\u201eAnton Pann\u201d \u0219<em>i Casa Memorial\u0103 <\/em>\u201eTudor Arghezi\u201d. V<em>izita ne-a confirmat decizia luat\u0103 de juriu, muzeul prezent\u00e2nd c\u00e2teva idei inedite de expunere a c\u0103r\u021bilor, manuscriselor, fotografiilor \u0219i a altor materiale de arhiv\u0103, care reprezint\u0103 \u00eentotdeauna o provocare din punct de vedere muzeografic. Punctul forte al acestei institu\u021bii const\u0103 \u00een abordarea managerial\u0103 a directorului care, de\u0219i provine din lumea academic\u0103 \u0219i este un intelectual calificat, dedic\u0103 timp, energie \u0219i o aten\u021bie special\u0103 \u00een dezvoltarea unei echipe de oameni tineri, devota\u021bi misiunii muzeului, \u0219i este foarte implicat \u00een a dezvolta proiecte noi \u0219i a g\u0103si solu\u021biile potrivite pentru probleme complexe. Design-ul expozi\u021biei este agreabil, practic \u0219i inovator pentru acest tip de colec\u021bii, fiind opera Studioului Zeppelin, un grup creativ de arhitec\u021bi rom\u00e2ni stabili\u021bi \u00een Bucure\u0219ti \u0219i Barcelona.\u00a0\u00a0 <\/em><\/p>\n<p><em>Aceast\u0103 vizit\u0103 a fost, de asemenea, un prilej de discu\u021bie, \u00een spiritul EMA, pe subiecte de interes \u00een vederea dezvolt\u0103rii unor ac\u021biuni comune \u00een viitor. C\u00e2\u0219tigarea unui premiu este, pentru noi, \u00eenceputul unui dialog, nu doar o recunoa\u0219tere a ceea ce s-a realizat.\u00a0\u00a0 <\/em><\/p>\n<p><em>Virgil \u0218tefan Ni\u021bulescu, expert EMA, care a lucrat cu noi o perioad\u0103 \u00eendelungat\u0103, \u0219i un muzeograf recunoscut la nivel european, ne-a \u00eenso\u021bit \u00eentr-o vizit\u0103 extrem de interesant\u0103 la Sinaia cu bogatul s\u0103u patrimoniu, ajut\u00e2ndu-ne s\u0103 \u00een\u021belegem mai bine istoria cultural\u0103 a Rom\u00e2niei. Mul\u021bumirile noastre sincere pentru ospitalitatea impecabil\u0103 \u0219i programul intens se \u00eendreapt\u0103 c\u0103tre \u00eentreg personalul MNLR \u0219i c\u0103tre Virgil Ni\u021bulescu. <\/em>\u2013 Academia European\u0103 a Muzeelor (EMA)<\/p>\n<p>Articolul poate fi accesat aici: <a href=\"https:\/\/europeanmuseumacademy.eu\/a-special-visit-to-the-national-museum-of-romanian-literature-in-bucharest\/\">https:\/\/europeanmuseumacademy.eu\/a-special-visit-to-the-national-museum-of-romanian-literature-in-bucharest\/<\/a><\/p>","protected":false},"excerpt":{"rendered":"<p>Vizita reprezentan\u021bilor European Museum Academy \u2013 Andreja Rihter, pre\u0219edinte, \u0219i Massimo Negri, director \u0219tiin\u021bific, la Muzeul Na\u021bional la Literaturii Rom\u00e2ne&#8230;<\/p>","protected":false},"author":8,"featured_media":24121,"comment_status":"closed","ping_status":"closed","sticky":false,"template":"","format":"standard","meta":{"_exactmetrics_skip_tracking":false,"_exactmetrics_sitenote_active":false,"_exactmetrics_sitenote_note":"","_exactmetrics_sitenote_category":0,"footnotes":""},"categories":[9],"tags":[],"class_list":["post-24124","post","type-post","status-publish","format-standard","has-post-thumbnail","hentry","category-evenimente"],"_links":{"self":[{"href":"https:\/\/mnlr.ro\/en\/wp-json\/wp\/v2\/posts\/24124","targetHints":{"allow":["GET"]}}],"collection":[{"href":"https:\/\/mnlr.ro\/en\/wp-json\/wp\/v2\/posts"}],"about":[{"href":"https:\/\/mnlr.ro\/en\/wp-json\/wp\/v2\/types\/post"}],"author":[{"embeddable":true,"href":"https:\/\/mnlr.ro\/en\/wp-json\/wp\/v2\/users\/8"}],"replies":[{"embeddable":true,"href":"https:\/\/mnlr.ro\/en\/wp-json\/wp\/v2\/comments?post=24124"}],"version-history":[{"count":5,"href":"https:\/\/mnlr.ro\/en\/wp-json\/wp\/v2\/posts\/24124\/revisions"}],"predecessor-version":[{"id":24130,"href":"https:\/\/mnlr.ro\/en\/wp-json\/wp\/v2\/posts\/24124\/revisions\/24130"}],"wp:featuredmedia":[{"embeddable":true,"href":"https:\/\/mnlr.ro\/en\/wp-json\/wp\/v2\/media\/24121"}],"wp:attachment":[{"href":"https:\/\/mnlr.ro\/en\/wp-json\/wp\/v2\/media?parent=24124"}],"wp:term":[{"taxonomy":"category","embeddable":true,"href":"https:\/\/mnlr.ro\/en\/wp-json\/wp\/v2\/categories?post=24124"},{"taxonomy":"post_tag","embeddable":true,"href":"https:\/\/mnlr.ro\/en\/wp-json\/wp\/v2\/tags?post=24124"}],"curies":[{"name":"wp","href":"https:\/\/api.w.org\/{rel}","templated":true}]}}