{"id":24235,"date":"2022-07-14T19:00:28","date_gmt":"2022-07-14T16:00:28","guid":{"rendered":"https:\/\/mnlr.ro\/?p=24235"},"modified":"2022-07-20T13:15:57","modified_gmt":"2022-07-20T10:15:57","slug":"joana-gremini-cafeneaua-critica-148-joana-grevers-si-ion-bogdan-lefter","status":"publish","type":"post","link":"https:\/\/mnlr.ro\/en\/joana-gremini-cafeneaua-critica-148-joana-grevers-si-ion-bogdan-lefter\/","title":{"rendered":"\u201emini-Cafeneaua critic\u0103\u201d #148 | Joana Grevers \u0219i Ion Bogdan Lefter"},"content":{"rendered":"<p>Invitata \u201e<strong>mini-Cafenelei critice<\/strong>\u201d din aceast\u0103 sear\u0103 este Joana Grevers, istoric de art\u0103, curatoare \u0219i galerist\u0103 rom\u00e2no-german\u0103.<\/p>\n<p>\u201emini-Cafeneaua critic\u0103\u201d este ini\u021biat\u0103 \u0219i realizat\u0103 de criticul Ion Bogdan Lefter, profesor la Facultatea de Litere a Universit\u0103\u021bii din Bucure\u0219ti.<\/p>\n<p><iframe loading=\"lazy\" title=\"mini-Cafeneaua critic\u0103 #148 | Joana Grevers \u0219i Ion Bogdan Lefter\" src=\"https:\/\/player.vimeo.com\/video\/728809168?dnt=1&amp;app_id=122963\" width=\"500\" height=\"281\" frameborder=\"0\" allow=\"autoplay; fullscreen; picture-in-picture; clipboard-write\"><\/iframe><\/p>\n<p>&nbsp;<\/p>\n<p>&nbsp;<\/p>","protected":false},"excerpt":{"rendered":"<p>Invitata \u201emini-Cafenelei critice\u201d din aceast\u0103 sear\u0103 este Joana Grevers, istoric de art\u0103, curatoare \u0219i galerist\u0103 rom\u00e2no-german\u0103. \u201emini-Cafeneaua critic\u0103\u201d este ini\u021biat\u0103&#8230;<\/p>","protected":false},"author":8,"featured_media":24021,"comment_status":"closed","ping_status":"closed","sticky":false,"template":"","format":"standard","meta":{"_exactmetrics_skip_tracking":false,"_exactmetrics_sitenote_active":false,"_exactmetrics_sitenote_note":"","_exactmetrics_sitenote_category":0,"footnotes":""},"categories":[9,52],"tags":[],"class_list":["post-24235","post","type-post","status-publish","format-standard","has-post-thumbnail","hentry","category-evenimente","category-evenimente-on-line"],"_links":{"self":[{"href":"https:\/\/mnlr.ro\/en\/wp-json\/wp\/v2\/posts\/24235","targetHints":{"allow":["GET"]}}],"collection":[{"href":"https:\/\/mnlr.ro\/en\/wp-json\/wp\/v2\/posts"}],"about":[{"href":"https:\/\/mnlr.ro\/en\/wp-json\/wp\/v2\/types\/post"}],"author":[{"embeddable":true,"href":"https:\/\/mnlr.ro\/en\/wp-json\/wp\/v2\/users\/8"}],"replies":[{"embeddable":true,"href":"https:\/\/mnlr.ro\/en\/wp-json\/wp\/v2\/comments?post=24235"}],"version-history":[{"count":2,"href":"https:\/\/mnlr.ro\/en\/wp-json\/wp\/v2\/posts\/24235\/revisions"}],"predecessor-version":[{"id":24404,"href":"https:\/\/mnlr.ro\/en\/wp-json\/wp\/v2\/posts\/24235\/revisions\/24404"}],"wp:featuredmedia":[{"embeddable":true,"href":"https:\/\/mnlr.ro\/en\/wp-json\/wp\/v2\/media\/24021"}],"wp:attachment":[{"href":"https:\/\/mnlr.ro\/en\/wp-json\/wp\/v2\/media?parent=24235"}],"wp:term":[{"taxonomy":"category","embeddable":true,"href":"https:\/\/mnlr.ro\/en\/wp-json\/wp\/v2\/categories?post=24235"},{"taxonomy":"post_tag","embeddable":true,"href":"https:\/\/mnlr.ro\/en\/wp-json\/wp\/v2\/tags?post=24235"}],"curies":[{"name":"wp","href":"https:\/\/api.w.org\/{rel}","templated":true}]}}