{"id":25044,"date":"2022-09-23T14:14:17","date_gmt":"2022-09-23T11:14:17","guid":{"rendered":"https:\/\/mnlr.ro\/?p=25044"},"modified":"2022-09-23T14:14:36","modified_gmt":"2022-09-23T11:14:36","slug":"cocoara-mea-la-nunta-invierii-lansare-de-carte","status":"publish","type":"post","link":"https:\/\/mnlr.ro\/en\/cocoara-mea-la-nunta-invierii-lansare-de-carte\/","title":{"rendered":"\u201eCocoara Mea la Nunta \u00cenvierii\u201d | Lansare de carte"},"content":{"rendered":"<p>Muzeul Na\u021bional al Literaturii Rom\u00e2ne g\u0103zduie\u0219te lansarea de carte a Editurii Inspirescu de mar\u021bi, 27 septembrie 2022, ora 14.00, Str. Nicolae Cre\u021bulescu nr. 8, \u201eCocoara Mea la Nunta \u00cenvierii\u201d, sub semn\u0103tura lui C\u0103t\u0103lin Pilly.<\/p>\n<p>Invita\u021bi: Cristina Deleanu, Dan Puric, Eugen Cristea, George Terziu, Mihai Antonescu \u0219i Sorin Mih\u0103ilescu. Amfitrion Loreta Popa.<\/p>\n<p>C\u0103t\u0103lin Pilly, poet, prozator eseist, a debutat jurnalistic \u00een perioada 1990-1991, iar editorial \u00een anul 1997, cu volumul de versuri \u0219i eseuri \u201eC\u0103ut\u00e2nd Fericirea\u201d, lansat de Adrian P\u0103unescu \u00een cadrul emisiunii \u201eSchimbul de noapte\u201d. A ob\u021binut premiul III la Festivalul Interna\u021bional de Poezie \u201eAdrian P\u0103unescu\u201d, diplom\u0103 ce poart\u0103 semn\u0103tura academicianului Eugen Simion. A ob\u021binut, de asemenea, Premiul \u201eMihai Eminescu\u201d pentru aportul adus literaturii rom\u00e2ne, acordat de Dinu S\u0103raru, Sorin Mih\u0103ilescu \u0219i Funda\u021bia Na\u021bional\u0103 \u201eNi\u0219te \u021a\u0103rani\u201d. Redactor, redactor \u0219ef, director al unor ziare, posturi de radio \u0219i de televiziune, C\u0103t\u0103lin Pilly are \u0219i c\u00e2teva expozi\u021bii personale de grafic\u0103.<\/p>\n<p>\u201ePrin ce s-a ref\u0103cut \u00eentotdeauna acest popor dup\u0103 ce t\u0103v\u0103lugul istoriei a trecut nemilos peste el, dac\u0103 nu prin Credin\u021ba lui de nezdruncinat \u0219i prin paradoxalul s\u0103u Umor! Iar la baza celor dou\u0103 a stat Iubirea, cea care a asigurat fondul nebiruit de Vitalitate al rom\u00e2nului!\u201d, scrie Dan Puric \u00een prefa\u021ba c\u0103r\u021bii.<\/p>\n<p>V\u0103 a\u0219tept\u0103m!<\/p>","protected":false},"excerpt":{"rendered":"<p>Muzeul Na\u021bional al Literaturii Rom\u00e2ne g\u0103zduie\u0219te lansarea de carte a Editurii Inspirescu de mar\u021bi, 27 septembrie 2022, ora 14.00, Str&#8230;.<\/p>","protected":false},"author":11,"featured_media":25045,"comment_status":"closed","ping_status":"closed","sticky":false,"template":"","format":"standard","meta":{"_exactmetrics_skip_tracking":false,"_exactmetrics_sitenote_active":false,"_exactmetrics_sitenote_note":"","_exactmetrics_sitenote_category":0,"footnotes":""},"categories":[9,21],"tags":[],"class_list":["post-25044","post","type-post","status-publish","format-standard","has-post-thumbnail","hentry","category-evenimente","category-lansari-de-carte"],"_links":{"self":[{"href":"https:\/\/mnlr.ro\/en\/wp-json\/wp\/v2\/posts\/25044","targetHints":{"allow":["GET"]}}],"collection":[{"href":"https:\/\/mnlr.ro\/en\/wp-json\/wp\/v2\/posts"}],"about":[{"href":"https:\/\/mnlr.ro\/en\/wp-json\/wp\/v2\/types\/post"}],"author":[{"embeddable":true,"href":"https:\/\/mnlr.ro\/en\/wp-json\/wp\/v2\/users\/11"}],"replies":[{"embeddable":true,"href":"https:\/\/mnlr.ro\/en\/wp-json\/wp\/v2\/comments?post=25044"}],"version-history":[{"count":2,"href":"https:\/\/mnlr.ro\/en\/wp-json\/wp\/v2\/posts\/25044\/revisions"}],"predecessor-version":[{"id":25047,"href":"https:\/\/mnlr.ro\/en\/wp-json\/wp\/v2\/posts\/25044\/revisions\/25047"}],"wp:featuredmedia":[{"embeddable":true,"href":"https:\/\/mnlr.ro\/en\/wp-json\/wp\/v2\/media\/25045"}],"wp:attachment":[{"href":"https:\/\/mnlr.ro\/en\/wp-json\/wp\/v2\/media?parent=25044"}],"wp:term":[{"taxonomy":"category","embeddable":true,"href":"https:\/\/mnlr.ro\/en\/wp-json\/wp\/v2\/categories?post=25044"},{"taxonomy":"post_tag","embeddable":true,"href":"https:\/\/mnlr.ro\/en\/wp-json\/wp\/v2\/tags?post=25044"}],"curies":[{"name":"wp","href":"https:\/\/api.w.org\/{rel}","templated":true}]}}