{"id":25299,"date":"2022-10-12T10:52:29","date_gmt":"2022-10-12T07:52:29","guid":{"rendered":"https:\/\/mnlr.ro\/?p=25299"},"modified":"2022-10-13T10:58:13","modified_gmt":"2022-10-13T07:58:13","slug":"in-cautarea-iuliei-hasdeu-expozitie","status":"publish","type":"post","link":"https:\/\/mnlr.ro\/en\/in-cautarea-iuliei-hasdeu-expozitie\/","title":{"rendered":"\u00cen c\u0103utarea Iuliei Hasdeu | expozi\u021bie"},"content":{"rendered":"<p>Muzeul Na\u021bional al Literaturii Rom\u00e2ne \u00een parteneriat cu Arhivele Na\u021bionale ale Rom\u00e2niei v\u0103 invit\u0103 la vernisajul expozi\u021biei \u201e\u00cen c\u0103utarea Iuliei Hasdeu\u201d, \u00een data de 18 octombrie 2022, la ora 18.00, la sediul MNLR din Str. Nicolae Cre\u021bulescu nr. 8. La vernisaj vor lua cuv\u00e2ntul: prof. univ. dr. Ioan Cristescu, directorul general al MNLR, domnul Cristian Ani\u021ba, directorul Arhivelor Na\u021bionale, \u0219i istoricul Alin Ciupal\u0103.<\/p>\n<p>Expozi\u021bia reprezint\u0103 un proiect prin care ne propunem o reconstituire a personalit\u0103\u021bii Iuliei Hasdeu, <em>l\u02bcenfant prodige<\/em>, pe baza caietelor \u0219colare \u0219i a coresponden\u021bei cu B. P. Hasdeu \u00een perioada anilor de studii la Paris, a operelor sale publicate postum \u0219i a transcrierilor din timpul \u0219edin\u021belor de spiritism ini\u021biate de tat\u0103l \u00eendurerat, \u00een \u00eencercarea de a reg\u0103si spiritul fiicei sale pierdute prematur.<\/p>\n<p>Expozi\u021bia va putea fi vizitat\u0103 \u00een perioada 18 \u2013 31 octombrie 2022, de mar\u021bi p\u00e2n\u0103 duminic\u0103, \u00een intervalul 10.00 \u2013 18.00.<\/p>\n<p><strong>Iulia Hasdeu<\/strong> (n. 14 noiembrie 1869, Bucure\u0219ti \u2013 d. 29 septembrie 1888, Bucure\u0219ti) a fost un copil supradotat, fiica Iuliei Faliciu-Hasdeu \u0219i a savantului Bogdan Petriceicu Hasdeu, la r\u00e2ndul s\u0103u o personalitate polivalent\u0103 (lingvist, istoric, scriitor, folclorist), membru al Academiei Rom\u00e2ne.<\/p>\n<p>Breasla arhivistic\u0103 are privilegiul de a-l fi avut pe Hasdeu \u00een func\u021bia de director al Arhivelor Statului o lung\u0103 perioad\u0103, \u00eentre 17 mai 1876 \u0219i 1 aprilie 1900, pe vremea c\u00e2nd sediul Arhivelor se afla \u00een cl\u0103dirile m\u0103n\u0103stirii Mihai Vod\u0103 din cartierul Uranus. Ne putem imagina cum fiica \u00eel vizita la birou.<\/p>\n<p>Parcursul educa\u021bional al Iuliei Hasdeu (alintat\u0103 Lilica) a fost unul prodigios: la 8 ani ne\u00eemplini\u021bi a trecut examenele cumulate ale celor patru clase primare, la 11 ani a absolvit Colegiul Na\u021bional \u201eSf\u00e2ntul Sava\u201d, iar \u00een paralel a urmat cursurile Conservatorului de Muzic\u0103 din Bucure\u0219ti. La 16 ani a \u00eenceput studiile la Sorbona, prima rom\u00e2nc\u0103 student\u0103 la aceast\u0103 universitate, dar a urmat \u00een particular \u0219i cursuri de desen \u0219i pictur\u0103 \u00een capitala Fran\u021bei.<\/p>\n<p>\u00cen perioada studiilor, aproape de finalizarea lor \u0219i de ob\u021binerea diplomei, Iulia Hasdeu s-a \u00eemboln\u0103vit de tuberculoz\u0103. A urmat cure de tratament, dar f\u0103r\u0103 succes; ea a murit la 29 septembrie 1888, la v\u00e2rst\u0103 de doar 18 ani, fiind \u00eenmorm\u00e2ntat\u0103 la Cimitirul Bellu.<\/p>\n<p>Bogata coresponden\u021b\u0103 cu tat\u0103l ei, r\u0103mas la Bucure\u0219ti, denot\u0103 nu numai o rela\u021bie p\u0103rinte-copil, ci \u0219i o \u00eenalt\u0103 comuniune spiritual\u0103, intelectual\u0103, patriotic\u0103. Cu excep\u021bia c\u00e2torva poeme ap\u0103rute \u00een timpul vie\u021bii, opera Iuliei Hasdeu este publicat\u0103 postum. A scris preponderent poezie, dar \u0219i piese de teatru, pove\u0219ti \u0219i povestiri. Hasdeu s-a str\u0103duit s\u0103 adune din caiete \u0219i manuscrise scrierile Iuliei \u0219i a publicat c\u00e2teva volume postume.<\/p>\n<p>Tat\u0103l nu s-a resemnat niciodat\u0103 cu pierderea celei mai dragi fiin\u021be \u0219i a participat la \u0219edin\u021be de spiritism \u00een care credea c\u0103 fiica \u00eei transmite mesaje de dincolo de moarte.<\/p>\n<p>La Arhivele Na\u021bionale se g\u0103sesc multe din m\u0103rturiile activit\u0103\u021bii \u0219colare a Iuliei Hasdeu, pe care tat\u0103l s\u0103u le-a p\u0103strat, coresponden\u021ba dintre Bogdan Petriceicu Hasdeu \u0219i cele dou\u0103 Iulii (mama \u0219i fiica, aflate la Paris), caietele care con\u021bin piesele ei de teatru pres\u0103rate cu numeroase schi\u021be scenografice \u0219i chipuri de personaje. Se p\u0103streaz\u0103, de asemenea, manuscrise ale \u0219edin\u021belor de spiritism la care acesta participa \u0219i prin care c\u0103uta s\u0103 comunice cu spiritul fiicei disp\u0103rute. Selec\u021bia de documente \u0219i fotografii pe care o propunem publicului prin acest proiect surprinde etape din evolu\u021bia Iuliei Hasdeu, adolescenta genial\u0103 motivat\u0103 s\u0103 \u00eenve\u021be \u00een mod asiduu pentru a fi cea mai bun\u0103 din clasa ei, dar, \u00een acela\u0219i timp, spune \u0219i alte pove\u0219ti; una ar fi cea a copilei care resimte acut dorul fa\u021b\u0103 de tat\u0103l r\u0103mas acas\u0103 \u0219i con\u0219tientizeaz\u0103 eforturile financiare pe care le implic\u0103 \u0219ederea ei la Paris, o alta ne-o \u00eenf\u0103\u021bi\u0219eaz\u0103 pe eleva care \u00ee\u0219i exerseaz\u0103 imagina\u021bia prin fragmentele de proz\u0103 sau schi\u021bele care \u00eemp\u00e2nzesc caietele ei de teme. Cu siguran\u021b\u0103, mai exist\u0103 \u0219i alte pove\u0219ti ascunse printre r\u00e2nduri pe care v\u0103 invit\u0103m s\u0103 le descoperi\u021bi parcurg\u00e2nd m\u0103rturiile documentare pe care le-a l\u0103sat cu at\u00e2ta generozitate \u00een urma ei.<\/p>\n<p>V\u0103 a\u0219tept\u0103m cu drag!<\/p>","protected":false},"excerpt":{"rendered":"<p>Muzeul Na\u021bional al Literaturii Rom\u00e2ne \u00een parteneriat cu Arhivele Na\u021bionale ale Rom\u00e2niei v\u0103 invit\u0103 la vernisajul expozi\u021biei \u201e\u00cen c\u0103utarea Iuliei&#8230;<\/p>","protected":false},"author":8,"featured_media":25300,"comment_status":"closed","ping_status":"closed","sticky":false,"template":"","format":"standard","meta":{"_exactmetrics_skip_tracking":false,"_exactmetrics_sitenote_active":false,"_exactmetrics_sitenote_note":"","_exactmetrics_sitenote_category":0,"footnotes":""},"categories":[9],"tags":[],"class_list":["post-25299","post","type-post","status-publish","format-standard","has-post-thumbnail","hentry","category-evenimente"],"_links":{"self":[{"href":"https:\/\/mnlr.ro\/en\/wp-json\/wp\/v2\/posts\/25299","targetHints":{"allow":["GET"]}}],"collection":[{"href":"https:\/\/mnlr.ro\/en\/wp-json\/wp\/v2\/posts"}],"about":[{"href":"https:\/\/mnlr.ro\/en\/wp-json\/wp\/v2\/types\/post"}],"author":[{"embeddable":true,"href":"https:\/\/mnlr.ro\/en\/wp-json\/wp\/v2\/users\/8"}],"replies":[{"embeddable":true,"href":"https:\/\/mnlr.ro\/en\/wp-json\/wp\/v2\/comments?post=25299"}],"version-history":[{"count":1,"href":"https:\/\/mnlr.ro\/en\/wp-json\/wp\/v2\/posts\/25299\/revisions"}],"predecessor-version":[{"id":25301,"href":"https:\/\/mnlr.ro\/en\/wp-json\/wp\/v2\/posts\/25299\/revisions\/25301"}],"wp:featuredmedia":[{"embeddable":true,"href":"https:\/\/mnlr.ro\/en\/wp-json\/wp\/v2\/media\/25300"}],"wp:attachment":[{"href":"https:\/\/mnlr.ro\/en\/wp-json\/wp\/v2\/media?parent=25299"}],"wp:term":[{"taxonomy":"category","embeddable":true,"href":"https:\/\/mnlr.ro\/en\/wp-json\/wp\/v2\/categories?post=25299"},{"taxonomy":"post_tag","embeddable":true,"href":"https:\/\/mnlr.ro\/en\/wp-json\/wp\/v2\/tags?post=25299"}],"curies":[{"name":"wp","href":"https:\/\/api.w.org\/{rel}","templated":true}]}}