{"id":25313,"date":"2022-10-13T11:39:44","date_gmt":"2022-10-13T08:39:44","guid":{"rendered":"https:\/\/mnlr.ro\/?p=25313"},"modified":"2022-10-13T11:39:44","modified_gmt":"2022-10-13T08:39:44","slug":"lansare-roma-s-heroes","status":"publish","type":"post","link":"https:\/\/mnlr.ro\/en\/lansare-roma-s-heroes\/","title":{"rendered":"Lansare ROMA S\/HEROES"},"content":{"rendered":"<p><strong>S\u00e2mb\u0103t\u0103, 22 octombrie 2022, ora 18.00<\/strong><\/p>\n<p><em>Muzeul Na\u021bional al Literaturii Rom\u00e2ne, Str. Nicolae Cre\u021bulescu 8<\/em><\/p>\n<p>\u00cen 2022, pentru prima oar\u0103 \u00een Rom\u00e2nia, au fost publicate patru c\u0103r\u021bi ilustrate pentru copii, ce au ca personaje principale personalit\u0103\u021bi rome contemporane.<\/p>\n<p>Dou\u0103 activiste, un actor \u0219i un muzician sunt cele patru personaje de poveste ale celor patru c\u0103r\u021bi, semnate de nou\u0103 tineri de etnie rom\u0103.<\/p>\n<p>Sunt patru c\u0103r\u021bi care ne provoac\u0103 s\u0103 vedem dincolo de stereotipurile legate de romi \u0219i s\u0103 descoperim oameni deosebi\u021bi care tr\u0103iesc \u00een prezent \u0219i care sunt un model de perseveren\u021b\u0103, asumare \u0219i generozitate.<\/p>\n<p>Cele patru c\u0103r\u021bi fac parte din proiectul ROMA S\/HEROES \u0219i au fost publicate \u00een septembrie 2022.<\/p>\n<p>1800 de exemplare (450 de seturi) au fost donate \u00een 450 de gr\u0103dini\u021be din medii vulnerabile din \u021bar\u0103 \u0219i vor fi citite miilor de copii de c\u0103tre educatoarele din gr\u0103dini\u021bele beneficiare.<\/p>\n<p>C\u0103r\u021bile sunt distribuite cu sprijinul prietenilor no\u0219tri de la Asocia\u021bia OvidiuRo.<\/p>\n<p><strong>Parteneri: <\/strong>Uniunea Civica a Tinerilor Romi din Romania, Filiala Ion Creang\u0103 &#8211; Biblioteca Metropolitan\u0103 Bucure\u015fti \u0219i Asociatia OvidiuRo.<\/p>\n<p><strong>\u00a0<\/strong><\/p>\n<p><strong>\u00a0<\/strong><\/p>","protected":false},"excerpt":{"rendered":"<p>S\u00e2mb\u0103t\u0103, 22 octombrie 2022, ora 18.00 Muzeul Na\u021bional al Literaturii Rom\u00e2ne, Str. Nicolae Cre\u021bulescu 8 \u00cen 2022, pentru prima oar\u0103&#8230;<\/p>","protected":false},"author":8,"featured_media":25314,"comment_status":"closed","ping_status":"closed","sticky":false,"template":"","format":"standard","meta":{"_exactmetrics_skip_tracking":false,"_exactmetrics_sitenote_active":false,"_exactmetrics_sitenote_note":"","_exactmetrics_sitenote_category":0,"footnotes":""},"categories":[9],"tags":[],"class_list":["post-25313","post","type-post","status-publish","format-standard","has-post-thumbnail","hentry","category-evenimente"],"_links":{"self":[{"href":"https:\/\/mnlr.ro\/en\/wp-json\/wp\/v2\/posts\/25313","targetHints":{"allow":["GET"]}}],"collection":[{"href":"https:\/\/mnlr.ro\/en\/wp-json\/wp\/v2\/posts"}],"about":[{"href":"https:\/\/mnlr.ro\/en\/wp-json\/wp\/v2\/types\/post"}],"author":[{"embeddable":true,"href":"https:\/\/mnlr.ro\/en\/wp-json\/wp\/v2\/users\/8"}],"replies":[{"embeddable":true,"href":"https:\/\/mnlr.ro\/en\/wp-json\/wp\/v2\/comments?post=25313"}],"version-history":[{"count":2,"href":"https:\/\/mnlr.ro\/en\/wp-json\/wp\/v2\/posts\/25313\/revisions"}],"predecessor-version":[{"id":25345,"href":"https:\/\/mnlr.ro\/en\/wp-json\/wp\/v2\/posts\/25313\/revisions\/25345"}],"wp:featuredmedia":[{"embeddable":true,"href":"https:\/\/mnlr.ro\/en\/wp-json\/wp\/v2\/media\/25314"}],"wp:attachment":[{"href":"https:\/\/mnlr.ro\/en\/wp-json\/wp\/v2\/media?parent=25313"}],"wp:term":[{"taxonomy":"category","embeddable":true,"href":"https:\/\/mnlr.ro\/en\/wp-json\/wp\/v2\/categories?post=25313"},{"taxonomy":"post_tag","embeddable":true,"href":"https:\/\/mnlr.ro\/en\/wp-json\/wp\/v2\/tags?post=25313"}],"curies":[{"name":"wp","href":"https:\/\/api.w.org\/{rel}","templated":true}]}}