{"id":25354,"date":"2022-10-14T17:11:10","date_gmt":"2022-10-14T14:11:10","guid":{"rendered":"https:\/\/mnlr.ro\/?p=25354"},"modified":"2022-11-02T09:14:34","modified_gmt":"2022-11-02T07:14:34","slug":"ioan-opris-o-viata-dedicata-patrimoniului-cultural-national-lansare-de-carte","status":"publish","type":"post","link":"https:\/\/mnlr.ro\/en\/ioan-opris-o-viata-dedicata-patrimoniului-cultural-national-lansare-de-carte\/","title":{"rendered":"\u201eIoan Opri\u0219. O via\u021b\u0103 dedicat\u0103 Patrimoniului Cultural Na\u021bional\u201d | Lansare de carte"},"content":{"rendered":"<p>Muzeul Na\u021bional al Literaturii Rom\u00e2ne are deosebita pl\u0103cere de a v\u0103 invita miercuri, 19 octombrie 2022, ora 17.00, la sediul muzeului din Strada Nicolae Cre\u021bulescu nr. 8, la un eveniment special dedicat cercet\u0103torului Ioan Opri\u0219. \u00cen spa\u021biul public, Ioan Opri\u0219 este o personalitate emblematic\u0103 a muzeologiei rom\u00e2ne\u0219ti contemporane, un eminent academician \u0219i un strateg str\u0103lucit, promotor al tendin\u021belor actuale ale \u0219tiin\u021bei muzeologice \u0219i patrimoniului cultural.<\/p>\n<p>\u00cen cadrul evenimentului va fi lansat\u0103 cartea <em>Ioan Opri\u0219.<\/em> <em>O via\u021b\u0103 dedicat\u0103 Patrimoniului Cultural Na\u021bional<\/em>. Volumul a fost coordonat de Mircea Ciubotaru, Aurica Ichim, Alexandru Constantin Chitu\u021b\u0103 \u0219i editat cu prilejul anivers\u0103rii profesorului Ioan Opri\u0219 la \u00eemplinirea a 80 de ani de via\u021b\u0103. Tip\u0103rit \u00een condi\u021bii grafice deosebite, volumul \u00eensumeaz\u0103 350 de pagini, fiind alc\u0103tuit din urm\u0103toarele capitole: \u201eO via\u021b\u0103 pentru o datorie\u201d; \u201eMonumente religioase \u0219i civile, arte minore\u201d\u00a0 \u0219i \u201ePentru conservarea patrimoniului cultural\u201d.<\/p>\n<p>Acad. Georgeta Filitti sublinia \u00een prefa\u021ba c\u0103r\u021bii: \u201eProfesorul Ioan Opri\u0219 \u0219i-a legat numele \u00een chip magistral de muzeografia rom\u00e2n\u0103 \u0219i, dac\u0103 vrei s\u0103 \u00een\u021belegi dimensiunile acestei discipline, nu-i po\u021bi ocoli contribu\u021bia. Profesorul Ioan Opri\u0219, prin munca de o via\u021b\u0103, a dob\u00e2ndit acest statut de garant, de pild\u0103 \u00een specialitatea sa, \u0219i azi se cuvine s\u0103-l omagiem, ur\u00e2ndu-i s\u0103n\u0103tate \u0219i reu\u0219it\u0103 \u00een tot ce face.\u201d<\/p>\n<p>Volumul a ap\u0103rut datorit\u0103 excelentei rela\u021bii dintre Muzeul Na\u021bional Brukenthal \u0219i Muzeul Municipal <em>Regina Maria<\/em> din Ia\u0219i, fiind finan\u021bat de Prim\u0103ria Municipiului Ia\u0219i.<\/p>\n<p>La eveniment vor lua cuv\u00e2ntul acad. R\u0103zvan Theodorescu, vicepre\u0219edintele Academiei Rom\u00e2ne, prof. univ. dr. Ioan Cristescu, directorul general al MNLR, dr. Virgil Ni\u021bulescu, directorul general al Muzeului Na\u021bional al \u021a\u0103ranului Rom\u00e2n, dr. Cornel Ilie, directorul adjunct al Muzeului Na\u021bional de Istorie a Rom\u00e2niei, dr. Aurica Ichim, director al Muzeului Municipal <em>Regina Maria<\/em>, dr. Alexandru Constantin Chitu\u021b\u0103, manager interimar al Muzeului Na\u0163ional Brukenthal, \u0219i Eugenia Oprescu, \u0219ef Sec\u021bie Patrimoniu \u00een cadrul MNLR.<\/p>\n<p>Ioan Opri\u0219 s-a n\u0103scut la 9 iunie 1942, \u00een Lechin\u021ba de Mure\u0219 (jud. Mure\u0219). Urmeaz\u0103 studiile primare \u0219i liceale la Turda, iar apoi Facultatea de Istorie la Universitatea <em>Babe\u0219-Bolyai <\/em>\u0219i la Universitatea din Bucure\u0219ti. \u00cen 1983 ob\u021bine titlul de doctor la Cluj. \u00cen perioada 1982-1990 a fost redactor principal la Editura \u0218tiin\u021bific\u0103 \u0219i Enciclopedic\u0103. Ulterior, a ocupat func\u021bia de director al Direc\u021biei Muzeelor \u0219i Colec\u021biilor. \u00centre 1991 \u0219i 1994 a fost director fondator al Muzeului Na\u021bional Cotroceni, iar \u00een perioada 1993-1994, director al Direc\u021biei pentru Protec\u021bia \u0219i Valorificarea Patrimoniului Cultural Na\u021bional din cadrul Ministerului Culturii. A predat la mai multe universit\u0103\u021bi, printre care \u0219i la Universitatea <em>Valahia, <\/em>care i-a oferit distinsului profesor titlul onorific de Doctor Honoris Causa pentru rezultatele remarcabile ob\u021binute \u00een activitatea academic\u0103, pentru dezvoltarea cunoa\u0219terii \u0219tiin\u021bifice, muzeografiei \u0219i a culturii, modernizarea metodelor de investigare psiho-socio-pedagogic\u0103 \u0219i introducerea pedagogiei muzeale \u00een muzee. Activitatea de cercet\u0103tor \u0219tiin\u021bific \u0219i de pionierat \u00een domeniul muzeologiei a fost apreciat\u0103 \u0219i r\u0103spl\u0103tit\u0103 cu numeroase distinc\u021bii \u0219i premii: Premiul <em>George Oprescu<\/em>, acordat de Academia Rom\u00e2n\u0103, \u00een 1994; Ordinul Pentru Merit \u00een grad de cavaler, \u00een anul 2002. Este membru de onoare al Academiei din 2017. A publicat peste 40 de volume, peste 400 de articole de specialitate, a participat la sesiuni, comunic\u0103rii \u0219i simpozioane \u00een \u021bar\u0103 \u0219i \u00een str\u0103in\u0103tate.<\/p>\n<p><img loading=\"lazy\" decoding=\"async\" class=\"size-medium wp-image-25581\" src=\"https:\/\/mnlr.ro\/wp-content\/uploads\/2022\/10\/VDC-001-500x281.jpg\" alt=\"\" width=\"500\" height=\"281\" srcset=\"https:\/\/mnlr.ro\/wp-content\/uploads\/2022\/10\/VDC-001-500x281.jpg 500w, https:\/\/mnlr.ro\/wp-content\/uploads\/2022\/10\/VDC-001-768x431.jpg 768w, https:\/\/mnlr.ro\/wp-content\/uploads\/2022\/10\/VDC-001.jpg 1191w\" sizes=\"auto, (max-width: 500px) 100vw, 500px\" \/><\/p>\n<p><img loading=\"lazy\" decoding=\"async\" class=\"size-medium wp-image-25582\" src=\"https:\/\/mnlr.ro\/wp-content\/uploads\/2022\/10\/VDC-194-1-500x281.jpg\" alt=\"\" width=\"500\" height=\"281\" srcset=\"https:\/\/mnlr.ro\/wp-content\/uploads\/2022\/10\/VDC-194-1-500x281.jpg 500w, https:\/\/mnlr.ro\/wp-content\/uploads\/2022\/10\/VDC-194-1-768x431.jpg 768w, https:\/\/mnlr.ro\/wp-content\/uploads\/2022\/10\/VDC-194-1.jpg 1191w\" sizes=\"auto, (max-width: 500px) 100vw, 500px\" \/><\/p>\n<p><img loading=\"lazy\" decoding=\"async\" class=\"size-medium wp-image-25583\" src=\"https:\/\/mnlr.ro\/wp-content\/uploads\/2022\/10\/VDC-285-295x500.jpg\" alt=\"\" width=\"295\" height=\"500\" srcset=\"https:\/\/mnlr.ro\/wp-content\/uploads\/2022\/10\/VDC-285-295x500.jpg 295w, https:\/\/mnlr.ro\/wp-content\/uploads\/2022\/10\/VDC-285.jpg 653w\" sizes=\"auto, (max-width: 295px) 100vw, 295px\" \/><\/p>\n<p><img loading=\"lazy\" decoding=\"async\" class=\"size-medium wp-image-25584\" src=\"https:\/\/mnlr.ro\/wp-content\/uploads\/2022\/10\/VDC-273-1-500x281.jpg\" alt=\"\" width=\"500\" height=\"281\" srcset=\"https:\/\/mnlr.ro\/wp-content\/uploads\/2022\/10\/VDC-273-1-500x281.jpg 500w, https:\/\/mnlr.ro\/wp-content\/uploads\/2022\/10\/VDC-273-1-768x431.jpg 768w, https:\/\/mnlr.ro\/wp-content\/uploads\/2022\/10\/VDC-273-1.jpg 1134w\" sizes=\"auto, (max-width: 500px) 100vw, 500px\" \/><\/p>\n<p><img loading=\"lazy\" decoding=\"async\" class=\"size-medium wp-image-25585\" src=\"https:\/\/mnlr.ro\/wp-content\/uploads\/2022\/10\/VDC-266-500x281.jpg\" alt=\"\" width=\"500\" height=\"281\" srcset=\"https:\/\/mnlr.ro\/wp-content\/uploads\/2022\/10\/VDC-266-500x281.jpg 500w, https:\/\/mnlr.ro\/wp-content\/uploads\/2022\/10\/VDC-266-768x431.jpg 768w, https:\/\/mnlr.ro\/wp-content\/uploads\/2022\/10\/VDC-266.jpg 1134w\" sizes=\"auto, (max-width: 500px) 100vw, 500px\" \/><\/p>\n<p><img loading=\"lazy\" decoding=\"async\" class=\"size-medium wp-image-25586\" src=\"https:\/\/mnlr.ro\/wp-content\/uploads\/2022\/10\/VDC-154-500x281.jpg\" alt=\"\" width=\"500\" height=\"281\" srcset=\"https:\/\/mnlr.ro\/wp-content\/uploads\/2022\/10\/VDC-154-500x281.jpg 500w, https:\/\/mnlr.ro\/wp-content\/uploads\/2022\/10\/VDC-154-768x431.jpg 768w, https:\/\/mnlr.ro\/wp-content\/uploads\/2022\/10\/VDC-154.jpg 1134w\" sizes=\"auto, (max-width: 500px) 100vw, 500px\" \/><\/p>\n<p><img loading=\"lazy\" decoding=\"async\" class=\"size-medium wp-image-25588\" src=\"https:\/\/mnlr.ro\/wp-content\/uploads\/2022\/10\/VDC-115-500x333.jpg\" alt=\"\" width=\"500\" height=\"333\" srcset=\"https:\/\/mnlr.ro\/wp-content\/uploads\/2022\/10\/VDC-115-500x333.jpg 500w, https:\/\/mnlr.ro\/wp-content\/uploads\/2022\/10\/VDC-115-768x512.jpg 768w, https:\/\/mnlr.ro\/wp-content\/uploads\/2022\/10\/VDC-115.jpg 1063w\" sizes=\"auto, (max-width: 500px) 100vw, 500px\" \/><\/p>\n<p><img loading=\"lazy\" decoding=\"async\" class=\"size-medium wp-image-25589\" src=\"https:\/\/mnlr.ro\/wp-content\/uploads\/2022\/10\/VDC-102-1-500x333.jpg\" alt=\"\" width=\"500\" height=\"333\" srcset=\"https:\/\/mnlr.ro\/wp-content\/uploads\/2022\/10\/VDC-102-1-500x333.jpg 500w, https:\/\/mnlr.ro\/wp-content\/uploads\/2022\/10\/VDC-102-1-768x512.jpg 768w, https:\/\/mnlr.ro\/wp-content\/uploads\/2022\/10\/VDC-102-1.jpg 1063w\" sizes=\"auto, (max-width: 500px) 100vw, 500px\" \/><\/p>\n<p><img loading=\"lazy\" decoding=\"async\" class=\"size-medium wp-image-25590\" src=\"https:\/\/mnlr.ro\/wp-content\/uploads\/2022\/10\/VDC-100-500x358.jpg\" alt=\"\" width=\"500\" height=\"358\" srcset=\"https:\/\/mnlr.ro\/wp-content\/uploads\/2022\/10\/VDC-100-500x358.jpg 500w, https:\/\/mnlr.ro\/wp-content\/uploads\/2022\/10\/VDC-100-768x550.jpg 768w, https:\/\/mnlr.ro\/wp-content\/uploads\/2022\/10\/VDC-100.jpg 1049w\" sizes=\"auto, (max-width: 500px) 100vw, 500px\" \/><\/p>\n<p><img loading=\"lazy\" decoding=\"async\" class=\"size-medium wp-image-25591\" src=\"https:\/\/mnlr.ro\/wp-content\/uploads\/2022\/10\/VDC-174-500x281.jpg\" alt=\"\" width=\"500\" height=\"281\" srcset=\"https:\/\/mnlr.ro\/wp-content\/uploads\/2022\/10\/VDC-174-500x281.jpg 500w, https:\/\/mnlr.ro\/wp-content\/uploads\/2022\/10\/VDC-174-768x431.jpg 768w, https:\/\/mnlr.ro\/wp-content\/uploads\/2022\/10\/VDC-174.jpg 1120w\" sizes=\"auto, (max-width: 500px) 100vw, 500px\" \/><\/p>","protected":false},"excerpt":{"rendered":"<p>Muzeul Na\u021bional al Literaturii Rom\u00e2ne are deosebita pl\u0103cere de a v\u0103 invita miercuri, 19 octombrie 2022, ora 17.00, la sediul&#8230;<\/p>","protected":false},"author":8,"featured_media":25381,"comment_status":"closed","ping_status":"closed","sticky":false,"template":"","format":"standard","meta":{"_exactmetrics_skip_tracking":false,"_exactmetrics_sitenote_active":false,"_exactmetrics_sitenote_note":"","_exactmetrics_sitenote_category":0,"footnotes":""},"categories":[9,21],"tags":[],"class_list":["post-25354","post","type-post","status-publish","format-standard","has-post-thumbnail","hentry","category-evenimente","category-lansari-de-carte"],"_links":{"self":[{"href":"https:\/\/mnlr.ro\/en\/wp-json\/wp\/v2\/posts\/25354","targetHints":{"allow":["GET"]}}],"collection":[{"href":"https:\/\/mnlr.ro\/en\/wp-json\/wp\/v2\/posts"}],"about":[{"href":"https:\/\/mnlr.ro\/en\/wp-json\/wp\/v2\/types\/post"}],"author":[{"embeddable":true,"href":"https:\/\/mnlr.ro\/en\/wp-json\/wp\/v2\/users\/8"}],"replies":[{"embeddable":true,"href":"https:\/\/mnlr.ro\/en\/wp-json\/wp\/v2\/comments?post=25354"}],"version-history":[{"count":6,"href":"https:\/\/mnlr.ro\/en\/wp-json\/wp\/v2\/posts\/25354\/revisions"}],"predecessor-version":[{"id":25592,"href":"https:\/\/mnlr.ro\/en\/wp-json\/wp\/v2\/posts\/25354\/revisions\/25592"}],"wp:featuredmedia":[{"embeddable":true,"href":"https:\/\/mnlr.ro\/en\/wp-json\/wp\/v2\/media\/25381"}],"wp:attachment":[{"href":"https:\/\/mnlr.ro\/en\/wp-json\/wp\/v2\/media?parent=25354"}],"wp:term":[{"taxonomy":"category","embeddable":true,"href":"https:\/\/mnlr.ro\/en\/wp-json\/wp\/v2\/categories?post=25354"},{"taxonomy":"post_tag","embeddable":true,"href":"https:\/\/mnlr.ro\/en\/wp-json\/wp\/v2\/tags?post=25354"}],"curies":[{"name":"wp","href":"https:\/\/api.w.org\/{rel}","templated":true}]}}