{"id":25698,"date":"2022-11-14T18:49:46","date_gmt":"2022-11-14T16:49:46","guid":{"rendered":"https:\/\/mnlr.ro\/?p=25698"},"modified":"2022-11-14T18:53:28","modified_gmt":"2022-11-14T16:53:28","slug":"mini-cafeneaua-critica-183-lovetei-lazar-laszlo-si-ion-bogdan-lefter","status":"publish","type":"post","link":"https:\/\/mnlr.ro\/en\/mini-cafeneaua-critica-183-lovetei-lazar-laszlo-si-ion-bogdan-lefter\/","title":{"rendered":"mini-Cafeneaua critic\u0103 #183 | L\u00f6v\u00e9tei L\u00e1z\u00e1r L\u00e1szl\u00f3 \u0219i Ion Bogdan Lefter"},"content":{"rendered":"<p>Invitatul episodului 183 al mini-Cafenelei critice on-line din aceast\u0103 sear\u0103 este L\u00f6v\u00e9tei L\u00e1z\u00e1r L\u00e1szl\u00f3, poet \u0219i jurnalist din S\u00e2ndominic, fost redactor-\u0219ef al revistei Sz\u00e9kelyf\u00f6ld din Miercurea Ciuc.<\/p>\n<p>Amfitrion: Ion Bogdan Lefter.<\/p>\n<p><iframe loading=\"lazy\" title=\"mini-Cafeneaua critic\u0103 #183 | L\u00f6v\u00e9tei L\u00e1z\u00e1r L\u00e1szl\u00f3 \u0219i Ion Bogdan Lefter\" src=\"https:\/\/player.vimeo.com\/video\/770804389?dnt=1&amp;app_id=122963\" width=\"500\" height=\"281\" frameborder=\"0\" allow=\"autoplay; fullscreen; picture-in-picture; clipboard-write\"><\/iframe><\/p>","protected":false},"excerpt":{"rendered":"<p>Invitatul episodului 183 al mini-Cafenelei critice on-line din aceast\u0103 sear\u0103 este L\u00f6v\u00e9tei L\u00e1z\u00e1r L\u00e1szl\u00f3, poet \u0219i jurnalist din S\u00e2ndominic, fost&#8230;<\/p>","protected":false},"author":8,"featured_media":25561,"comment_status":"closed","ping_status":"closed","sticky":false,"template":"","format":"standard","meta":{"_exactmetrics_skip_tracking":false,"_exactmetrics_sitenote_active":false,"_exactmetrics_sitenote_note":"","_exactmetrics_sitenote_category":0,"footnotes":""},"categories":[9],"tags":[],"class_list":["post-25698","post","type-post","status-publish","format-standard","has-post-thumbnail","hentry","category-evenimente"],"_links":{"self":[{"href":"https:\/\/mnlr.ro\/en\/wp-json\/wp\/v2\/posts\/25698","targetHints":{"allow":["GET"]}}],"collection":[{"href":"https:\/\/mnlr.ro\/en\/wp-json\/wp\/v2\/posts"}],"about":[{"href":"https:\/\/mnlr.ro\/en\/wp-json\/wp\/v2\/types\/post"}],"author":[{"embeddable":true,"href":"https:\/\/mnlr.ro\/en\/wp-json\/wp\/v2\/users\/8"}],"replies":[{"embeddable":true,"href":"https:\/\/mnlr.ro\/en\/wp-json\/wp\/v2\/comments?post=25698"}],"version-history":[{"count":1,"href":"https:\/\/mnlr.ro\/en\/wp-json\/wp\/v2\/posts\/25698\/revisions"}],"predecessor-version":[{"id":25699,"href":"https:\/\/mnlr.ro\/en\/wp-json\/wp\/v2\/posts\/25698\/revisions\/25699"}],"wp:featuredmedia":[{"embeddable":true,"href":"https:\/\/mnlr.ro\/en\/wp-json\/wp\/v2\/media\/25561"}],"wp:attachment":[{"href":"https:\/\/mnlr.ro\/en\/wp-json\/wp\/v2\/media?parent=25698"}],"wp:term":[{"taxonomy":"category","embeddable":true,"href":"https:\/\/mnlr.ro\/en\/wp-json\/wp\/v2\/categories?post=25698"},{"taxonomy":"post_tag","embeddable":true,"href":"https:\/\/mnlr.ro\/en\/wp-json\/wp\/v2\/tags?post=25698"}],"curies":[{"name":"wp","href":"https:\/\/api.w.org\/{rel}","templated":true}]}}