{"id":25789,"date":"2022-11-25T13:25:31","date_gmt":"2022-11-25T11:25:31","guid":{"rendered":"https:\/\/mnlr.ro\/?p=25789"},"modified":"2022-11-26T14:10:05","modified_gmt":"2022-11-26T12:10:05","slug":"impodobirea-bradului","status":"publish","type":"post","link":"https:\/\/mnlr.ro\/en\/impodobirea-bradului\/","title":{"rendered":"\u00cempodobirea bradului la MNLR"},"content":{"rendered":"<p>Sunt multe pove\u0219ti despre bradul de Cr\u0103ciun, care era \u00eempodobit, la \u00eenceput, cu fructe, flori de h\u00e2rtie sau biscui\u021bi. \u00cen timp, au ap\u0103rut globule\u021bele de sticl\u0103, beteala, bomboanele de ciocolat\u0103, instala\u021biile luminoase.<\/p>\n<p>Sunt pove\u0219ti \u0219i despre obiceiul ca \u00een v\u00e2rful bradului de Cr\u0103ciun s\u0103 se a\u0219eze o stea, simbol al stelei care i-a c\u0103l\u0103uzit pe magi p\u00e2n\u0103 la Betleem. Sunt pove\u0219ti nenum\u0103rate despre Mo\u0219 Nicolae \u0219i Mo\u0219 Cr\u0103ciun. Copiii cumin\u021bi le cunosc pe toate.<\/p>\n<p>Haide\u021bi duminic\u0103, 4 decembrie 2022, de la ora 16.00, la sediul din Str. Nicolae Cre\u021bulescu nr. 8, s\u0103 \u00eempodobim bradul \u00een ajun de Sf\u00e2ntul Nicolae la Muzeul Na\u021bional al Literaturii Rom\u00e2ne, s\u0103 ascult\u0103m colinde \u0219i s\u0103 spunem pove\u0219ti! Ce altceva ne-ar putea umple inimile cu lumin\u0103 \u0219i bucurie?<\/p>\n<p>Vom petrece \u00eempreun\u0103 o dup\u0103-amiaz\u0103 de poveste. Copiii vor spune pove\u0219ti frumoase, iar cantautorul Ovidiu Mih\u0103ilescu va avea un concert de colinde. Mo\u0219 Nicolae va a\u0219tepta cuminte s\u0103 ne lustruim ghetu\u021bele \u0219i s\u0103 ne aduc\u0103 tuturor daruri.<\/p>\n<p>Dragi p\u0103rin\u021bi \u0219i bunici, rezerv\u0103ri pentru copiii \u0219i nepo\u021bii care vor s\u0103 spun\u0103 pove\u0219ti pot fi f\u0103cute direct la adresa de mail programe@mnlr.ro sau la tel. 0736.598.451 &#8211; WhatsApp.<\/p>\n<p>V\u0103 a\u0219tept\u0103m cu drag!<\/p>","protected":false},"excerpt":{"rendered":"<p>Sunt multe pove\u0219ti despre bradul de Cr\u0103ciun, care era \u00eempodobit, la \u00eenceput, cu fructe, flori de h\u00e2rtie sau biscui\u021bi. \u00cen&#8230;<\/p>","protected":false},"author":8,"featured_media":25790,"comment_status":"closed","ping_status":"closed","sticky":false,"template":"","format":"standard","meta":{"_exactmetrics_skip_tracking":false,"_exactmetrics_sitenote_active":false,"_exactmetrics_sitenote_note":"","_exactmetrics_sitenote_category":0,"footnotes":""},"categories":[9],"tags":[],"class_list":["post-25789","post","type-post","status-publish","format-standard","has-post-thumbnail","hentry","category-evenimente"],"_links":{"self":[{"href":"https:\/\/mnlr.ro\/en\/wp-json\/wp\/v2\/posts\/25789","targetHints":{"allow":["GET"]}}],"collection":[{"href":"https:\/\/mnlr.ro\/en\/wp-json\/wp\/v2\/posts"}],"about":[{"href":"https:\/\/mnlr.ro\/en\/wp-json\/wp\/v2\/types\/post"}],"author":[{"embeddable":true,"href":"https:\/\/mnlr.ro\/en\/wp-json\/wp\/v2\/users\/8"}],"replies":[{"embeddable":true,"href":"https:\/\/mnlr.ro\/en\/wp-json\/wp\/v2\/comments?post=25789"}],"version-history":[{"count":2,"href":"https:\/\/mnlr.ro\/en\/wp-json\/wp\/v2\/posts\/25789\/revisions"}],"predecessor-version":[{"id":25792,"href":"https:\/\/mnlr.ro\/en\/wp-json\/wp\/v2\/posts\/25789\/revisions\/25792"}],"wp:featuredmedia":[{"embeddable":true,"href":"https:\/\/mnlr.ro\/en\/wp-json\/wp\/v2\/media\/25790"}],"wp:attachment":[{"href":"https:\/\/mnlr.ro\/en\/wp-json\/wp\/v2\/media?parent=25789"}],"wp:term":[{"taxonomy":"category","embeddable":true,"href":"https:\/\/mnlr.ro\/en\/wp-json\/wp\/v2\/categories?post=25789"},{"taxonomy":"post_tag","embeddable":true,"href":"https:\/\/mnlr.ro\/en\/wp-json\/wp\/v2\/tags?post=25789"}],"curies":[{"name":"wp","href":"https:\/\/api.w.org\/{rel}","templated":true}]}}