{"id":25823,"date":"2022-11-28T17:17:10","date_gmt":"2022-11-28T15:17:10","guid":{"rendered":"https:\/\/mnlr.ro\/?p=25823"},"modified":"2022-11-29T14:03:53","modified_gmt":"2022-11-29T12:03:53","slug":"lansari-de-carte-editura-eikon","status":"publish","type":"post","link":"https:\/\/mnlr.ro\/en\/lansari-de-carte-editura-eikon\/","title":{"rendered":"Lans\u0103ri de carte &#8211; Editura Eikon"},"content":{"rendered":"<p>Editura EIKON, \u00een parteneriat cu Ministerul Culturii \u0219i Patrimoniului Na\u021bional din Polonia, Institutul de Literatur\u0103, Institutul Adam Mickiewicz, FITRALIT \u2013 Filiala Bucure\u0219ti \u0219i Muzeul Na\u021bional al Literaturii Rom\u00e2ne, v\u0103 invit\u0103 s\u0103 celebr\u0103m \u00eempreun\u0103 Anul Romantismului Polonez, printr-un eveniment inedit ce are \u00een centru lansarea \u00een premier\u0103 a patru traduceri: Kordian, de Juliusz S\u0142owacki, Nedivina comedie, de Zygmunt Krasi\u0144ski, Balade \u0219i roman\u021be; Sonete din Crimeea, de Adam Mickiewicz \u0219i, nu \u00een cele din urm\u0103, Flori negre. Scrieri \u00een proz\u0103, de Cyprian Kamil Norwid, mar\u021bi, 29 noiembrie 2022, ora 18.00.<\/p>\n<p>Participarea la eveniment este gratuit\u0103, \u00een limita locurilor disponibile ale mansardei din cadrul Muzeului Na\u021bional al Literaturii Rom\u00e2ne, Strada Nicolae Cre\u021bulescu num\u0103rul 8.<\/p>\n<p>Evenimentul lans\u0103rii va avea loc \u00een prezen\u021ba invita\u021bilor Marina Ilie, Peter Sragher \u0219i Constantin Geamba\u0219u (unul dintre traduc\u0103torii volumelor men\u021bionate), marc\u00e2nd \u00eemplinirea a 200 de ani de la publicarea volumului <em>Balade \u0219i roman\u021be<\/em>, de Adam Mickiewicz. Prin intermediul traduc\u0103torilor \u0219i tuturor partenerilor, Editura EIKON contribuie la promovarea literaturii polone, propun\u00e2ndu-le cititorilor (re)descoperirea frumuse\u021bii scrierilor clasice.<\/p>\n<p>\u00cen cadrul evenimentului, participan\u021bii vor putea achizi\u021biona c\u0103r\u021bile de la standul editurii.<\/p>\n<p>Persoan\u0103 de contact: Simona Poclid<\/p>\n<p>Secretar General de Redac\u021bie, Editura EIKON<\/p>\n<p>redactiaeikon@gmail.com\/ 0744981738<\/p>","protected":false},"excerpt":{"rendered":"<p>Editura EIKON, \u00een parteneriat cu Ministerul Culturii \u0219i Patrimoniului Na\u021bional din Polonia, Institutul de Literatur\u0103, Institutul Adam Mickiewicz, FITRALIT \u2013&#8230;<\/p>","protected":false},"author":8,"featured_media":25824,"comment_status":"closed","ping_status":"closed","sticky":false,"template":"","format":"standard","meta":{"_exactmetrics_skip_tracking":false,"_exactmetrics_sitenote_active":false,"_exactmetrics_sitenote_note":"","_exactmetrics_sitenote_category":0,"footnotes":""},"categories":[9],"tags":[],"class_list":["post-25823","post","type-post","status-publish","format-standard","has-post-thumbnail","hentry","category-evenimente"],"_links":{"self":[{"href":"https:\/\/mnlr.ro\/en\/wp-json\/wp\/v2\/posts\/25823","targetHints":{"allow":["GET"]}}],"collection":[{"href":"https:\/\/mnlr.ro\/en\/wp-json\/wp\/v2\/posts"}],"about":[{"href":"https:\/\/mnlr.ro\/en\/wp-json\/wp\/v2\/types\/post"}],"author":[{"embeddable":true,"href":"https:\/\/mnlr.ro\/en\/wp-json\/wp\/v2\/users\/8"}],"replies":[{"embeddable":true,"href":"https:\/\/mnlr.ro\/en\/wp-json\/wp\/v2\/comments?post=25823"}],"version-history":[{"count":3,"href":"https:\/\/mnlr.ro\/en\/wp-json\/wp\/v2\/posts\/25823\/revisions"}],"predecessor-version":[{"id":25849,"href":"https:\/\/mnlr.ro\/en\/wp-json\/wp\/v2\/posts\/25823\/revisions\/25849"}],"wp:featuredmedia":[{"embeddable":true,"href":"https:\/\/mnlr.ro\/en\/wp-json\/wp\/v2\/media\/25824"}],"wp:attachment":[{"href":"https:\/\/mnlr.ro\/en\/wp-json\/wp\/v2\/media?parent=25823"}],"wp:term":[{"taxonomy":"category","embeddable":true,"href":"https:\/\/mnlr.ro\/en\/wp-json\/wp\/v2\/categories?post=25823"},{"taxonomy":"post_tag","embeddable":true,"href":"https:\/\/mnlr.ro\/en\/wp-json\/wp\/v2\/tags?post=25823"}],"curies":[{"name":"wp","href":"https:\/\/api.w.org\/{rel}","templated":true}]}}