{"id":25854,"date":"2022-12-04T11:00:24","date_gmt":"2022-12-04T09:00:24","guid":{"rendered":"https:\/\/mnlr.ro\/?p=25854"},"modified":"2022-12-10T22:08:35","modified_gmt":"2022-12-10T20:08:35","slug":"poezie-si-creatie-paul-chiributa-si-loreta-popa","status":"publish","type":"post","link":"https:\/\/mnlr.ro\/en\/poezie-si-creatie-paul-chiributa-si-loreta-popa\/","title":{"rendered":"\u201ePoezie \u0219i crea\u021bie\u201d #119 | Paul Chiribu\u021b\u0103 \u0219i Loreta Popa"},"content":{"rendered":"<p>Invitat ast\u0103zi la \u201ePoezie \u0219i crea\u021bie\u201d este Paul Chiribu\u0163\u0103, personalitate de anvergur\u0103 interna\u0163ional\u0103 \u00een domeniul teatrului. A fost distins de statul francez cu titlul de Cavaler al Ordinului Artelor \u015fi Literelor, profesor la Acad\u00e9mie th\u00e9\u00e2trale de l\u2019Union din Limoges \u015fi la Universitatea Na\u0163ional\u0103 de Art\u0103 Teatral\u0103 \u015fi Cinematografic\u0103 din Bucure\u015fti. \u00cen septembrie, actorul Paul Chiribu\u021b\u0103 a aniversat 50 de ani dedica\u021bi scenei la Teatrul \u201eToma Caragiu\u201d din Ploie\u0219ti, unde a jucat \u00een \u201eThe Night Alive\u201d, \u0219i \u201eAvarul\u201d.<\/p>\n<p>\u0218i-a \u00eenceput drumul la Teatrul Tineretului din Piatra-Neam\u021b, apoi a venit la Bucure\u0219ti. Ajuns la Bulandra, pe l\u00e2ng\u0103 faptul c\u0103 l-a secondat pe Silviu Purc\u0103rete la direc\u0163ia teatrului, \u0219i-a \u00eenceput \u015fi cariera pedagogic\u0103, care avea s\u0103 devin\u0103 o preocupare major\u0103. A continuat apoi \u00een Fran\u0163a, odat\u0103 cu numirea lui Silviu Purc\u0103rete la direc\u0163ia Centrului Dramatic Na\u0163ional Limoges. \u00cen 2009 a revenit \u00een \u0163ar\u0103 la UNATC Bucure\u015fti ca profesor la catedra de Arta Actorului, iar \u00eentre 2013-2016 a \u00eendeplinit func\u0163ia de decan al Facult\u0103\u0163ii de Teatru.<\/p>\n<p>\u201ePerioada pandemiei n-a fost u\u0219oar\u0103. Mi-am v\u0103zut cum studen\u021bii chinuindu-se, mi-am v\u0103zut colegii trec\u00e2nd prin momente dificile, mai ales cei care nu erau angaja\u021bi. A fost o perioad\u0103 groaznic\u0103. Teatrul \u00eenseamn\u0103 leg\u0103tura direct\u0103 care se stabile\u0219te \u00eentre scen\u0103 \u0219i sal\u0103, puntea asta emo\u021bional\u0103 pe care ideile pot circula. Trec\u00e2nd prin at\u00e2tea secole, teatrul \u0219i-a dovedit necesitatea \u0219i dreptul lui de exista \u00een cetate. El va exista sub diverse forme. Exist\u0103 ast\u0103zi \u0219i aceast\u0103 tendin\u021b\u0103 a re\u00eentoarcerii strict c\u0103tre mesajul lui social, renun\u021barea aproape complet\u0103 la latura estetic\u0103. Teatrul postdramatic poate va avea virtu\u021bile lui \u00een viitor, dar sigur c\u0103 lumea totu\u0219i, e dovedit, se \u00eentoarce la poveste, toate spectacolele care spun ceva \u0219i \u0219tiu s\u0103 povesteasc\u0103 au audien\u021b\u0103. Nu am plecat niciodat\u0103 \u00eembr\u0103cat cu hainele personajului. E greu s\u0103 te dezbraci odat\u0103 cu costumul \u0219i de personaj, dar cred c\u0103 face parte din programul de s\u0103n\u0103tate al actorului s\u0103 poat\u0103 renun\u021ba destul de repede la personaj, s\u0103 poat\u0103 reveni la el, la via\u021ba lui, pentru ca a doua zi s-o ia de la cap\u0103t, s\u0103 mai intre \u00een pielea altuia\u201d, m\u0103rturise\u0219te Paul Chiribu\u021b\u0103.<\/p>\n<p>\u201eN-am visat, ca mul\u021bi al\u021bii, s\u0103 m\u0103 fac actor. M\u0103 pasionau istoria, arheologia, literatura. Scriam. \u00cei ajutam \u00eens\u0103 pe to\u021bi cei care se preg\u0103teau pentru tot felul de concursuri de recit\u0103ri inter\u0219colare, jude\u021bene. Toat\u0103 lumea venea la mine \u0219i-mi cerea un sfat. Pentru mine era ceva u\u0219or, dar nu m-am g\u00e2ndit niciodat\u0103 c\u0103 s-ar putea s\u0103 urmez aceast\u0103 profesie. P\u00e2n\u0103 \u00eentr-o zi&#8230; Am fost ultima promo\u021bie cu 11 clase. M\u0103 duceam spre \u0219coal\u0103 \u0219i pot s\u0103 v\u0103 spun c\u0103 am avut o revela\u021bie, adic\u0103 deodat\u0103 am avut senza\u021bia c\u0103 s-a f\u0103cut lumin\u0103 \u0219i c\u0103 toate lucrurile s-au a\u0219ezat cum ar fi trebuit s\u0103 se a\u0219eze. Am zis da. Eu m\u0103 fac actor. Mi s-a \u00eent\u00e2mplat brusc, pe strad\u0103, merg\u00e2nd \u00eentr-o diminea\u021b\u0103. De atunci n-am mai avut niciun dubiu. N-am intrat din prima la institut. Nu pentru c\u0103 a fost greu, ci pentru c\u0103 m-am trezit la ultima prob\u0103, care era monologul, \u0219i nu am \u0219tiut de ea. N-am \u0219tiut c\u0103 am nevoie de un monolog. Am spus repede Ric\u0103 Venturiano, al doilea monolog, atunci c\u00e2nd am fost \u00eentrebat. Apoi, am fugit repede unde st\u0103team \u00een Bucure\u0219ti, la o rud\u0103, am \u00eenv\u0103\u021bat monologul. L-am spus cu mari emo\u021bii, pentru c\u0103 m-am speriat, mi-am dat seama c\u0103 pot s\u0103 ratez. Mi-a p\u0103rut r\u0103u c\u0103 n-am intrat atunci, a\u0219 fi fost coleg cu Florin Zamfirescu, cu Mircea Diaconu, Gelu Colceag. Am fost primul sub linie. Deasupra mea era Mircea Diaconu. Erau pu\u021bine locuri la vremea respectiv\u0103\u201d, spune Paul Chiribu\u021b\u0103.<\/p>\n<p>Filmare \u0219i montaj: Alex Ursu<br \/>\nCredit foto: Dan Vatamaniuc<br \/>\nProiect coordonat \u0219i realizat de Loreta Popa<\/p>\n<p>Urm\u0103ri\u021bi \u201ePoezie \u0219i crea\u021bie\u201d aici:<\/p>\n<p>&nbsp;<\/p>\n<p>&nbsp;<\/p>","protected":false},"excerpt":{"rendered":"<p>Invitat ast\u0103zi la \u201ePoezie \u0219i crea\u021bie\u201d este Paul Chiribu\u0163\u0103, personalitate de anvergur\u0103 interna\u0163ional\u0103 \u00een domeniul teatrului. A fost distins de&#8230;<\/p>","protected":false},"author":11,"featured_media":25855,"comment_status":"closed","ping_status":"closed","sticky":false,"template":"","format":"standard","meta":{"_exactmetrics_skip_tracking":false,"_exactmetrics_sitenote_active":false,"_exactmetrics_sitenote_note":"","_exactmetrics_sitenote_category":0,"footnotes":""},"categories":[9,52],"tags":[],"class_list":["post-25854","post","type-post","status-publish","format-standard","has-post-thumbnail","hentry","category-evenimente","category-evenimente-on-line"],"_links":{"self":[{"href":"https:\/\/mnlr.ro\/en\/wp-json\/wp\/v2\/posts\/25854","targetHints":{"allow":["GET"]}}],"collection":[{"href":"https:\/\/mnlr.ro\/en\/wp-json\/wp\/v2\/posts"}],"about":[{"href":"https:\/\/mnlr.ro\/en\/wp-json\/wp\/v2\/types\/post"}],"author":[{"embeddable":true,"href":"https:\/\/mnlr.ro\/en\/wp-json\/wp\/v2\/users\/11"}],"replies":[{"embeddable":true,"href":"https:\/\/mnlr.ro\/en\/wp-json\/wp\/v2\/comments?post=25854"}],"version-history":[{"count":3,"href":"https:\/\/mnlr.ro\/en\/wp-json\/wp\/v2\/posts\/25854\/revisions"}],"predecessor-version":[{"id":25941,"href":"https:\/\/mnlr.ro\/en\/wp-json\/wp\/v2\/posts\/25854\/revisions\/25941"}],"wp:featuredmedia":[{"embeddable":true,"href":"https:\/\/mnlr.ro\/en\/wp-json\/wp\/v2\/media\/25855"}],"wp:attachment":[{"href":"https:\/\/mnlr.ro\/en\/wp-json\/wp\/v2\/media?parent=25854"}],"wp:term":[{"taxonomy":"category","embeddable":true,"href":"https:\/\/mnlr.ro\/en\/wp-json\/wp\/v2\/categories?post=25854"},{"taxonomy":"post_tag","embeddable":true,"href":"https:\/\/mnlr.ro\/en\/wp-json\/wp\/v2\/tags?post=25854"}],"curies":[{"name":"wp","href":"https:\/\/api.w.org\/{rel}","templated":true}]}}