{"id":26058,"date":"2023-01-04T16:01:03","date_gmt":"2023-01-04T14:01:03","guid":{"rendered":"https:\/\/mnlr.ro\/?p=26058"},"modified":"2023-01-05T12:16:52","modified_gmt":"2023-01-05T10:16:52","slug":"expozitia-sic-transit-a-artistei-vizuale-suzana-fantanariu","status":"publish","type":"post","link":"https:\/\/mnlr.ro\/en\/expozitia-sic-transit-a-artistei-vizuale-suzana-fantanariu\/","title":{"rendered":"Expozi\u021bia \u201eSIC TRANSIT\u2026\u201d a artistei vizuale Suzana F\u00e2nt\u00e2nariu"},"content":{"rendered":"<p>Muzeul Na\u021bional al Literaturii Rom\u00e2ne Bucure\u0219ti prezint\u0103, \u00een perioada 6-28 ianuarie 2023, la sediul din Calea Grivi\u021bei nr. 64-66, expozi\u021bia \u201eSIC TRANSIT\u2026\u201d a artistei vizuale Suzana F\u00e2nt\u00e2nariu, curatoriat\u0103 de Cristina Simion \u0219i realizat\u0103 \u00een colaborare cu artistul video Andrei Cozlac. Vernisajul expozi\u021biei va avea loc pe 16 ianuarie 2023, ora 18.00, \u00een cadrul manifest\u0103rilor dedicate Zilei Culturii Na\u021bionale, \u0219i va fi \u00eenso\u021bit de lansarea volumului de poezie \u201eExces de Melancolie\u201d, recent ap\u0103rut la Editura Avalon din Cluj-Napoca.<\/p>\n<p>La mai bine de un deceniu de la ultima sa expozi\u021bie bucure\u0219tean\u0103 (\u201eHipersemne\u201c, la sediul Institutului Cultural Rom\u00e2n, 2010), Suzana F\u00e2nt\u00e2nariu revine \u00een capital\u0103 cu o expozi\u021bie excep\u021bional\u0103, \u00een care prezint\u0103 \u00een premier\u0103 dou\u0103 serii de lucr\u0103ri recente, \u201eJurnale Utopice\u201d (obiect, tehnic\u0103 mixt\u0103) \u0219i \u201ePortrete Arborescente\u201d (desen). \u201eJurnalele Utopice\u201d sunt un demers de recuperare material\u0103 \u0219i afectiv\u0103, de reconversie artistic\u0103 a unor fragmente de realitate cu sensuri multiple, de transfer al unor relicve din sfera consumului \u00een cea a perenit\u0103\u021bii. \u201ePortretele Arborescente\u201d sunt desene frapante prin folosirea detaliilor anatomice par\u021bial metamorfozate \u00een elemente vegetal-lemnoase, simboluri ale regresiunii, ale metamorfozei de tip kafkian, ale vulnerabilit\u0103\u021bii spa\u021biului intim.<br \/>\nOrganizat\u0103 \u00een \u201ecamere\u201d distincte, care urm\u0103resc \u0219i exploateaz\u0103 topografia spa\u021biului muzeal, expozi\u021bia e o c\u0103l\u0103torie \u00eentr-un labirint imaginat de artist\u0103 ca o imersie \u00een c\u00e2teva dintre temele sale preferate: corpul, utopia, zborul, lumina, fragilitatea efemer\u0103 a existen\u021bei.<\/p>\n<p><strong>Suzana F\u00e2nt\u00e2nariu<\/strong> (n. 1947) este una dintre cele mai importante artiste vizuale ale artei contemporane rom\u00e2ne\u0219ti, timp de un sfert de secol profesor universitar dr. al Facult\u0103\u021bii de Arte Vizuale \u0219i Design a Universit\u0103\u021bii de Vest din Timi\u0219oara, autoare a numeroase studii \u0219i articole despre art\u0103 \u0219i a unui recent ap\u0103rut volum de poezie, doctor honoris causa al Universit\u0103\u021bii Na\u021bionale de Arte \u201eGeorge Enescu\u201d din Ia\u0219i. A avut zeci de expozi\u021bii personale na\u021bionale \u0219i interna\u021bionale \u0219i a participat la sute de expozi\u021bii colective, bienale \u0219i trienale, tabere de crea\u021bie \u0219i concursuri. A primit Medalia de Aur \u0219i Efigia de Membru permanent al Clubului UNESCO Vicenza la Bienala Interna\u021bional\u0103 Di Carta\/Papermade, Schio, Italia (2021), Marele Premiu al Uniunii Arti\u0219tilor Plastici din Rom\u00e2nia (2018), Marele Premiu al Ministerului Culturii din Republica Moldova (2014), Bursa Na\u021bional\u0103 \u201eConstantin Br\u00e2ncu\u0219i\u201d la Paris (2006), Premiul de Excelen\u021b\u0103 al Bienalei Interna\u021bionale de Gravur\u0103 de la Beijing (2003), Premiul I al Bienalei Interna\u021bionale de Arta Sharjah, U.A.E. (1997), Premiul II al Bienalei Interna\u021bionale de Gravur\u0103 de la Maastricht (1993), Premiul I la Bienala Interna\u021bional\u0103 de Art\u0103 Contemporan\u0103 a \u021a\u0103rilor Francofone Paris (1992).<\/p>\n<p><strong>Andrei Cozlac<\/strong> (n. 1986) este artist video, lector universitar dr. la Universitatea Na\u021bional\u0103 de Arte \u201eGeorge Enescu\u201d Ia\u0219i, Facultatea de Arte Vizuale, profesor colaborator la sec\u021bia de media a Facult\u0103\u021bii de Arte din T\u00e2rgu Mure\u0219. Experimentalist, interesat de cele mai noi tehnologii multimedia, a colaborat la numeroase proiecte de visuals, video-mapping, proiec\u021biimlive, a fost artist invitat la bienale \u0219i festivaluri interna\u021bionale \u0219i a fost de dou\u0103 ori recompensat cu Premiul UNITER pentru video-design. A colaborat cu prestigio\u0219i arti\u0219ti vizuali \u00een proiecte interdisciplinare, cel mai recent fiind \u201eMusta\u021ba lui Dali\u201d (cu Felix Aftene \u0219i Lucian Dan Teodorovici), la Bienala Interna\u021bional\u0103 de Arte.<\/p>\n<p>Expozi\u021bia poate fi vizitat\u0103 de mar\u021bi p\u00e2n\u0103 s\u00e2mb\u0103t\u0103, \u00een intervalul 10.00-18.00, iar costul biletului de intrare este de 15 lei pentru adul\u021bi, 7 lei pentru pensionari, elevi \u0219i studen\u021bi. Pentru copiii sub 7 ani, persoanele cu dizabilit\u0103\u021bi, angaja\u021bii PMB \u0219i cei ai re\u021belei de muzee din Rom\u00e2nia, intrarea este gratuit\u0103.<\/p>","protected":false},"excerpt":{"rendered":"<p>Muzeul Na\u021bional al Literaturii Rom\u00e2ne Bucure\u0219ti prezint\u0103, \u00een perioada 6-28 ianuarie 2023, la sediul din Calea Grivi\u021bei nr. 64-66, expozi\u021bia&#8230;<\/p>","protected":false},"author":8,"featured_media":26059,"comment_status":"closed","ping_status":"closed","sticky":false,"template":"","format":"standard","meta":{"_exactmetrics_skip_tracking":false,"_exactmetrics_sitenote_active":false,"_exactmetrics_sitenote_note":"","_exactmetrics_sitenote_category":0,"footnotes":""},"categories":[9,36,65],"tags":[],"class_list":["post-26058","post","type-post","status-publish","format-standard","has-post-thumbnail","hentry","category-evenimente","category-expozitii","category-expozitii-temporare-mnlr-calea-grivitei-64-66"],"_links":{"self":[{"href":"https:\/\/mnlr.ro\/en\/wp-json\/wp\/v2\/posts\/26058","targetHints":{"allow":["GET"]}}],"collection":[{"href":"https:\/\/mnlr.ro\/en\/wp-json\/wp\/v2\/posts"}],"about":[{"href":"https:\/\/mnlr.ro\/en\/wp-json\/wp\/v2\/types\/post"}],"author":[{"embeddable":true,"href":"https:\/\/mnlr.ro\/en\/wp-json\/wp\/v2\/users\/8"}],"replies":[{"embeddable":true,"href":"https:\/\/mnlr.ro\/en\/wp-json\/wp\/v2\/comments?post=26058"}],"version-history":[{"count":8,"href":"https:\/\/mnlr.ro\/en\/wp-json\/wp\/v2\/posts\/26058\/revisions"}],"predecessor-version":[{"id":26073,"href":"https:\/\/mnlr.ro\/en\/wp-json\/wp\/v2\/posts\/26058\/revisions\/26073"}],"wp:featuredmedia":[{"embeddable":true,"href":"https:\/\/mnlr.ro\/en\/wp-json\/wp\/v2\/media\/26059"}],"wp:attachment":[{"href":"https:\/\/mnlr.ro\/en\/wp-json\/wp\/v2\/media?parent=26058"}],"wp:term":[{"taxonomy":"category","embeddable":true,"href":"https:\/\/mnlr.ro\/en\/wp-json\/wp\/v2\/categories?post=26058"},{"taxonomy":"post_tag","embeddable":true,"href":"https:\/\/mnlr.ro\/en\/wp-json\/wp\/v2\/tags?post=26058"}],"curies":[{"name":"wp","href":"https:\/\/api.w.org\/{rel}","templated":true}]}}