{"id":26102,"date":"2023-01-09T09:39:36","date_gmt":"2023-01-09T07:39:36","guid":{"rendered":"https:\/\/mnlr.ro\/?p=26102"},"modified":"2023-01-19T09:52:27","modified_gmt":"2023-01-19T07:52:27","slug":"premiera-filmului-eminescu-si-cernautii","status":"publish","type":"post","link":"https:\/\/mnlr.ro\/en\/premiera-filmului-eminescu-si-cernautii\/","title":{"rendered":"Premiera filmului \u201eEminescu \u0219i Cern\u0103u\u021bii\u201d"},"content":{"rendered":"<p><strong>La 173 de ani de la na\u0219terea lui Mihai Eminescu, GCC Film Global Bucure\u0219ti lanseaz\u0103 documentarul \u201eEminescu \u0219i Cern\u0103u\u021bii\u201d, realizat la Ipote\u0219ti \u0219i \u00een Bucovina de Nord, \u00een perioada aprilie \u2013 decembrie 2022.<\/strong><\/p>\n<p><strong>\u00a0<\/strong>Proiec\u021bia filmului va avea loc la sediul MNLR din Strada Nicolae Cre\u021bulescu 8, \u00een data de 22 ianuarie 2023, ora 18.00.<\/p>\n<p>Filmul va fi proiectat, de asemenea, la Colegiul Na\u021bional \u201ePetru Rare\u0219\u201d din Suceava, \u00een 13 ianuarie 2023, ora 12.00; la Liceul \u201eAlexandru cel Bun\u201d din Cern\u0103u\u021bi, \u00een 15 ianuarie 2023, ora 12.30; la Casa Memorial\u0103 \u201eMihai Eminescu\u201d din Ipote\u0219ti, \u00een 16 ianuarie 2023, ora 12.00; la Casa de Cultur\u0103 Voluntari-Ilfov, \u00een 21 ianuarie 2023, ora 17.00. Intrarea este liber\u0103 la toate evenimentele.<\/p>\n<p>\u00cencep\u00e2nd cu data de 15 ianuarie 2023, filmul va rula la Cinematograful Union din Bucure\u0219ti, zilnic, de la ora 17.00.<\/p>\n<p>Cu o durat\u0103 de 65 de minute, filmul documentar \u201eEminescu \u0219i Cern\u0103u\u021bii\u201d prezint\u0103, \u00een imagini cinematografice (docudram\u0103 \u0219i\u00a0 nara\u021biune), povestea plec\u0103rii din Ipote\u0219ti la \u0219coal\u0103 a copilului Mihai, la v\u00e2rsta de \u0219apte ani, \u00eempreun\u0103 cu tat\u0103l s\u0103u Gheorghe Eminovici, p\u00e2n\u0103 la ultima vizit\u0103 pe care a f\u0103cut-o la Cern\u0103u\u021bi, \u00eenaintea Cr\u0103ciunului din 1885.<\/p>\n<p>\u201eEminescu \u0219i Cern\u0103u\u021bii\u201d a fost realizat cu fonduri exclusiv private, sub semnul alarmelor \u0219i r\u0103zboiului din Ucraina, pe baza scenariului prof. dr. Ionel Novac \u0219i prof. Vasile Bycu, \u00een regia lui Mihai Petre Grosu.<\/p>\n<p>Cu sprijinul unor rom\u00e2ni adev\u0103ra\u021bi, bucovineni din Ucraina cunosc\u0103tori ai vie\u021bii lui Eminescu, \u0219i Societ\u0103\u021bii de Cultur\u0103 \u201eMihai Eminescu\u201d din Cern\u0103u\u021bi, realizatorii au filmat \u00een toate \u0219colile \u00een care a \u00eenv\u0103\u021bat poetul, \u00een care a stat cu chirie, inclusiv casa lui Aron Pumnul, dar \u0219i pe toloaca unde b\u0103tea mingea cu colegii de \u0219coal\u0103.<\/p>\n<p>De asemenea, au filmat, pe l\u00e2ng\u0103 interviuri \u0219i imagini mai pu\u021bin cunoscute referitoare la via\u021ba lui Eminescu, \u00een Arhiva de Stat a Ucrainei, prilej cu care au descoperit documente necunoscute.<\/p>\n<p>La finalul filmului, istorici \u0219i litera\u021bi din Bucovina de Nord vorbesc despre cum, dup\u0103 1944, propaganda sovietic\u0103 l-a transformat pe Eminescu din poetul na\u021bional al rom\u00e2nilor \u00eentr-un oarecare \u201epoet moldovean\u201d.<\/p>\n<p>Filmul este produs de GCC Film Global, produc\u0103tor general, GCC Film Worldwide \u0219i Mihai Petre Grosu, co-produc\u0103tori.<\/p>\n<p>Trailer-ul filmului:<\/p>\n<p><iframe loading=\"lazy\" title=\"Eminescu \u0219i Cern\u0103u\u021bii (Trailer)\" width=\"500\" height=\"281\" src=\"https:\/\/www.youtube.com\/embed\/LASXXMy0H70?feature=oembed\" frameborder=\"0\" allow=\"accelerometer; autoplay; clipboard-write; encrypted-media; gyroscope; picture-in-picture; web-share\" referrerpolicy=\"strict-origin-when-cross-origin\" allowfullscreen><\/iframe><\/p>\n<p><em>Produc\u0103tor General Dumitru Pohu\u0219<\/em><\/p>","protected":false},"excerpt":{"rendered":"<p>La 173 de ani de la na\u0219terea lui Mihai Eminescu, GCC Film Global Bucure\u0219ti lanseaz\u0103 documentarul \u201eEminescu \u0219i Cern\u0103u\u021bii\u201d, realizat&#8230;<\/p>","protected":false},"author":8,"featured_media":26103,"comment_status":"closed","ping_status":"closed","sticky":false,"template":"","format":"standard","meta":{"_exactmetrics_skip_tracking":false,"_exactmetrics_sitenote_active":false,"_exactmetrics_sitenote_note":"","_exactmetrics_sitenote_category":0,"footnotes":""},"categories":[9],"tags":[],"class_list":["post-26102","post","type-post","status-publish","format-standard","has-post-thumbnail","hentry","category-evenimente"],"_links":{"self":[{"href":"https:\/\/mnlr.ro\/en\/wp-json\/wp\/v2\/posts\/26102","targetHints":{"allow":["GET"]}}],"collection":[{"href":"https:\/\/mnlr.ro\/en\/wp-json\/wp\/v2\/posts"}],"about":[{"href":"https:\/\/mnlr.ro\/en\/wp-json\/wp\/v2\/types\/post"}],"author":[{"embeddable":true,"href":"https:\/\/mnlr.ro\/en\/wp-json\/wp\/v2\/users\/8"}],"replies":[{"embeddable":true,"href":"https:\/\/mnlr.ro\/en\/wp-json\/wp\/v2\/comments?post=26102"}],"version-history":[{"count":2,"href":"https:\/\/mnlr.ro\/en\/wp-json\/wp\/v2\/posts\/26102\/revisions"}],"predecessor-version":[{"id":26255,"href":"https:\/\/mnlr.ro\/en\/wp-json\/wp\/v2\/posts\/26102\/revisions\/26255"}],"wp:featuredmedia":[{"embeddable":true,"href":"https:\/\/mnlr.ro\/en\/wp-json\/wp\/v2\/media\/26103"}],"wp:attachment":[{"href":"https:\/\/mnlr.ro\/en\/wp-json\/wp\/v2\/media?parent=26102"}],"wp:term":[{"taxonomy":"category","embeddable":true,"href":"https:\/\/mnlr.ro\/en\/wp-json\/wp\/v2\/categories?post=26102"},{"taxonomy":"post_tag","embeddable":true,"href":"https:\/\/mnlr.ro\/en\/wp-json\/wp\/v2\/tags?post=26102"}],"curies":[{"name":"wp","href":"https:\/\/api.w.org\/{rel}","templated":true}]}}