{"id":26170,"date":"2023-01-16T14:11:46","date_gmt":"2023-01-16T12:11:46","guid":{"rendered":"https:\/\/mnlr.ro\/?p=26170"},"modified":"2023-01-19T04:57:40","modified_gmt":"2023-01-19T02:57:40","slug":"expozitia-dimitrie-cantemir-350-de-ani-de-la-nastere","status":"publish","type":"post","link":"https:\/\/mnlr.ro\/en\/expozitia-dimitrie-cantemir-350-de-ani-de-la-nastere\/","title":{"rendered":"Expozi\u021bia \u201eDimitrie Cantemir \u2013 350 de ani de la na\u0219tere\u201c"},"content":{"rendered":"<p>Muzeul Na\u021bional al Literaturii Rom\u00e2ne \u0219i Biblioteca Academiei Rom\u00e2ne v\u0103 invit\u0103 mar\u021bi, 17 ianuarie 2023, de la ora 13.00, \u00een Sala \u201eTheodor Pallady\u201c a Bibliotecii Academiei Rom\u00e2ne, la vernisajul expozi\u021biei <em>Dimitrie Cantemir \u2013 350 de ani de la na\u0219tere.<\/em><\/p>\n<p>Alocu\u021biuni:<\/p>\n<p>&#8211; acad. R\u0103zvan Theodorescu, vicepre\u0219edinte al Academiei Rom\u00e2ne<br \/>\n&#8211; prof. dr. Ioan Cristescu, directorul Muzeului Literaturii Rom\u00e2ne din Bucure\u0219ti<br \/>\n&#8211; ing. Nicolae Noica, directorul Bibliotecii Academiei Rom\u00e2ne<br \/>\n&#8211; Constantin Barbu, membru al Academiei Europene de \u0218tiin\u021be, Arte \u0219i Litere din Paris<br \/>\n&#8211; Cristina Popescu, director al Romfilatelia<br \/>\n&#8211; Gabriela Dumitrescu, \u0219ef al <em>Cabinetului manuscrise-carte rar\u0103<\/em><\/p>\n<p>Dedicat marelui c\u0103rturar rom\u00e2n la \u00eemplinirea a 350 de ani de la na\u0219tere, evenimentul dore\u0219te s\u0103 readuc\u0103 \u00een aten\u021bia publicului sinuosul traseu biografic \u0219i politic al lui Dimitrie Cantemir, dar mai ales excep\u021bionala sa oper\u0103, de factur\u0103 enciclopedic\u0103. Expozi\u021bia reune\u0219te portrete, manuscrise, documente istorice din scurta perioad\u0103 \u00een care Dimitrie Cantemir a fost domn al Moldovei, m\u0103rturii ale cronicarilor vremii, edi\u021bii facsimilate ale manuscriselor aflate \u00een Rusia, precum \u0219i edi\u021bii importante ap\u0103rute \u00een spa\u021biul rom\u00e2nesc.<\/p>\n<p>Expozi\u021bia, organizat\u0103 de Muzeul Na\u021bional al Literaturii Rom\u00e2ne \u0219i Biblioteca Academiei Rom\u00e2ne, deschide anul omagial dedicat lui Dimitrie Cantemir, personalitate complex\u0103 a culturii noastre \u0219i a culturii europene, care continu\u0103 s\u0103 trezeasc\u0103 interesul istoricilor \u0219i cercet\u0103torilor din diverse genera\u021bii.<\/p>\n<p>Expozi\u021bia poate fi vizitat\u0103 \u00een perioada 17-27 ianuarie 2023, de luni p\u00e2n\u0103 vineri, \u00een intervalul orar 10.00-14.00. Intrarea este liber\u0103.<\/p>\n<p>Credite foto: Ilinca Stratan<\/p>\n<p><img loading=\"lazy\" decoding=\"async\" class=\"alignnone size-medium wp-image-26219\" src=\"https:\/\/mnlr.ro\/wp-content\/uploads\/2023\/01\/WhatsApp-Image-2023-01-17-at-13.25.29-e1673958054433-500x375.jpeg\" alt=\"\" width=\"500\" height=\"375\" srcset=\"https:\/\/mnlr.ro\/wp-content\/uploads\/2023\/01\/WhatsApp-Image-2023-01-17-at-13.25.29-e1673958054433-500x375.jpeg 500w, https:\/\/mnlr.ro\/wp-content\/uploads\/2023\/01\/WhatsApp-Image-2023-01-17-at-13.25.29-e1673958054433-1600x1200.jpeg 1600w, https:\/\/mnlr.ro\/wp-content\/uploads\/2023\/01\/WhatsApp-Image-2023-01-17-at-13.25.29-e1673958054433-768x576.jpeg 768w, https:\/\/mnlr.ro\/wp-content\/uploads\/2023\/01\/WhatsApp-Image-2023-01-17-at-13.25.29-e1673958054433-1536x1152.jpeg 1536w, https:\/\/mnlr.ro\/wp-content\/uploads\/2023\/01\/WhatsApp-Image-2023-01-17-at-13.25.29-e1673958054433.jpeg 2016w\" sizes=\"auto, (max-width: 500px) 100vw, 500px\" \/><img loading=\"lazy\" decoding=\"async\" class=\"alignnone size-medium wp-image-26220\" src=\"https:\/\/mnlr.ro\/wp-content\/uploads\/2023\/01\/WhatsApp-Image-2023-01-17-at-13.25.20-e1673958082317-500x375.jpeg\" alt=\"\" width=\"500\" height=\"375\" srcset=\"https:\/\/mnlr.ro\/wp-content\/uploads\/2023\/01\/WhatsApp-Image-2023-01-17-at-13.25.20-e1673958082317-500x375.jpeg 500w, https:\/\/mnlr.ro\/wp-content\/uploads\/2023\/01\/WhatsApp-Image-2023-01-17-at-13.25.20-e1673958082317-1600x1200.jpeg 1600w, https:\/\/mnlr.ro\/wp-content\/uploads\/2023\/01\/WhatsApp-Image-2023-01-17-at-13.25.20-e1673958082317-768x576.jpeg 768w, https:\/\/mnlr.ro\/wp-content\/uploads\/2023\/01\/WhatsApp-Image-2023-01-17-at-13.25.20-e1673958082317-1536x1152.jpeg 1536w, https:\/\/mnlr.ro\/wp-content\/uploads\/2023\/01\/WhatsApp-Image-2023-01-17-at-13.25.20-e1673958082317.jpeg 2016w\" sizes=\"auto, (max-width: 500px) 100vw, 500px\" \/><img loading=\"lazy\" decoding=\"async\" class=\"alignnone size-medium wp-image-26227\" src=\"https:\/\/mnlr.ro\/wp-content\/uploads\/2023\/01\/WhatsApp-Image-2023-01-17-at-13.24.04-500x375.jpeg\" alt=\"\" width=\"500\" height=\"375\" srcset=\"https:\/\/mnlr.ro\/wp-content\/uploads\/2023\/01\/WhatsApp-Image-2023-01-17-at-13.24.04-500x375.jpeg 500w, https:\/\/mnlr.ro\/wp-content\/uploads\/2023\/01\/WhatsApp-Image-2023-01-17-at-13.24.04-1600x1200.jpeg 1600w, https:\/\/mnlr.ro\/wp-content\/uploads\/2023\/01\/WhatsApp-Image-2023-01-17-at-13.24.04-768x576.jpeg 768w, https:\/\/mnlr.ro\/wp-content\/uploads\/2023\/01\/WhatsApp-Image-2023-01-17-at-13.24.04-1536x1152.jpeg 1536w, https:\/\/mnlr.ro\/wp-content\/uploads\/2023\/01\/WhatsApp-Image-2023-01-17-at-13.24.04.jpeg 2016w\" sizes=\"auto, (max-width: 500px) 100vw, 500px\" \/><img loading=\"lazy\" decoding=\"async\" class=\"alignnone size-medium wp-image-26221\" src=\"https:\/\/mnlr.ro\/wp-content\/uploads\/2023\/01\/WhatsApp-Image-2023-01-17-at-13.28.39-500x375.jpeg\" alt=\"\" width=\"500\" height=\"375\" srcset=\"https:\/\/mnlr.ro\/wp-content\/uploads\/2023\/01\/WhatsApp-Image-2023-01-17-at-13.28.39-500x375.jpeg 500w, https:\/\/mnlr.ro\/wp-content\/uploads\/2023\/01\/WhatsApp-Image-2023-01-17-at-13.28.39-1600x1200.jpeg 1600w, https:\/\/mnlr.ro\/wp-content\/uploads\/2023\/01\/WhatsApp-Image-2023-01-17-at-13.28.39-768x576.jpeg 768w, https:\/\/mnlr.ro\/wp-content\/uploads\/2023\/01\/WhatsApp-Image-2023-01-17-at-13.28.39-1536x1152.jpeg 1536w, https:\/\/mnlr.ro\/wp-content\/uploads\/2023\/01\/WhatsApp-Image-2023-01-17-at-13.28.39.jpeg 2016w\" sizes=\"auto, (max-width: 500px) 100vw, 500px\" \/><img loading=\"lazy\" decoding=\"async\" class=\"alignnone size-medium wp-image-26222\" src=\"https:\/\/mnlr.ro\/wp-content\/uploads\/2023\/01\/WhatsApp-Image-2023-01-17-at-13.25.35-375x500.jpeg\" alt=\"\" width=\"375\" height=\"500\" srcset=\"https:\/\/mnlr.ro\/wp-content\/uploads\/2023\/01\/WhatsApp-Image-2023-01-17-at-13.25.35-375x500.jpeg 375w, https:\/\/mnlr.ro\/wp-content\/uploads\/2023\/01\/WhatsApp-Image-2023-01-17-at-13.25.35-1200x1600.jpeg 1200w, https:\/\/mnlr.ro\/wp-content\/uploads\/2023\/01\/WhatsApp-Image-2023-01-17-at-13.25.35-768x1024.jpeg 768w, https:\/\/mnlr.ro\/wp-content\/uploads\/2023\/01\/WhatsApp-Image-2023-01-17-at-13.25.35-1152x1536.jpeg 1152w, https:\/\/mnlr.ro\/wp-content\/uploads\/2023\/01\/WhatsApp-Image-2023-01-17-at-13.25.35.jpeg 1512w\" sizes=\"auto, (max-width: 375px) 100vw, 375px\" \/><img loading=\"lazy\" decoding=\"async\" class=\"alignnone size-medium wp-image-26223\" src=\"https:\/\/mnlr.ro\/wp-content\/uploads\/2023\/01\/WhatsApp-Image-2023-01-17-at-13.25.45-375x500.jpeg\" alt=\"\" width=\"375\" height=\"500\" srcset=\"https:\/\/mnlr.ro\/wp-content\/uploads\/2023\/01\/WhatsApp-Image-2023-01-17-at-13.25.45-375x500.jpeg 375w, https:\/\/mnlr.ro\/wp-content\/uploads\/2023\/01\/WhatsApp-Image-2023-01-17-at-13.25.45-1200x1600.jpeg 1200w, https:\/\/mnlr.ro\/wp-content\/uploads\/2023\/01\/WhatsApp-Image-2023-01-17-at-13.25.45-768x1024.jpeg 768w, https:\/\/mnlr.ro\/wp-content\/uploads\/2023\/01\/WhatsApp-Image-2023-01-17-at-13.25.45-1152x1536.jpeg 1152w, https:\/\/mnlr.ro\/wp-content\/uploads\/2023\/01\/WhatsApp-Image-2023-01-17-at-13.25.45.jpeg 1512w\" sizes=\"auto, (max-width: 375px) 100vw, 375px\" \/><img loading=\"lazy\" decoding=\"async\" class=\"alignnone size-medium wp-image-26224\" src=\"https:\/\/mnlr.ro\/wp-content\/uploads\/2023\/01\/WhatsApp-Image-2023-01-17-at-13.25.46-500x375.jpeg\" alt=\"\" width=\"500\" height=\"375\" srcset=\"https:\/\/mnlr.ro\/wp-content\/uploads\/2023\/01\/WhatsApp-Image-2023-01-17-at-13.25.46-500x375.jpeg 500w, https:\/\/mnlr.ro\/wp-content\/uploads\/2023\/01\/WhatsApp-Image-2023-01-17-at-13.25.46-1600x1200.jpeg 1600w, https:\/\/mnlr.ro\/wp-content\/uploads\/2023\/01\/WhatsApp-Image-2023-01-17-at-13.25.46-768x576.jpeg 768w, https:\/\/mnlr.ro\/wp-content\/uploads\/2023\/01\/WhatsApp-Image-2023-01-17-at-13.25.46-1536x1152.jpeg 1536w, https:\/\/mnlr.ro\/wp-content\/uploads\/2023\/01\/WhatsApp-Image-2023-01-17-at-13.25.46.jpeg 2000w\" sizes=\"auto, (max-width: 500px) 100vw, 500px\" \/><img loading=\"lazy\" decoding=\"async\" class=\"alignnone size-medium wp-image-26225\" src=\"https:\/\/mnlr.ro\/wp-content\/uploads\/2023\/01\/WhatsApp-Image-2023-01-17-at-13.28.47-500x375.jpeg\" alt=\"\" width=\"500\" height=\"375\" srcset=\"https:\/\/mnlr.ro\/wp-content\/uploads\/2023\/01\/WhatsApp-Image-2023-01-17-at-13.28.47-500x375.jpeg 500w, https:\/\/mnlr.ro\/wp-content\/uploads\/2023\/01\/WhatsApp-Image-2023-01-17-at-13.28.47-1600x1200.jpeg 1600w, https:\/\/mnlr.ro\/wp-content\/uploads\/2023\/01\/WhatsApp-Image-2023-01-17-at-13.28.47-768x576.jpeg 768w, https:\/\/mnlr.ro\/wp-content\/uploads\/2023\/01\/WhatsApp-Image-2023-01-17-at-13.28.47-1536x1152.jpeg 1536w, https:\/\/mnlr.ro\/wp-content\/uploads\/2023\/01\/WhatsApp-Image-2023-01-17-at-13.28.47.jpeg 2016w\" sizes=\"auto, (max-width: 500px) 100vw, 500px\" \/><img loading=\"lazy\" decoding=\"async\" class=\"alignnone size-medium wp-image-26226\" src=\"https:\/\/mnlr.ro\/wp-content\/uploads\/2023\/01\/WhatsApp-Image-2023-01-17-at-13.28.43-500x375.jpeg\" alt=\"\" width=\"500\" height=\"375\" srcset=\"https:\/\/mnlr.ro\/wp-content\/uploads\/2023\/01\/WhatsApp-Image-2023-01-17-at-13.28.43-500x375.jpeg 500w, https:\/\/mnlr.ro\/wp-content\/uploads\/2023\/01\/WhatsApp-Image-2023-01-17-at-13.28.43-1600x1200.jpeg 1600w, https:\/\/mnlr.ro\/wp-content\/uploads\/2023\/01\/WhatsApp-Image-2023-01-17-at-13.28.43-768x576.jpeg 768w, https:\/\/mnlr.ro\/wp-content\/uploads\/2023\/01\/WhatsApp-Image-2023-01-17-at-13.28.43-1536x1152.jpeg 1536w, https:\/\/mnlr.ro\/wp-content\/uploads\/2023\/01\/WhatsApp-Image-2023-01-17-at-13.28.43.jpeg 2016w\" sizes=\"auto, (max-width: 500px) 100vw, 500px\" \/><\/p>","protected":false},"excerpt":{"rendered":"<p>Muzeul Na\u021bional al Literaturii Rom\u00e2ne \u0219i Biblioteca Academiei Rom\u00e2ne v\u0103 invit\u0103 mar\u021bi, 17 ianuarie 2023, de la ora 13.00, \u00een&#8230;<\/p>","protected":false},"author":8,"featured_media":26171,"comment_status":"closed","ping_status":"closed","sticky":false,"template":"","format":"standard","meta":{"_exactmetrics_skip_tracking":false,"_exactmetrics_sitenote_active":false,"_exactmetrics_sitenote_note":"","_exactmetrics_sitenote_category":0,"footnotes":""},"categories":[9,36,69],"tags":[],"class_list":["post-26170","post","type-post","status-publish","format-standard","has-post-thumbnail","hentry","category-evenimente","category-expozitii","category-expozitii-temporare-mnlr-la-sediile-partenerilor"],"_links":{"self":[{"href":"https:\/\/mnlr.ro\/en\/wp-json\/wp\/v2\/posts\/26170","targetHints":{"allow":["GET"]}}],"collection":[{"href":"https:\/\/mnlr.ro\/en\/wp-json\/wp\/v2\/posts"}],"about":[{"href":"https:\/\/mnlr.ro\/en\/wp-json\/wp\/v2\/types\/post"}],"author":[{"embeddable":true,"href":"https:\/\/mnlr.ro\/en\/wp-json\/wp\/v2\/users\/8"}],"replies":[{"embeddable":true,"href":"https:\/\/mnlr.ro\/en\/wp-json\/wp\/v2\/comments?post=26170"}],"version-history":[{"count":7,"href":"https:\/\/mnlr.ro\/en\/wp-json\/wp\/v2\/posts\/26170\/revisions"}],"predecessor-version":[{"id":26254,"href":"https:\/\/mnlr.ro\/en\/wp-json\/wp\/v2\/posts\/26170\/revisions\/26254"}],"wp:featuredmedia":[{"embeddable":true,"href":"https:\/\/mnlr.ro\/en\/wp-json\/wp\/v2\/media\/26171"}],"wp:attachment":[{"href":"https:\/\/mnlr.ro\/en\/wp-json\/wp\/v2\/media?parent=26170"}],"wp:term":[{"taxonomy":"category","embeddable":true,"href":"https:\/\/mnlr.ro\/en\/wp-json\/wp\/v2\/categories?post=26170"},{"taxonomy":"post_tag","embeddable":true,"href":"https:\/\/mnlr.ro\/en\/wp-json\/wp\/v2\/tags?post=26170"}],"curies":[{"name":"wp","href":"https:\/\/api.w.org\/{rel}","templated":true}]}}