{"id":2635,"date":"2017-09-25T07:45:32","date_gmt":"2017-09-25T04:45:32","guid":{"rendered":"http:\/\/mnlr.ro\/?p=2635"},"modified":"2017-09-30T07:55:03","modified_gmt":"2017-09-30T04:55:03","slug":"scifi-fest-2017","status":"publish","type":"post","link":"https:\/\/mnlr.ro\/en\/scifi-fest-2017\/","title":{"rendered":"Sci+Fi FEST 2017"},"content":{"rendered":"<h3>Sci+Fi FEST 2017,\u00a0cea de-a doua edi\u021bie a deja cunoscutului festival de \u0219tiin\u021b\u0103 \u0219i literatur\u0103 SF, organizat de Prim\u0103ria Municipiului Bucure\u0219ti\u00a0prin\u00a0Muzeul Municipiului Bucure\u0219ti\u00a0\u0219i\u00a0Muzeul Na\u021bional al Literaturii Rom\u00e2ne,\u00a0Ministerul Culturii \u0219i Identit\u0103\u021bii Na\u021bionale,\u00a0Biblioteca Na\u021bional\u0103 a Rom\u00e2niei\u00a0\u0219i\u00a0\u0218tiin\u021b\u0103 &amp; Tehnic\u0103, se desf\u0103\u0219oar\u0103\u00a0\u00een perioada\u00a030 septembrie \u2013 1 octombrie\u00a0la Biblioteca Na\u021bional\u0103 a Rom\u00e2niei\u00a0(Bucure\u0219ti, Blvd. Unirii nr. 22).<\/h3>\n<h3>La fel ca \u00een cazul\u00a0<a href=\"http:\/\/stiintasitehnica.com\/sci-fi-fest-2016-imagini\/\" target=\"_blank\" rel=\"noopener noreferrer\">primei edi\u021bii<\/a>, sub egida \u201e\u0219tiin\u021b\u0103, imagina\u021bie \u0219i literatur\u0103 SF\u201d\u00a0Sci+Fi FEST 2017\u00a0\u00ee\u0219i propune s\u0103 aduc\u0103 \u00een fa\u021ba publicului larg\u00a0oameni de \u0219tiin\u021b\u0103, cercet\u0103tori, inventatori, antreprenori, profesori universitari, al\u0103turi de scriitori science fiction, critici \u0219i promotori ai SF-ului rom\u00e2nesc.<\/h3>\n<h3>\u00cen exterior (\u00een parcarea bibliotecii):<br \/>\n&#8211; ZON\u0102 DE CARTE SF&amp;F:\u00a0cele mai importante edituri de carte SF din Rom\u00e2nia vor prezenta cele mai noi titluri de carte\u00a0science fiction\u00a0\u0219i\u00a0fantasy\u00a0\u00een cadrul unor standuri special amenajate;<br \/>\n&#8211; ZON\u0102 DE ASTRONOMIE\u00a0\u2013 cele mai mari astrocluburi din Rom\u00e2nia vin cu telescoape profesioniste (peste 20) \u0219i ofer\u0103 observa\u021bii astronomice, workshopuri \u0219i prelegeri de astronomie gratuite publicului;<br \/>\n&#8211; ZON\u0102 ECO, dedicat\u0103 tehnologiilor \u201everzi\u201d, prietenoase cu mediul \u00eenconjur\u0103tor: tehnologii eco, ma\u0219ini electrice, robo\u021bi, etc.<br \/>\n&#8211; ZON\u0102 CATERING, cu alimente \u0219i b\u0103uturi non-alcoolice.<\/h3>\n<h3>\u00cen interiorul bibliotecii vor fi prezente:<br \/>\n&#8211; Standuri ale celor mai importante INSTITUTE DE CERCETARE \u0219i dezvoltare din Rom\u00e2nia;<br \/>\n&#8211; Col\u021buri tematice speciale:\u00a0col\u021bul Marte \u2013 \u00een care literatura \u0219tiin\u021bific\u0103 \u0219i\u00a0science fiction\u00a0\u00ee\u0219i d\u0103 \u00eent\u00e2lnire cu \u0219tiin\u021ba; col\u021bul Jules Verne \u2013\u00a0dedicat c\u0103r\u021bilor \u0219i predic\u021biilor marelui scriitor;<br \/>\n&#8211; Zon\u0103 de REALITATE VIRTUAL\u0102:\u00a0echipamentele de VR cu demonsta\u021bii live, interactive;<br \/>\n&#8211; Zon\u0103 de ROBOTIC\u0102:\u00a0robo\u021bi demonstrativi, interactivi; publicul va fi invitat s\u0103 interac\u021bioneze \u0219i s\u0103 controleze robo\u021bii;<br \/>\n&#8211; Zon\u0103 de IMPRIMANTE 3D: demonstra\u021bii live, interactive cu publicul;<br \/>\n&#8211; Zon\u0103 dedicat\u0103 COPIILOR: va fi sus\u021binut\u0103 de echipa\u00a0Profesorului Tr\u0103snit de la Fun Science\u00a0\u0219i de OR\u0102\u0218ELUL CUNOA\u0218TERII care va organiza spectacole tematice dedicate \u0219tiin\u021bei \u0219i scurte experimente \u0219tiin\u021bifice;<br \/>\n&#8211; Zon\u0103 de GAMING: partenerii no\u0219tri de la PC Garage aduc 20 de sta\u021bii de\u00a0gaming\u00a0performante cu ajutorul c\u0103rora copii se vor \u00eentrece \u00een competi\u021bii de jocuri cu premii;<br \/>\n&#8211; SCENA MARE a festivalului,\u00a0amplasat\u0103 \u00een atriumul Bibliotecii: pe aceasta, vor fi prezenta\u021bi to\u021bi expozan\u021bii, oamenii de \u0219tiin\u021b\u0103 \u0219i scriitorii SF vor \u021bine prelegeri tematice \u0219i mini-conferin\u021be; tot aici, se vor decerna premiile \u0219i vor avea loc concertele muzicale.<\/h3>\n<h3>Deci nu uita\u021bi, \u00een weekendul 30.09-01.10, \u0218tiin\u021b\u0103 &amp; Tehnic\u0103 v\u0103 d\u0103 \u00eent\u00e2lnire la Biblioteca Na\u021bional\u0103 din Bucure\u0219ti, unde v\u0103 a\u0219tept\u0103m \u00een num\u0103r c\u00e2t mai mare s\u0103 celebr\u0103m interac\u021biunea dintre \u0219tiin\u021b\u0103 \u0219i imagina\u021bie \u00een cadrul celei de-a doua edi\u021bii Sci+Fi FEST!<\/h3>\n<p>&nbsp;<\/p>","protected":false},"excerpt":{"rendered":"<p>Sci+Fi FEST 2017,\u00a0cea de-a doua edi\u021bie a deja cunoscutului festival de \u0219tiin\u021b\u0103 \u0219i literatur\u0103 SF, organizat de Prim\u0103ria Municipiului Bucure\u0219ti\u00a0prin\u00a0Muzeul&#8230;<\/p>","protected":false},"author":1,"featured_media":2636,"comment_status":"closed","ping_status":"closed","sticky":false,"template":"","format":"standard","meta":{"_exactmetrics_skip_tracking":false,"_exactmetrics_sitenote_active":false,"_exactmetrics_sitenote_note":"","_exactmetrics_sitenote_category":0,"footnotes":""},"categories":[9],"tags":[],"class_list":["post-2635","post","type-post","status-publish","format-standard","has-post-thumbnail","hentry","category-evenimente"],"_links":{"self":[{"href":"https:\/\/mnlr.ro\/en\/wp-json\/wp\/v2\/posts\/2635","targetHints":{"allow":["GET"]}}],"collection":[{"href":"https:\/\/mnlr.ro\/en\/wp-json\/wp\/v2\/posts"}],"about":[{"href":"https:\/\/mnlr.ro\/en\/wp-json\/wp\/v2\/types\/post"}],"author":[{"embeddable":true,"href":"https:\/\/mnlr.ro\/en\/wp-json\/wp\/v2\/users\/1"}],"replies":[{"embeddable":true,"href":"https:\/\/mnlr.ro\/en\/wp-json\/wp\/v2\/comments?post=2635"}],"version-history":[{"count":11,"href":"https:\/\/mnlr.ro\/en\/wp-json\/wp\/v2\/posts\/2635\/revisions"}],"predecessor-version":[{"id":2647,"href":"https:\/\/mnlr.ro\/en\/wp-json\/wp\/v2\/posts\/2635\/revisions\/2647"}],"wp:featuredmedia":[{"embeddable":true,"href":"https:\/\/mnlr.ro\/en\/wp-json\/wp\/v2\/media\/2636"}],"wp:attachment":[{"href":"https:\/\/mnlr.ro\/en\/wp-json\/wp\/v2\/media?parent=2635"}],"wp:term":[{"taxonomy":"category","embeddable":true,"href":"https:\/\/mnlr.ro\/en\/wp-json\/wp\/v2\/categories?post=2635"},{"taxonomy":"post_tag","embeddable":true,"href":"https:\/\/mnlr.ro\/en\/wp-json\/wp\/v2\/tags?post=2635"}],"curies":[{"name":"wp","href":"https:\/\/api.w.org\/{rel}","templated":true}]}}