{"id":26363,"date":"2023-01-29T12:57:09","date_gmt":"2023-01-29T10:57:09","guid":{"rendered":"https:\/\/mnlr.ro\/?p=26363"},"modified":"2023-02-03T12:46:31","modified_gmt":"2023-02-03T10:46:31","slug":"vernisajul-expozitiei-manuscrisele-inedite-ale-lui-mircea-eliade-din-patrimoniul-institutului-de-istorie-a-religiilor-al-academiei-romane","status":"publish","type":"post","link":"https:\/\/mnlr.ro\/en\/vernisajul-expozitiei-manuscrisele-inedite-ale-lui-mircea-eliade-din-patrimoniul-institutului-de-istorie-a-religiilor-al-academiei-romane\/","title":{"rendered":"Vernisajul expozi\u021biei \u201eManuscrisele inedite ale lui Mircea Eliade din patrimoniul Institutului de Istorie a Religiilor al Academiei Rom\u00e2ne\u201d"},"content":{"rendered":"<p>Joi, 26 ianuarie 2023, a avut loc vernisajul expozi\u021biei \u201eManuscrisele inedite ale lui Mircea Eliade din patrimoniul Institutului de Istorie a Religiilor al Academiei Rom\u00e2ne\u201d. La eveniment au participat prof. dr. Mircea Dumitru, vicepre\u015fedinte al Academiei Rom\u00e2ne, prof. dr. Ioan Cristescu, directorul Muzeului Na\u021bional al Literaturii Rom\u00e2ne, al\u0103turi de membrii echipei de editare critic\u0103 a operei \u015ftiin\u021bifice, cercet\u0103torii Andreea Apostu, Ionu\u021b Daniel B\u0103ncil\u0103, Eugen Ciurtin, Daniela Dumbrav\u0103, Octavian Negoi\u021b\u0103, C\u0103t\u0103lin Pavel, Vlad \u015eov\u0103rel \u015fi Bogdan T\u0103taru-Cazaban. Mul\u021bumim echipei Institutului de Istorie a Religiilor, echipei Zeppelin Design &#8211; Constantin Goagea &#8211; creative direction, Ioana Vla\u0219 &#8211; design expozi\u021bional, Artemisa Pascu, Andrei Grosu (Policromic) &#8211; graphic design, \u0219i tututor celor care ne-au fost al\u0103turi!<\/p>\n<p>Expozi\u021bia \u201eManuscrisele inedite ale lui Mircea Eliade din patrimoniul Institutului de Istorie a Religiilor al Academiei Rom\u00e2ne\u201d poate fi vizitat\u0103 de mar\u021bi p\u00e2n\u0103 duminic\u0103, \u00een intervalul 10.00-18.00, la sediul MNLR din Str. Nicolae Cre\u021bulescu 8, iar costul biletului de intrare este de 15 lei pentru adul\u021bi, 7 lei pentru pensionari, elevi \u0219i studen\u021bi. Pentru copiii sub 7 ani, persoanele cu dizabilit\u0103\u021bi, angaja\u021bii PMB \u0219i cei ai re\u021belei de muzee din Rom\u00e2nia, intrarea este gratuit\u0103. V\u0103 a\u0219tept\u0103m cu drag!<\/p>\n<p>Curatoriat din partea Institutului de Istorie a Religiilor al Academiei Rom\u00e2ne: Andreea Apostu \u015fi Eugen Ciurtin<\/p>\n<p>\u00cenregistrarea vernisajului poate fi urm\u0103rit\u0103 aici:<\/p>\n<p><iframe loading=\"lazy\" title=\"Vernisajul expozi\u021biei \u201eManuscrisele inedite ale lui Mircea Eliade\u201d\" src=\"https:\/\/player.vimeo.com\/video\/793816337?dnt=1&amp;app_id=122963\" width=\"500\" height=\"281\" frameborder=\"0\" allow=\"autoplay; fullscreen; picture-in-picture; clipboard-write\"><\/iframe><\/p>\n<p>Multimedia: Alex Ursu<\/p>\n<p>&nbsp;<\/p>\n<p><img loading=\"lazy\" decoding=\"async\" class=\"size-medium wp-image-26365\" src=\"https:\/\/mnlr.ro\/wp-content\/uploads\/2023\/01\/Expo-Eliade_foto-10-500x281.jpg\" alt=\"\" width=\"500\" height=\"281\" srcset=\"https:\/\/mnlr.ro\/wp-content\/uploads\/2023\/01\/Expo-Eliade_foto-10-500x281.jpg 500w, https:\/\/mnlr.ro\/wp-content\/uploads\/2023\/01\/Expo-Eliade_foto-10-768x431.jpg 768w, https:\/\/mnlr.ro\/wp-content\/uploads\/2023\/01\/Expo-Eliade_foto-10.jpg 1020w\" sizes=\"auto, (max-width: 500px) 100vw, 500px\" \/><\/p>\n<p><img loading=\"lazy\" decoding=\"async\" class=\"size-medium wp-image-26366\" src=\"https:\/\/mnlr.ro\/wp-content\/uploads\/2023\/01\/Expo-Eliade_Foto-5-500x281.jpg\" alt=\"\" width=\"500\" height=\"281\" srcset=\"https:\/\/mnlr.ro\/wp-content\/uploads\/2023\/01\/Expo-Eliade_Foto-5-500x281.jpg 500w, https:\/\/mnlr.ro\/wp-content\/uploads\/2023\/01\/Expo-Eliade_Foto-5-768x431.jpg 768w, https:\/\/mnlr.ro\/wp-content\/uploads\/2023\/01\/Expo-Eliade_Foto-5.jpg 1020w\" sizes=\"auto, (max-width: 500px) 100vw, 500px\" \/><\/p>\n<p><img loading=\"lazy\" decoding=\"async\" class=\"size-medium wp-image-26367\" src=\"https:\/\/mnlr.ro\/wp-content\/uploads\/2023\/01\/Expo-Eliade-_foto-6-500x333.jpg\" alt=\"\" width=\"500\" height=\"333\" srcset=\"https:\/\/mnlr.ro\/wp-content\/uploads\/2023\/01\/Expo-Eliade-_foto-6-500x333.jpg 500w, https:\/\/mnlr.ro\/wp-content\/uploads\/2023\/01\/Expo-Eliade-_foto-6-768x512.jpg 768w, https:\/\/mnlr.ro\/wp-content\/uploads\/2023\/01\/Expo-Eliade-_foto-6.jpg 1020w\" sizes=\"auto, (max-width: 500px) 100vw, 500px\" \/><\/p>\n<p><img loading=\"lazy\" decoding=\"async\" class=\"size-medium wp-image-26368\" src=\"https:\/\/mnlr.ro\/wp-content\/uploads\/2023\/01\/Expo-Eliade_foto-8-500x333.jpg\" alt=\"\" width=\"500\" height=\"333\" srcset=\"https:\/\/mnlr.ro\/wp-content\/uploads\/2023\/01\/Expo-Eliade_foto-8-500x333.jpg 500w, https:\/\/mnlr.ro\/wp-content\/uploads\/2023\/01\/Expo-Eliade_foto-8-768x512.jpg 768w, https:\/\/mnlr.ro\/wp-content\/uploads\/2023\/01\/Expo-Eliade_foto-8.jpg 1020w\" sizes=\"auto, (max-width: 500px) 100vw, 500px\" \/><\/p>\n<p><img loading=\"lazy\" decoding=\"async\" class=\"size-medium wp-image-26369\" src=\"https:\/\/mnlr.ro\/wp-content\/uploads\/2023\/01\/expo-Eliade_Foto-2-500x333.jpg\" alt=\"\" width=\"500\" height=\"333\" srcset=\"https:\/\/mnlr.ro\/wp-content\/uploads\/2023\/01\/expo-Eliade_Foto-2-500x333.jpg 500w, https:\/\/mnlr.ro\/wp-content\/uploads\/2023\/01\/expo-Eliade_Foto-2-768x512.jpg 768w, https:\/\/mnlr.ro\/wp-content\/uploads\/2023\/01\/expo-Eliade_Foto-2.jpg 1020w\" sizes=\"auto, (max-width: 500px) 100vw, 500px\" \/><\/p>\n<p><img loading=\"lazy\" decoding=\"async\" class=\"size-medium wp-image-26370\" src=\"https:\/\/mnlr.ro\/wp-content\/uploads\/2023\/01\/Expo-Eliade_foto-7-500x333.jpg\" alt=\"\" width=\"500\" height=\"333\" srcset=\"https:\/\/mnlr.ro\/wp-content\/uploads\/2023\/01\/Expo-Eliade_foto-7-500x333.jpg 500w, https:\/\/mnlr.ro\/wp-content\/uploads\/2023\/01\/Expo-Eliade_foto-7-768x512.jpg 768w, https:\/\/mnlr.ro\/wp-content\/uploads\/2023\/01\/Expo-Eliade_foto-7.jpg 1020w\" sizes=\"auto, (max-width: 500px) 100vw, 500px\" \/><\/p>\n<p><img loading=\"lazy\" decoding=\"async\" class=\"size-medium wp-image-26371\" src=\"https:\/\/mnlr.ro\/wp-content\/uploads\/2023\/01\/Expo-Eliade_foto-4-500x333.jpg\" alt=\"\" width=\"500\" height=\"333\" srcset=\"https:\/\/mnlr.ro\/wp-content\/uploads\/2023\/01\/Expo-Eliade_foto-4-500x333.jpg 500w, https:\/\/mnlr.ro\/wp-content\/uploads\/2023\/01\/Expo-Eliade_foto-4-768x512.jpg 768w, https:\/\/mnlr.ro\/wp-content\/uploads\/2023\/01\/Expo-Eliade_foto-4.jpg 1020w\" sizes=\"auto, (max-width: 500px) 100vw, 500px\" \/><\/p>\n<p><img loading=\"lazy\" decoding=\"async\" class=\"size-medium wp-image-26372\" src=\"https:\/\/mnlr.ro\/wp-content\/uploads\/2023\/01\/Expo-Eliade_-Foto-3-500x281.jpg\" alt=\"\" width=\"500\" height=\"281\" srcset=\"https:\/\/mnlr.ro\/wp-content\/uploads\/2023\/01\/Expo-Eliade_-Foto-3-500x281.jpg 500w, https:\/\/mnlr.ro\/wp-content\/uploads\/2023\/01\/Expo-Eliade_-Foto-3-768x431.jpg 768w, https:\/\/mnlr.ro\/wp-content\/uploads\/2023\/01\/Expo-Eliade_-Foto-3.jpg 1020w\" sizes=\"auto, (max-width: 500px) 100vw, 500px\" \/><\/p>\n<p><img loading=\"lazy\" decoding=\"async\" class=\"size-medium wp-image-26373\" src=\"https:\/\/mnlr.ro\/wp-content\/uploads\/2023\/01\/Expo-Eliade_foto-9-500x281.jpg\" alt=\"\" width=\"500\" height=\"281\" srcset=\"https:\/\/mnlr.ro\/wp-content\/uploads\/2023\/01\/Expo-Eliade_foto-9-500x281.jpg 500w, https:\/\/mnlr.ro\/wp-content\/uploads\/2023\/01\/Expo-Eliade_foto-9-768x431.jpg 768w, https:\/\/mnlr.ro\/wp-content\/uploads\/2023\/01\/Expo-Eliade_foto-9.jpg 1020w\" sizes=\"auto, (max-width: 500px) 100vw, 500px\" \/><\/p>\n<p>Credite foto: Dan Vatamaniuc<\/p>","protected":false},"excerpt":{"rendered":"<p>Joi, 26 ianuarie 2023, a avut loc vernisajul expozi\u021biei \u201eManuscrisele inedite ale lui Mircea Eliade din patrimoniul Institutului de Istorie&#8230;<\/p>","protected":false},"author":8,"featured_media":26364,"comment_status":"closed","ping_status":"closed","sticky":false,"template":"","format":"standard","meta":{"_exactmetrics_skip_tracking":false,"_exactmetrics_sitenote_active":false,"_exactmetrics_sitenote_note":"","_exactmetrics_sitenote_category":0,"footnotes":""},"categories":[9,36,66],"tags":[],"class_list":["post-26363","post","type-post","status-publish","format-standard","has-post-thumbnail","hentry","category-evenimente","category-expozitii","category-expozitii-temporare-mnlr-str-nicolae-cretulescu-nr-8"],"_links":{"self":[{"href":"https:\/\/mnlr.ro\/en\/wp-json\/wp\/v2\/posts\/26363","targetHints":{"allow":["GET"]}}],"collection":[{"href":"https:\/\/mnlr.ro\/en\/wp-json\/wp\/v2\/posts"}],"about":[{"href":"https:\/\/mnlr.ro\/en\/wp-json\/wp\/v2\/types\/post"}],"author":[{"embeddable":true,"href":"https:\/\/mnlr.ro\/en\/wp-json\/wp\/v2\/users\/8"}],"replies":[{"embeddable":true,"href":"https:\/\/mnlr.ro\/en\/wp-json\/wp\/v2\/comments?post=26363"}],"version-history":[{"count":5,"href":"https:\/\/mnlr.ro\/en\/wp-json\/wp\/v2\/posts\/26363\/revisions"}],"predecessor-version":[{"id":26416,"href":"https:\/\/mnlr.ro\/en\/wp-json\/wp\/v2\/posts\/26363\/revisions\/26416"}],"wp:featuredmedia":[{"embeddable":true,"href":"https:\/\/mnlr.ro\/en\/wp-json\/wp\/v2\/media\/26364"}],"wp:attachment":[{"href":"https:\/\/mnlr.ro\/en\/wp-json\/wp\/v2\/media?parent=26363"}],"wp:term":[{"taxonomy":"category","embeddable":true,"href":"https:\/\/mnlr.ro\/en\/wp-json\/wp\/v2\/categories?post=26363"},{"taxonomy":"post_tag","embeddable":true,"href":"https:\/\/mnlr.ro\/en\/wp-json\/wp\/v2\/tags?post=26363"}],"curies":[{"name":"wp","href":"https:\/\/api.w.org\/{rel}","templated":true}]}}