{"id":26381,"date":"2023-01-30T15:23:03","date_gmt":"2023-01-30T13:23:03","guid":{"rendered":"https:\/\/mnlr.ro\/?p=26381"},"modified":"2023-01-30T15:23:03","modified_gmt":"2023-01-30T13:23:03","slug":"vernisajul-expozitiei-caramida-e-facuta-din-case-a-artistului-dacian-andoni","status":"publish","type":"post","link":"https:\/\/mnlr.ro\/en\/vernisajul-expozitiei-caramida-e-facuta-din-case-a-artistului-dacian-andoni\/","title":{"rendered":"Vernisajul expozi\u021biei \u201eC\u0103r\u0103mida e f\u0103cut\u0103 din case\u201c, a artistului Dacian Andoni"},"content":{"rendered":"<div class=\"x11i5rnm xat24cr x1mh8g0r x1vvkbs xdj266r x126k92a\">\n<div dir=\"auto\">Muzeul Na\u021bional al \u021a\u0103ranului Rom\u00e2n, \u00een parteneriat cu Muzeul Na\u021bional al Literaturii Rom\u00e2ne, organizeaz\u0103 la Muzeul Na\u021bional al \u021a\u0103ranului Rom\u00e2n, \u00een sala \u201eIrina Nicolau\u201c, \u00een perioada 2 &#8211; 19 februarie 2023, expozi\u021bia \u201eC\u0103r\u0103mida e f\u0103cut\u0103 din case\u201c, a artistului Dacian Andoni. Expozi\u021bia reune\u0219te lucr\u0103ri de pictur\u0103 \u0219i desen de mari dimensiuni, realizate recent, av\u00e2nd ca tem\u0103 c\u0103r\u0103mizile-p\u0103m\u00e2nt, embleme ale constructivit\u0103\u021bii, pe care artistul le transform\u0103 \u00een adev\u0103rate monumente, cu referire la teoria platonician\u0103 a unit\u0103\u021bii \u00een multiplicitate.<\/div>\n<div dir=\"auto\"><\/div>\n<\/div>\n<div class=\"x11i5rnm xat24cr x1mh8g0r x1vvkbs xtlvy1s x126k92a\">\n<div dir=\"auto\">Dacian Andoni s-a n\u0103scut la 30 decembrie 1962, la Arad. Este absolvent al Academiei de Arte Vizuale \u201eGeorge Enescu\u201c, Ia\u0219i (clasa prof. Adrian Podoleanu, 1993), sec\u021bia pictur\u0103 \u0219i, \u00een prezent, doctor \u00een arte vizuale \u0219i profesor universitar \u00een cadrul Universit\u0103\u021bii de Vest Timi\u0219oara, Facultatea de Arte \u0219i Design. De-a lungul carierei sale, a organizat numeroase expozi\u021bii personale \u0219i a participat la expozi\u021bii de grup, at\u00e2t \u00een \u021bar\u0103, c\u00e2t \u0219i \u00een str\u0103in\u0103tate, la Szeged, Budapesta, Paris, Buxieres-les-Mines, Quincy, Viena, Ankara, Yzeure, Gyula, Vene\u021bia.<\/div>\n<div dir=\"auto\"><\/div>\n<\/div>\n<div class=\"x11i5rnm xat24cr x1mh8g0r x1vvkbs xtlvy1s x126k92a\">\n<div dir=\"auto\"><strong>Expozi\u021bia va putea fi vizitat\u0103 la Sala \u201eIrina Nicolau\u201c, p\u00e2n\u0103 la 19 februarie 2023, de mar\u021bi p\u00e2n\u0103 duminic\u0103, \u00eentre orele 10.00 \u0219i 18.00. Luni este \u00eenchis.<\/strong><\/div>\n<\/div>\n<div class=\"x11i5rnm xat24cr x1mh8g0r x1vvkbs xtlvy1s x126k92a\">\n<div dir=\"auto\">Pre\u021bul biletului de intrare: adul\u021bi &#8211; 12 lei; pensionari &#8211; 6 lei; elevi \u0219i studen\u021bi, posesori ai cardului Euro 26, \u00een v\u00e2rst\u0103 de p\u00e2n\u0103 la 30 de ani, persoanele adulte cu handicap mediu sau u\u0219or &#8211; 3 lei.<\/div>\n<\/div>\n<div class=\"x11i5rnm xat24cr x1mh8g0r x1vvkbs xtlvy1s x126k92a\">\n<div dir=\"auto\"><\/div>\n<div dir=\"auto\"><strong>Vernisajul va avea loc \u00een data de 2 februarie, \u00eencep\u00e2nd cu orele 18.00, la sala \u201eIrina Nicolau\u201c.<\/strong><\/div>\n<\/div>","protected":false},"excerpt":{"rendered":"<p>Muzeul Na\u021bional al \u021a\u0103ranului Rom\u00e2n, \u00een parteneriat cu Muzeul Na\u021bional al Literaturii Rom\u00e2ne, organizeaz\u0103 la Muzeul Na\u021bional al \u021a\u0103ranului Rom\u00e2n,&#8230;<\/p>","protected":false},"author":8,"featured_media":26383,"comment_status":"closed","ping_status":"closed","sticky":false,"template":"","format":"standard","meta":{"_exactmetrics_skip_tracking":false,"_exactmetrics_sitenote_active":false,"_exactmetrics_sitenote_note":"","_exactmetrics_sitenote_category":0,"footnotes":""},"categories":[9,36,69],"tags":[],"class_list":["post-26381","post","type-post","status-publish","format-standard","has-post-thumbnail","hentry","category-evenimente","category-expozitii","category-expozitii-temporare-mnlr-la-sediile-partenerilor"],"_links":{"self":[{"href":"https:\/\/mnlr.ro\/en\/wp-json\/wp\/v2\/posts\/26381","targetHints":{"allow":["GET"]}}],"collection":[{"href":"https:\/\/mnlr.ro\/en\/wp-json\/wp\/v2\/posts"}],"about":[{"href":"https:\/\/mnlr.ro\/en\/wp-json\/wp\/v2\/types\/post"}],"author":[{"embeddable":true,"href":"https:\/\/mnlr.ro\/en\/wp-json\/wp\/v2\/users\/8"}],"replies":[{"embeddable":true,"href":"https:\/\/mnlr.ro\/en\/wp-json\/wp\/v2\/comments?post=26381"}],"version-history":[{"count":1,"href":"https:\/\/mnlr.ro\/en\/wp-json\/wp\/v2\/posts\/26381\/revisions"}],"predecessor-version":[{"id":26384,"href":"https:\/\/mnlr.ro\/en\/wp-json\/wp\/v2\/posts\/26381\/revisions\/26384"}],"wp:featuredmedia":[{"embeddable":true,"href":"https:\/\/mnlr.ro\/en\/wp-json\/wp\/v2\/media\/26383"}],"wp:attachment":[{"href":"https:\/\/mnlr.ro\/en\/wp-json\/wp\/v2\/media?parent=26381"}],"wp:term":[{"taxonomy":"category","embeddable":true,"href":"https:\/\/mnlr.ro\/en\/wp-json\/wp\/v2\/categories?post=26381"},{"taxonomy":"post_tag","embeddable":true,"href":"https:\/\/mnlr.ro\/en\/wp-json\/wp\/v2\/tags?post=26381"}],"curies":[{"name":"wp","href":"https:\/\/api.w.org\/{rel}","templated":true}]}}