{"id":26395,"date":"2023-02-01T10:08:18","date_gmt":"2023-02-01T08:08:18","guid":{"rendered":"https:\/\/mnlr.ro\/?p=26395"},"modified":"2023-02-02T18:12:11","modified_gmt":"2023-02-02T16:12:11","slug":"calator-in-cautarea-iubirii-expozitie-mnlr-in-bucuresti-mall-vitan-6-19-februarie-2023","status":"publish","type":"post","link":"https:\/\/mnlr.ro\/en\/calator-in-cautarea-iubirii-expozitie-mnlr-in-bucuresti-mall-vitan-6-19-februarie-2023\/","title":{"rendered":"C\u0103l\u0103tor \u00een c\u0103utarea iubirii | expozi\u021bie MNLR \u00een Bucure\u0219ti-Mall Vitan | 6 \u2013 19 februarie 2023"},"content":{"rendered":"<p>\u201ePielea ta are aroma piersicii coapte \u0219i un luciu mat, aproape l\u0103untric. \u00centreaga ta fiin\u021b\u0103 respir\u0103 prin nu \u0219tiu ce tain\u0103, spirit, senzualitate, \u00eemi evoc\u0103 nu \u0219tiu ce amintiri, nu \u0219tiu ce nostalgii pierdute \u00eenainte de a lua forme precise.\u201d, \u00eei m\u0103rturise\u0219te \u0218tefan Mironei \u00een romanul Cellei Serghi. \u201eUn an \u00eentreg n-am spus dec\u00e2t Luli, Luli, Luli. Buzele mele au forma numelui t\u0103u. Am devenit ca o pas\u0103re care nu \u0219tie dec\u00e2t silabele unui tril unic\u201d \u2013 reg\u0103si\u021bi acest fragment \u00een <em>Lorelei<\/em> de Ionel Teodoreanu.<\/p>\n<p>V\u0103 invit\u0103m s\u0103 descoperi\u021bi cele 12 pove\u0219ti de dragoste cu personaje inspirate din via\u021ba real\u0103 \u0219i care se reg\u0103sesc \u00een romane de dragoste reprezentative pentru literatura rom\u00e2n\u0103.<\/p>\n<p>Panourile expozi\u021bionale redau dialoguri \u00eentre personajele \u00eendr\u0103gostite sau ilustreaz\u0103 iubiri imposibile. V\u0103 ve\u021bi \u00eent\u00e2lni cu misterioasa domni\u0219oar\u0103 P.V., cu fascinanta actri\u021b\u0103 Leny Caler, muza scriitorilor Camil Petrescu, Mihail Sebastian \u0219i Zaharia Stancu, ve\u021bi descoperi ingenuitatea, dublat\u0103 de o inteligen\u021b\u0103 sclipitoare, a bengalezei Maitreyi sau frumuse\u021bea nativ\u0103 \u0219i atitudinea nonconformist\u0103 a Mi\u021bei Biciclista, precum \u0219i un \u201e\u00eenger p\u0103zitor al primei copil\u0103rii\u201d, Lina lui Miron Radu Paraschivescu.<\/p>\n<p>Al\u0103turi de aceste pove\u0219ti ve\u021bi afla \u0219i anul \u00een care s-au publicat cele mai multe romane de dragoste, care a fost romanul care l-a f\u0103cut celebru pe Mihail Drume\u0219, cine a fost Maria Mih\u0103escu \u0219i care e porecla pe care o prime\u0219te \u00een urma refuzului invita\u021biei la un <em>rendez-vous<\/em>.<\/p>\n<p>Expozi\u021bia, preg\u0103tit\u0103 de echipa de la Muzeul Na\u021bional al Literaturii Rom\u00e2ne din Bucure\u0219ti, va putea fi vizitat\u0103 de luni p\u00e2n\u0103 duminic\u0103, \u00een intervalul 10.00 \u2013 22.00, \u00een Bucure\u0219ti-Mall Vitan (Calea Vitan 55 \u2013 59).<\/p>\n<p><strong>Echipa proiectului<\/strong><\/p>\n<p>Texte prezentate de: Daniela B\u0103bu, Monica Laz\u0103r, Mihaela Stanciu, Loreta Popa, Anni Udrea (muzeografi), Zamfir B\u0103lan (cercet\u0103tor), Radu B\u0103ie\u0219u (redactor)<br \/>\nRedactor: Gabriela Scaete<br \/>\nRela\u021bii Publice: Andreea Balaban, Gabriela Mare\u0219, Ilinca Stratan<br \/>\nCrea\u021bie grafic\u0103: Antoanella B\u0103nciulescu<br \/>\nCoordonator proiect: Gabriela Toma<\/p>\n<p>Pentru detalii, v\u0103 rug\u0103m s\u0103 scrie\u021bi un mesaj pe WhatsApp la 0736.598.451 sau la adresa <a href=\"mailto:programe@mnlr.ro\">programe@mnlr.ro<\/a>.<\/p>","protected":false},"excerpt":{"rendered":"<p>\u201ePielea ta are aroma piersicii coapte \u0219i un luciu mat, aproape l\u0103untric. \u00centreaga ta fiin\u021b\u0103 respir\u0103 prin nu \u0219tiu ce&#8230;<\/p>","protected":false},"author":8,"featured_media":26396,"comment_status":"closed","ping_status":"closed","sticky":false,"template":"","format":"standard","meta":{"_exactmetrics_skip_tracking":false,"_exactmetrics_sitenote_active":false,"_exactmetrics_sitenote_note":"","_exactmetrics_sitenote_category":0,"footnotes":""},"categories":[9,36,69],"tags":[],"class_list":["post-26395","post","type-post","status-publish","format-standard","has-post-thumbnail","hentry","category-evenimente","category-expozitii","category-expozitii-temporare-mnlr-la-sediile-partenerilor"],"_links":{"self":[{"href":"https:\/\/mnlr.ro\/en\/wp-json\/wp\/v2\/posts\/26395","targetHints":{"allow":["GET"]}}],"collection":[{"href":"https:\/\/mnlr.ro\/en\/wp-json\/wp\/v2\/posts"}],"about":[{"href":"https:\/\/mnlr.ro\/en\/wp-json\/wp\/v2\/types\/post"}],"author":[{"embeddable":true,"href":"https:\/\/mnlr.ro\/en\/wp-json\/wp\/v2\/users\/8"}],"replies":[{"embeddable":true,"href":"https:\/\/mnlr.ro\/en\/wp-json\/wp\/v2\/comments?post=26395"}],"version-history":[{"count":2,"href":"https:\/\/mnlr.ro\/en\/wp-json\/wp\/v2\/posts\/26395\/revisions"}],"predecessor-version":[{"id":26408,"href":"https:\/\/mnlr.ro\/en\/wp-json\/wp\/v2\/posts\/26395\/revisions\/26408"}],"wp:featuredmedia":[{"embeddable":true,"href":"https:\/\/mnlr.ro\/en\/wp-json\/wp\/v2\/media\/26396"}],"wp:attachment":[{"href":"https:\/\/mnlr.ro\/en\/wp-json\/wp\/v2\/media?parent=26395"}],"wp:term":[{"taxonomy":"category","embeddable":true,"href":"https:\/\/mnlr.ro\/en\/wp-json\/wp\/v2\/categories?post=26395"},{"taxonomy":"post_tag","embeddable":true,"href":"https:\/\/mnlr.ro\/en\/wp-json\/wp\/v2\/tags?post=26395"}],"curies":[{"name":"wp","href":"https:\/\/api.w.org\/{rel}","templated":true}]}}