{"id":26433,"date":"2023-02-06T11:46:02","date_gmt":"2023-02-06T09:46:02","guid":{"rendered":"https:\/\/mnlr.ro\/?p=26433"},"modified":"2023-02-15T15:50:40","modified_gmt":"2023-02-15T13:50:40","slug":"remember-ioan-flora","status":"publish","type":"post","link":"https:\/\/mnlr.ro\/en\/remember-ioan-flora\/","title":{"rendered":"Remember Ioan Flora"},"content":{"rendered":"<p>Muzeul Na\u021bional al Literaturii Rom\u00e2ne v\u0103 invit\u0103 miercuri, 8 februarie 2023, ora 17.00, Str. Nicolae Cre\u021bulescu nr. 8, la un eveniment dedicat memoriei poetului Ioan Flora. Particip\u0103: Maria Nenadici, Ion Bogdan Lefter, Lucian Chi\u0219u. Amfitrion: Ioan Cristescu, director Muzeul Na\u021bional al Literaturii Rom\u00e2ne.<\/p>\n<p>Ioan Flora, unul dintre cei mai buni poe\u021bi ai genera\u021biei lui, s-a n\u0103scut \u00een Satul Nou, jude\u0163ul Pancevo, \u00een Banatul S\u00e2rbesc (acum Serbia), la 20 decembrie 1950. A absolvit Liceul Rom\u00e2nesc din V\u00e2r\u015fe\u0163 \u0219i Facultatea de Limba \u0219i Literatura Rom\u00e2n\u0103 a Universit\u0103\u021bii din Bucure\u0219ti. Ca student, a frecventat cenaclul Junimea, condus de Ovid. S. Crohm\u0103lniceanu. A debutat editorial cu \u201eValsuri\u201d, \u00een 1970. Public\u0103, printre altele, \u201eIedera\u201d, \u201eRimbaud sau altcineva\u201d, \u201eLumea fizic\u0103\u201d, \u201eTr\u0103darea metaforei\u201d, \u201eO bufni\u0163\u0103 t\u00e2n\u0103r\u0103 pe patul mor\u0163ii\u201d, \u201eMemoria asasin\u0103\u201d, \u201eVulpile violete\u201d. Este autorul unei monumentale antologii, acoperind 800 de ani de poezie s\u00e2rb\u0103 \u015fi muntenegrean\u0103, rapid epuizat\u0103. Volumele i-au fost premiate at\u00e2t \u00een \u0163ar\u0103, c\u00e2t \u015fi \u00een Serbia. Membru \u015fi secretar al Uniunii Scriitorilor din Rom\u00e2nia \u015fi al Asocia\u0163iei Scriitorilor din Serbia, a predat limba rom\u00e2n\u0103 la liceul economic din Alibunar. Din 1977 a fost redactor la ziarul Libertatea \u015fi la revista Lumina, iar \u00eentre 1991-1993 a devenit redactor \u015fef la Edi\u0163ia Libertatea la Pancevo\/Novi Sad. Din 1993 s-a stabilit cu familia la Bucure\u015fti. A plecat subit \u00eentr-o zi de 3 februarie a anului 2005, la Bucure\u0219ti. Nichita St\u0103nescu i-ar fi zis c\u00e2ndva, \u00eentr-un tren: \u201eB\u0103tr\u00e2ne, dac\u0103 plec o s\u0103pt\u0103m\u00e2n\u0103, \u0103\u0219tia m\u0103 uit\u0103\u201d. Ioan Flora a primit pentru volumele sale, traduse \u00een s\u00e2rbocroat\u0103 de Adam Pusloji\u010b (m. 31 decembrie 2022), numeroase premii de prestigiu, \u00eentre care cel al Festivalului de Poezie de la Struga (1978) \u0219i Premiul Nolit (1989). Lucid, ironic, \u0219tiind c\u0103 poezia poate, cel mult, s\u0103 m\u00e2ng\u00e2ie, a legat o prietenie str\u00e2ns\u0103 cu Nichita St\u0103nescu, Marin Sorescu \u0219i cu al\u021bi scriitori din genera\u021bia \u0219aizeci.<\/p>\n<p>Volume publicate: \u201eValsuri\u201d, 1970; \u201eIedera\u201d, 1975; \u201eFi\u015fe poetice\u201d, 1977 (premiul Festivalului de Poezie de la Struga, Macedonia); \u201eTerapia muncii\u201d, 1981; \u201eStarea de fapt\u201d, 1984,1986; \u201eO bufni\u0163\u0103 t\u00e2n\u0103r\u0103 pe patul mor\u0163ii\u201d,1988, 1998 (Premiul Belgrad, Serbie); \u201eMemoria asasin\u0103\u201d, antologie, 1989 (Premiul scriitorilor din Voievodina); \u201eT\u0103lpile violete\u201d, 1990, 1998; \u201ePoeme, antologie\u201d, 1993; \u201eDiscurs asupra stru\u0163oc\u0103milei\u201d, 1995, 1998 (Premiul Uniunii Scriitorilor din Rom\u00e2nia, respectiv, cel al Uniunii Scriitorilor din Republica Moldova); \u201eCincizeci de romane \u015fi alte utopii\/ Fifty Novels and Other Utopias\u201d (Cinquante romans et autres utopies), antologie, 1996; \u201eIepurele suedez\u201d, 1997, 1998 (Prix de l\u2019Union des Ecrivains \u015fi premiul ASPRO); \u201eMedeea \u015fi ma\u015finile ei de r\u0103zboi\u201d, 2000.<\/p>\n<p>Intrarea este liber\u0103.<br \/>\nV\u0103 a\u0219tept\u0103m cu drag!<\/p>\n<p>Credit foto: Dan Vatamaniuc<\/p>","protected":false},"excerpt":{"rendered":"<p>Muzeul Na\u021bional al Literaturii Rom\u00e2ne v\u0103 invit\u0103 miercuri, 8 februarie 2023, ora 17.00, Str. Nicolae Cre\u021bulescu nr. 8, la un&#8230;<\/p>","protected":false},"author":11,"featured_media":26434,"comment_status":"closed","ping_status":"closed","sticky":false,"template":"","format":"standard","meta":{"_exactmetrics_skip_tracking":false,"_exactmetrics_sitenote_active":false,"_exactmetrics_sitenote_note":"","_exactmetrics_sitenote_category":0,"footnotes":""},"categories":[9,12],"tags":[],"class_list":["post-26433","post","type-post","status-publish","format-standard","has-post-thumbnail","hentry","category-evenimente","category-evocari"],"_links":{"self":[{"href":"https:\/\/mnlr.ro\/en\/wp-json\/wp\/v2\/posts\/26433","targetHints":{"allow":["GET"]}}],"collection":[{"href":"https:\/\/mnlr.ro\/en\/wp-json\/wp\/v2\/posts"}],"about":[{"href":"https:\/\/mnlr.ro\/en\/wp-json\/wp\/v2\/types\/post"}],"author":[{"embeddable":true,"href":"https:\/\/mnlr.ro\/en\/wp-json\/wp\/v2\/users\/11"}],"replies":[{"embeddable":true,"href":"https:\/\/mnlr.ro\/en\/wp-json\/wp\/v2\/comments?post=26433"}],"version-history":[{"count":3,"href":"https:\/\/mnlr.ro\/en\/wp-json\/wp\/v2\/posts\/26433\/revisions"}],"predecessor-version":[{"id":26511,"href":"https:\/\/mnlr.ro\/en\/wp-json\/wp\/v2\/posts\/26433\/revisions\/26511"}],"wp:featuredmedia":[{"embeddable":true,"href":"https:\/\/mnlr.ro\/en\/wp-json\/wp\/v2\/media\/26434"}],"wp:attachment":[{"href":"https:\/\/mnlr.ro\/en\/wp-json\/wp\/v2\/media?parent=26433"}],"wp:term":[{"taxonomy":"category","embeddable":true,"href":"https:\/\/mnlr.ro\/en\/wp-json\/wp\/v2\/categories?post=26433"},{"taxonomy":"post_tag","embeddable":true,"href":"https:\/\/mnlr.ro\/en\/wp-json\/wp\/v2\/tags?post=26433"}],"curies":[{"name":"wp","href":"https:\/\/api.w.org\/{rel}","templated":true}]}}