{"id":26469,"date":"2023-02-12T11:00:03","date_gmt":"2023-02-12T09:00:03","guid":{"rendered":"https:\/\/mnlr.ro\/?p=26469"},"modified":"2023-02-11T22:54:45","modified_gmt":"2023-02-11T20:54:45","slug":"poezie-si-creatie-126-eniko-szilagyi-si-loreta-popa","status":"publish","type":"post","link":"https:\/\/mnlr.ro\/en\/poezie-si-creatie-126-eniko-szilagyi-si-loreta-popa\/","title":{"rendered":"\u201ePoezie \u0219i crea\u021bie\u201d #126 | Enik\u00f6 Szilagyi \u0219i Loreta Popa"},"content":{"rendered":"<p>Invitat\u0103 la \u201ePoezie \u0219i crea\u021bie\u201d pentru a doua oar\u0103, de data aceasta fa\u021b\u0103 \u00een fa\u021b\u0103 \u0219i nu prin zoom, este actri\u021ba de teatru \u0219i film Enik\u00f6 Szilagyi. A fost invitat\u0103 la finalul lunii ianuarie la Bucure\u0219ti de Uniunea Autorilor \u0219i Realizatorilor de Film din Rom\u00e2nia cu ocazia \u00eemplinirii a 30 de ani de la \u00eenfiin\u021bare, iar la Gala desf\u0103\u0219urat\u0103 la Marshal Garden actri\u021ba a primit o diplom\u0103 de excelen\u021b\u0103. Prezen\u021ba la Bucure\u0219ti a actri\u021bei ne-a dat \u0219ansa unui al doilea interviu.<\/p>\n<p>Enik\u00f6 Szilagyi s-a n\u0103scut \u00een Cluj \u0219i a jucat pe scena teatrelor din T\u00e2rgu Mure\u0219 \u0219i Cluj-Napoca \u00een peste \u0219aizeci de roluri. \u00cenc\u0103 din primii ani de studiu, Enik\u00f6 Szilagyi a fost remarcat\u0103 de regizori importan\u021bi, debut\u00e2nd \u00een film la numai 18 ani \u0219i interpret\u00e2nd peste 20 de roluri \u00een \u201eSecretul lui Bachus\u201d, \u201eUltima noapte de dragoste\u201d, \u201eCapcana mercenarilor\u201d, \u201eHorea\u201d, \u201eBietul Ioanide\u201d sau \u201eMisterele Bucure\u015ftilor\u201d. A p\u0103r\u0103sit Rom\u00e2nia cu \u0219ase luni \u00eenaintea Revolu\u021biei din 1989, stabilindu-se la \u00eenceput \u00een Olanda. A f\u0103cut \u00een continuare teatru \u00een Ungaria \u015fi apoi, av\u00e2nd o voce interesant\u0103 de mezzo-sopran\u0103, s-a afirmat pe scenele muzicale din Fran\u021ba \u0219i Belgia, abord\u00e2nd piese din repertoriul unor mari c\u00e2nt\u0103re\u021bi precum Barbara, Edith Piaf, Jacques Brel, Maria T\u0103nase sau din crea\u021bia compozitorilor Jean Musy sau Kurt Weill. \u00cen septembrie 2018, la invita\u021bia Muzeului Na\u021bional al Literaturii Rom\u00e2ne, a fost prezent\u0103 la proiec\u021bia filmului \u201eUltima noapte de dragoste, \u00eent\u00e2ia noapte de r\u0103zboi\u201d, \u00een regia lui Sergiu Nicolaescu, al\u0103turi de George Mih\u0103i\u021b\u0103 \u0219i Vladimir G\u0103itan. Acesta din urm\u0103 avea s\u0103 dispar\u0103 dintre noi \u00een 2020.<\/p>\n<p>\u201eTeatrul mi-a oferit roluri, \u00eent\u00e2lniri cu regizorii, deci mult mai mult din punct de vedere profesional dec\u00e2t filmul. Era mult mai important doar cum ar\u0103t, din cauza asta am nimerit ni\u0219te roluri care niciodat\u0103 nu m-au satisf\u0103cut profesional. Acesta este adev\u0103rul. Singurul rol aproape de sufletul meu este cel din spectacolul \u00abSteaua f\u0103r\u0103 nume\u00bb, de Mihail Sebastian, de la Televiziunea Rom\u00e2n\u0103, al\u0103turi de Florin Zamfirescu. Radu Beligan mi-a oferit posibilitatea de a exersa meseria la Teatrul Na\u021bional imediat dup\u0103 ce am \u00eencheiat film\u0103rile la televiziune. Singurul meu regret este c\u0103 nu am acceptat. C\u0103 nu am \u00eencercat m\u0103car c\u00e2\u021biva ani\u201d, m\u0103rturise\u0219te Enik\u00f6 Szilagyi.<\/p>\n<p>\u201ePentru mine, teatrul de televiziune a fost o \u00eencercare uria\u0219\u0103. Am terminat institutul de teatru la T\u00e2rgu Mure\u0219, iar acolo nu am avut sec\u021bie de art\u0103 cinematografic\u0103 sau televiziune, a\u0219a cum exist\u0103 acum. Studen\u021bii \u00eenva\u021b\u0103 de toate. Noi nu am f\u0103cut dec\u00e2t teatru. Am fost un ucenic din toate punctele de vedere c\u00e2nd am \u00eenceput aceste film\u0103ri la \u00abSteaua f\u0103r\u0103 nume\u00bb. Nu po\u021bi s\u0103-\u021bi imaginezi duio\u0219ia, r\u0103bdarea \u0219i dragostea pe care le-a avut fa\u021b\u0103 de mine Octavian Cotescu. C\u00e2t m-a ajutat. Sau Eugen Todoran, care a fost minunat. Florin Zamfirescu, partenerul meu extraordinar. To\u021bi m-au ajutat pentru c\u0103 efectiv nu \u0219tiam unde s\u0103 m\u0103 uit \u0219i ce s\u0103 fac. Mi s-a spus c\u0103 am fost exact acea Mona care coboar\u0103 dintr-o alt\u0103 lume, nu numai din tren, dintr-o alt\u0103 stea s\u0103 zicem, dintr-un alt univers. Exact acea nedumerire pe care am avut-o eu din cauza camerelor de filmat a dat senza\u021bia de str\u0103in. O str\u0103in\u0103 \u00een noapte care nu prea-\u0219i g\u0103sea locul. Chiar a fost straniu. Am colaborat bine dup\u0103 aceea, dar a r\u0103mas aceast\u0103 incertitudine \u00een comportament care a dat o not\u0103 de straniu personajului. A fost \u00eentr-adev\u0103r o lips\u0103 de experien\u021b\u0103 cu camerele de filmare. Nu a fost o crea\u021bie\u201d, spune Enik\u00f6 Szilagyi.<\/p>\n<p>Concept video &amp; Multimedia: Alex Ursu<br \/>\nCredit foto: Dan Vatamaniuc<br \/>\nProiect coordonat \u0219i realizat de Loreta Popa<\/p>\n<p>Urm\u0103ri\u021bi \u201ePoezie \u0219i crea\u021bie\u201d aici:<\/p>\n<p><iframe loading=\"lazy\" title=\"Poezie \u0219i crea\u021bie - Eniko Szilagyi\" width=\"500\" height=\"281\" src=\"https:\/\/www.youtube.com\/embed\/O-twbIGxnWc?feature=oembed\" frameborder=\"0\" allow=\"accelerometer; autoplay; clipboard-write; encrypted-media; gyroscope; picture-in-picture; web-share\" referrerpolicy=\"strict-origin-when-cross-origin\" allowfullscreen><\/iframe><\/p>","protected":false},"excerpt":{"rendered":"<p>Invitat\u0103 la \u201ePoezie \u0219i crea\u021bie\u201d pentru a doua oar\u0103, de data aceasta fa\u021b\u0103 \u00een fa\u021b\u0103 \u0219i nu prin zoom, este&#8230;<\/p>","protected":false},"author":11,"featured_media":26470,"comment_status":"closed","ping_status":"closed","sticky":false,"template":"","format":"standard","meta":{"_exactmetrics_skip_tracking":false,"_exactmetrics_sitenote_active":false,"_exactmetrics_sitenote_note":"","_exactmetrics_sitenote_category":0,"footnotes":""},"categories":[9,52],"tags":[],"class_list":["post-26469","post","type-post","status-publish","format-standard","has-post-thumbnail","hentry","category-evenimente","category-evenimente-on-line"],"_links":{"self":[{"href":"https:\/\/mnlr.ro\/en\/wp-json\/wp\/v2\/posts\/26469","targetHints":{"allow":["GET"]}}],"collection":[{"href":"https:\/\/mnlr.ro\/en\/wp-json\/wp\/v2\/posts"}],"about":[{"href":"https:\/\/mnlr.ro\/en\/wp-json\/wp\/v2\/types\/post"}],"author":[{"embeddable":true,"href":"https:\/\/mnlr.ro\/en\/wp-json\/wp\/v2\/users\/11"}],"replies":[{"embeddable":true,"href":"https:\/\/mnlr.ro\/en\/wp-json\/wp\/v2\/comments?post=26469"}],"version-history":[{"count":1,"href":"https:\/\/mnlr.ro\/en\/wp-json\/wp\/v2\/posts\/26469\/revisions"}],"predecessor-version":[{"id":26478,"href":"https:\/\/mnlr.ro\/en\/wp-json\/wp\/v2\/posts\/26469\/revisions\/26478"}],"wp:featuredmedia":[{"embeddable":true,"href":"https:\/\/mnlr.ro\/en\/wp-json\/wp\/v2\/media\/26470"}],"wp:attachment":[{"href":"https:\/\/mnlr.ro\/en\/wp-json\/wp\/v2\/media?parent=26469"}],"wp:term":[{"taxonomy":"category","embeddable":true,"href":"https:\/\/mnlr.ro\/en\/wp-json\/wp\/v2\/categories?post=26469"},{"taxonomy":"post_tag","embeddable":true,"href":"https:\/\/mnlr.ro\/en\/wp-json\/wp\/v2\/tags?post=26469"}],"curies":[{"name":"wp","href":"https:\/\/api.w.org\/{rel}","templated":true}]}}