{"id":26765,"date":"2023-03-14T11:13:25","date_gmt":"2023-03-14T09:13:25","guid":{"rendered":"https:\/\/mnlr.ro\/?p=26765"},"modified":"2023-03-14T11:42:36","modified_gmt":"2023-03-14T09:42:36","slug":"evocare-adam-puslojic-80-comunicat-post-event","status":"publish","type":"post","link":"https:\/\/mnlr.ro\/en\/evocare-adam-puslojic-80-comunicat-post-event\/","title":{"rendered":"\u201eEvocare Adam Pusloji\u0107 80\u201d | comunicat post-event"},"content":{"rendered":"<p>Joi, 9 martie 2023, la sediul expozi\u021biei de baz\u0103 din strada Nicolae Cre\u021bulescu 8, a avut loc evenimentul \u201eEvocare Adam Pusloji\u0107 80\u201d, un omagiu adus unui prieten al Muzeului Na\u021bional al Literaturii Rom\u00e2ne \u0219i unui veritabil constructor de pun\u021bi \u0219i leg\u0103turi f\u0103r\u0103 sf\u00e2r\u0219it \u00eentre cele dou\u0103 popoare: s\u00e2rb \u0219i rom\u00e2n. Pentru aproape dou\u0103 ore am dep\u0103nat amintiri despre Adam Pusloji\u0107 \u0219i efervescen\u021ba sa creatoare, un sufletist care a \u201ears\u201d pentru poezie p\u00e2n\u0103 la sf\u00e2r\u0219it, \u0219i a c\u0103rui efigie, at\u00e2t de expresiv\u0103, va r\u0103m\u00e2ne \u00een con\u0219tiin\u021ba noastr\u0103 public\u0103. Cu aceast\u0103 ocazie a fost prezentat\u0103 \u0219i o expozi\u021bie dedicat\u0103, realizat\u0103 de Anastasia Stoiciu.<\/p>\n<p>Al\u0103turi de noi, la evenimentul moderat de Ioan Cristescu, directorul general al MNLR, au participat E. S. Stefan Toma\u0161evi\u0107, Ambasadorul Serbiei \u00een Rom\u00e2nia, care a citit un poem personal, scris \u0219i dedicat lui Adam chiar dup\u0103 prima lor \u00eent\u00e2lnire, Marija Pusloji\u0107, fiica poetului, Mircea Martin, Mariana Dan, R\u0103zvan Voncu, Dejan Mastilovi\u0107, Cassian Maria Spiridon, Mircia Dumitrescu \u0219i Vlad Ciobanu. E.S. Stefan Toma\u0161evi\u0107, Ambasadorul Serbiei \u00een Rom\u00e2nia a fost \u00eenso\u021bit de doamna Milena Jivcovic, traduc\u0103tor.<\/p>\n<p>Adres\u0103m calde mul\u021bumiri tuturor celor care ne-au fost al\u0103turi!<\/p>\n<p>\u00cenregistrarea evenimentului poate fi urm\u0103rit\u0103 aici:<\/p>\n<p><iframe loading=\"lazy\" title=\"Evocare Adam Pusloji\u0107 80\" width=\"500\" height=\"281\" src=\"https:\/\/www.youtube.com\/embed\/lDtA7TJpcZI?start=323&#038;feature=oembed\" frameborder=\"0\" allow=\"accelerometer; autoplay; clipboard-write; encrypted-media; gyroscope; picture-in-picture; web-share\" referrerpolicy=\"strict-origin-when-cross-origin\" allowfullscreen><\/iframe><\/p>","protected":false},"excerpt":{"rendered":"<p>Joi, 9 martie 2023, la sediul expozi\u021biei de baz\u0103 din strada Nicolae Cre\u021bulescu 8, a avut loc evenimentul \u201eEvocare Adam&#8230;<\/p>","protected":false},"author":8,"featured_media":26766,"comment_status":"closed","ping_status":"closed","sticky":false,"template":"","format":"standard","meta":{"_exactmetrics_skip_tracking":false,"_exactmetrics_sitenote_active":false,"_exactmetrics_sitenote_note":"","_exactmetrics_sitenote_category":0,"footnotes":""},"categories":[9],"tags":[],"class_list":["post-26765","post","type-post","status-publish","format-standard","has-post-thumbnail","hentry","category-evenimente"],"_links":{"self":[{"href":"https:\/\/mnlr.ro\/en\/wp-json\/wp\/v2\/posts\/26765","targetHints":{"allow":["GET"]}}],"collection":[{"href":"https:\/\/mnlr.ro\/en\/wp-json\/wp\/v2\/posts"}],"about":[{"href":"https:\/\/mnlr.ro\/en\/wp-json\/wp\/v2\/types\/post"}],"author":[{"embeddable":true,"href":"https:\/\/mnlr.ro\/en\/wp-json\/wp\/v2\/users\/8"}],"replies":[{"embeddable":true,"href":"https:\/\/mnlr.ro\/en\/wp-json\/wp\/v2\/comments?post=26765"}],"version-history":[{"count":4,"href":"https:\/\/mnlr.ro\/en\/wp-json\/wp\/v2\/posts\/26765\/revisions"}],"predecessor-version":[{"id":26787,"href":"https:\/\/mnlr.ro\/en\/wp-json\/wp\/v2\/posts\/26765\/revisions\/26787"}],"wp:featuredmedia":[{"embeddable":true,"href":"https:\/\/mnlr.ro\/en\/wp-json\/wp\/v2\/media\/26766"}],"wp:attachment":[{"href":"https:\/\/mnlr.ro\/en\/wp-json\/wp\/v2\/media?parent=26765"}],"wp:term":[{"taxonomy":"category","embeddable":true,"href":"https:\/\/mnlr.ro\/en\/wp-json\/wp\/v2\/categories?post=26765"},{"taxonomy":"post_tag","embeddable":true,"href":"https:\/\/mnlr.ro\/en\/wp-json\/wp\/v2\/tags?post=26765"}],"curies":[{"name":"wp","href":"https:\/\/api.w.org\/{rel}","templated":true}]}}