{"id":26793,"date":"2023-03-14T15:19:38","date_gmt":"2023-03-14T13:19:38","guid":{"rendered":"https:\/\/mnlr.ro\/?p=26793"},"modified":"2023-03-14T15:30:26","modified_gmt":"2023-03-14T13:30:26","slug":"ziua-pasarilor-la-martisor-atelier-de-educatie-in-natura-prin-literatura","status":"publish","type":"post","link":"https:\/\/mnlr.ro\/en\/ziua-pasarilor-la-martisor-atelier-de-educatie-in-natura-prin-literatura\/","title":{"rendered":"Ziua p\u0103s\u0103rilor la M\u0103r\u021bi\u0219or | Atelier de educa\u021bie \u00een natur\u0103, prin literatur\u0103"},"content":{"rendered":"<p>\u00cen prima zi a lunii aprilie s\u0103rb\u0103torim <em>Ziua Interna\u021bional\u0103 a P\u0103s\u0103rilor<\/em>, la M\u0103r\u021bi\u0219or, Casa Memorial\u0103 \u201eTudor Arghezi\u201d (Str. M\u0103r\u021bi\u0219or 26). Poetul Tudor Arghezi a iubit toate micile vie\u021buitoare \u0219i s-a l\u0103sat inspirat de ele: vr\u0103biile, pi\u021bigoii, ciorile, furnicile, albinele, fazanii, cocorii, cioc\u00e2rliile, mierlele \u0219i privighetorile au devenit surse de inspira\u021bie, pentru c\u0103 ,,\u00een toate inima bate \u0219i tresare\u201d. \u0218i cum livada casei memoriale se transform\u0103 prim\u0103vara \u00eentr-o adev\u0103rat\u0103 gr\u0103din\u0103 senzorial\u0103 care ne \u00eenc\u00e2nt\u0103 sim\u0163urile, vom profita de aceast\u0103 ocazie pentru a observa \u0219i asculta, al\u0103turi de copii, p\u0103s\u0103rile care poposesc aici.<\/p>\n<p>V\u0103 invit\u0103m s\u0103 s\u0103rb\u0103tori\u021bi, al\u0103turi de noi, <em>Ziua p\u0103s\u0103rilor la M\u0103r\u021bi\u0219or<\/em>, \u00een perioada 1 \u2013 7 aprilie 2023, prin ateliere, jocuri \u0219i activit\u0103\u021bi, s\u0103 ne bucur\u0103m \u00eempreun\u0103 de poezie, de natur\u0103 \u0219i de tot ce ne ofer\u0103 acest loc generos.<\/p>\n<p>V\u00e2rsta recomandat\u0103: 8-14 ani<\/p>\n<p>Program\u0103rile se pot face la num\u0103rul de telefon: 0742 533 333.<\/p>\n<p>Zilele \u00een care pute\u021bi participa la ateliere sunt: s\u00e2mb\u0103t\u0103 \u2013 1 aprilie, miercuri \u2013 5 aprilie \u0219i vineri \u2013 7 aprilie 2023.<\/p>\n<p>Coordonator ateliere: Oana Oros<\/p>\n<p>Muzeografi: Alexandra Mihai, Dorothea Nicolescu<\/p>","protected":false},"excerpt":{"rendered":"<p>\u00cen prima zi a lunii aprilie s\u0103rb\u0103torim Ziua Interna\u021bional\u0103 a P\u0103s\u0103rilor, la M\u0103r\u021bi\u0219or, Casa Memorial\u0103 \u201eTudor Arghezi\u201d (Str. M\u0103r\u021bi\u0219or 26)&#8230;.<\/p>","protected":false},"author":8,"featured_media":26794,"comment_status":"closed","ping_status":"closed","sticky":false,"template":"","format":"standard","meta":{"_exactmetrics_skip_tracking":false,"_exactmetrics_sitenote_active":false,"_exactmetrics_sitenote_note":"","_exactmetrics_sitenote_category":0,"footnotes":""},"categories":[31,9],"tags":[],"class_list":["post-26793","post","type-post","status-publish","format-standard","has-post-thumbnail","hentry","category-ateliere","category-evenimente"],"_links":{"self":[{"href":"https:\/\/mnlr.ro\/en\/wp-json\/wp\/v2\/posts\/26793","targetHints":{"allow":["GET"]}}],"collection":[{"href":"https:\/\/mnlr.ro\/en\/wp-json\/wp\/v2\/posts"}],"about":[{"href":"https:\/\/mnlr.ro\/en\/wp-json\/wp\/v2\/types\/post"}],"author":[{"embeddable":true,"href":"https:\/\/mnlr.ro\/en\/wp-json\/wp\/v2\/users\/8"}],"replies":[{"embeddable":true,"href":"https:\/\/mnlr.ro\/en\/wp-json\/wp\/v2\/comments?post=26793"}],"version-history":[{"count":3,"href":"https:\/\/mnlr.ro\/en\/wp-json\/wp\/v2\/posts\/26793\/revisions"}],"predecessor-version":[{"id":26797,"href":"https:\/\/mnlr.ro\/en\/wp-json\/wp\/v2\/posts\/26793\/revisions\/26797"}],"wp:featuredmedia":[{"embeddable":true,"href":"https:\/\/mnlr.ro\/en\/wp-json\/wp\/v2\/media\/26794"}],"wp:attachment":[{"href":"https:\/\/mnlr.ro\/en\/wp-json\/wp\/v2\/media?parent=26793"}],"wp:term":[{"taxonomy":"category","embeddable":true,"href":"https:\/\/mnlr.ro\/en\/wp-json\/wp\/v2\/categories?post=26793"},{"taxonomy":"post_tag","embeddable":true,"href":"https:\/\/mnlr.ro\/en\/wp-json\/wp\/v2\/tags?post=26793"}],"curies":[{"name":"wp","href":"https:\/\/api.w.org\/{rel}","templated":true}]}}