{"id":26887,"date":"2023-03-22T13:43:58","date_gmt":"2023-03-22T11:43:58","guid":{"rendered":"https:\/\/mnlr.ro\/?p=26887"},"modified":"2023-03-22T13:43:58","modified_gmt":"2023-03-22T11:43:58","slug":"el-camino-expozitie-de-fotografie","status":"publish","type":"post","link":"https:\/\/mnlr.ro\/en\/el-camino-expozitie-de-fotografie\/","title":{"rendered":"El camino | expozi\u021bie de fotografie"},"content":{"rendered":"<p>Muzeul Na\u021bional al Literaturii Rom\u00e2ne v\u0103 invit\u0103 la vernisajul expozi\u021biei de fotografie <em>El camino<\/em> a artistului C\u0103lin Piescu, ce va avea loc \u00een 28 martie 2023, ora 18.00, la sediul din strada Nicolae Cre\u021bulescu. Curator: Ruxandra Dreptu<\/p>\n<p>Fotografiile lui C\u0103lin Piescu, realiste, neprelucrate, documenteaz\u0103 El camino, drumul pe care l-a f\u0103cut merg\u00e2nd pe jos cam treizeci de km pe zi spre Santiago di Compostela, loc de pelerinaj renumit \u00eenc\u0103 din Evul mediu. Se succed peisaje aridesau pline de vegeta\u021bie colorat\u0103, marcate de indicatoare \u0219i borne, care conduc spre ora\u0219e de trecere, figuri ale pelerinilor \u00eent\u00e2lni\u021bi, dar \u0219i imagini ale activit\u0103\u021bilor cotidiene, de la mesele frugale la oblojirea picioarelor r\u0103nite. Se sugereaz\u0103, astfel, c\u0103 drumul ca mijloc de ini\u021biere, prilejuind medita\u021bia \u00een solitudine, poate fi mai important dec\u00e2t atingerea punctului final al pelerinajului: catedrala care ad\u0103poste\u0219te morm\u00e2ntul Sf\u00e2ntului Iacob.<\/p>\n<p>Expozi\u021bia este axat\u0103 pe dou\u0103 concepte fundamentale ale cre\u0219tinit\u0103\u021bii: ospitalitatea \u0219i iubirea care se reflect\u0103 \u00een imagini \u00eendemn\u00e2nd la bucurie estetic\u0103, dar \u0219i la reflec\u021bie asupra existen\u021bei, a condi\u021biei omului cre\u0219tin \u00een societatea actual\u0103.<\/p>\n<p><strong>C\u0103lin Piescu<\/strong> este un artist multimedia, membru al Uniunii Arti\u0219tilor Plastici, filiala din Timi\u0219oara, cu un traseu existen\u021bial surprinz\u0103tor. Absolvent al Facult\u0103\u021bii de Electrotehnic\u0103 din Timi\u0219oara, lucr\u00e2nd p\u00e2n\u0103 \u00een prezent ca inginer \u00een Viena, pe la mijlocul vie\u021bii se orienteaz\u0103 spre art\u0103 \u0219i teologie urm\u00e2nd un masterat \u00een fotografie la Universitatea de Vest \u0219i un altul la Facultatea de Teologie Romano-catolic\u0103 din Bucure\u0219ti. Cele trei abilit\u0103\u021bi se \u00eembin\u0103 armonios contribuind prin disciplin\u0103, rigoare, imagina\u021bie, mister \u0219i credin\u021b\u0103, la definirea lui ca artist care surprinde realitatea \u00een scena de teatru, portret \u0219i peisaj. Printre expozi\u021biile personale \u0219i colective, se remarc\u0103 cea din 2006 de la Muzeul Na\u021bional al Literaturii Rom\u00e2ne unde revine \u00een 2023 cu expozi\u021bia de fotografii realizate \u00een timpul pelerinajului la Santiago di Compostela.<\/p>\n<p>Expozi\u021bia va putea fi vizitat\u0103 \u00een perioada 28 martie \u2013 21 aprilie 2023, de mar\u021bi p\u00e2n\u0103 duminic\u0103, \u00eentre orele 10.00 \u0219i 18.00.<\/p>\n<p>&nbsp;<\/p>","protected":false},"excerpt":{"rendered":"<p>Muzeul Na\u021bional al Literaturii Rom\u00e2ne v\u0103 invit\u0103 la vernisajul expozi\u021biei de fotografie El camino a artistului C\u0103lin Piescu, ce va&#8230;<\/p>","protected":false},"author":8,"featured_media":26888,"comment_status":"closed","ping_status":"closed","sticky":false,"template":"","format":"standard","meta":{"_exactmetrics_skip_tracking":false,"_exactmetrics_sitenote_active":false,"_exactmetrics_sitenote_note":"","_exactmetrics_sitenote_category":0,"footnotes":""},"categories":[9],"tags":[],"class_list":["post-26887","post","type-post","status-publish","format-standard","has-post-thumbnail","hentry","category-evenimente"],"_links":{"self":[{"href":"https:\/\/mnlr.ro\/en\/wp-json\/wp\/v2\/posts\/26887","targetHints":{"allow":["GET"]}}],"collection":[{"href":"https:\/\/mnlr.ro\/en\/wp-json\/wp\/v2\/posts"}],"about":[{"href":"https:\/\/mnlr.ro\/en\/wp-json\/wp\/v2\/types\/post"}],"author":[{"embeddable":true,"href":"https:\/\/mnlr.ro\/en\/wp-json\/wp\/v2\/users\/8"}],"replies":[{"embeddable":true,"href":"https:\/\/mnlr.ro\/en\/wp-json\/wp\/v2\/comments?post=26887"}],"version-history":[{"count":1,"href":"https:\/\/mnlr.ro\/en\/wp-json\/wp\/v2\/posts\/26887\/revisions"}],"predecessor-version":[{"id":26889,"href":"https:\/\/mnlr.ro\/en\/wp-json\/wp\/v2\/posts\/26887\/revisions\/26889"}],"wp:featuredmedia":[{"embeddable":true,"href":"https:\/\/mnlr.ro\/en\/wp-json\/wp\/v2\/media\/26888"}],"wp:attachment":[{"href":"https:\/\/mnlr.ro\/en\/wp-json\/wp\/v2\/media?parent=26887"}],"wp:term":[{"taxonomy":"category","embeddable":true,"href":"https:\/\/mnlr.ro\/en\/wp-json\/wp\/v2\/categories?post=26887"},{"taxonomy":"post_tag","embeddable":true,"href":"https:\/\/mnlr.ro\/en\/wp-json\/wp\/v2\/tags?post=26887"}],"curies":[{"name":"wp","href":"https:\/\/api.w.org\/{rel}","templated":true}]}}