{"id":26901,"date":"2023-03-23T12:41:39","date_gmt":"2023-03-23T10:41:39","guid":{"rendered":"https:\/\/mnlr.ro\/?p=26901"},"modified":"2023-03-23T12:41:39","modified_gmt":"2023-03-23T10:41:39","slug":"invataturile-lui-neagoe-basarab-catre-fiul-sau-theodosie-auditie-publica-teatrul-national-radiofonic","status":"publish","type":"post","link":"https:\/\/mnlr.ro\/en\/invataturile-lui-neagoe-basarab-catre-fiul-sau-theodosie-auditie-publica-teatrul-national-radiofonic\/","title":{"rendered":"\u00cenv\u0103\u0163\u0103turile lui Neagoe Basarab c\u0103tre fiul s\u0103u, Theodosie | Audi\u021bie public\u0103 Teatrul Na\u021bional Radiofonic"},"content":{"rendered":"<p>Muzeul Na\u021bional al Literaturii Rom\u00e2ne \u0219i Teatrul Na\u0163ional Radiofonic v\u0103 invit\u0103 miercuri, 29 martie 2023, de la ora 16.00, la audi\u0163ia cu public a spectacolului radiofonic \u00een premier\u0103 \u201e\u00cenv\u0103\u0163\u0103turile lui Neagoe Basarab c\u0103tre fiul s\u0103u, Theodosie\u201d &#8211; scenariul si regia artistic\u0103: Mihai Lungeanu. Interpreteaz\u0103 Marcel Iure\u015f \u015fi Dan A\u015ftilean. Regia de montaj: Bogdan Golovei. Regia de studio: Janina Dicu. Muzica original\u0103 \u015fi regia muzical\u0103: Cristian Matei. Regia tehnic\u0103: Mihnea Chelaru. Redactor \u015fi coordonator de proiect: Irina Soare.<\/p>\n<p>Spectacolul se va difuza \u00een premier\u0103 la Radio Rom\u00e2nia Actualit\u0103\u0163i joi 13 aprilie, de la ora 23.05<\/p>\n<p>Considerat\u0103 de scriitorul Bogdan Petriceicu Hasdeu drept cel dint\u00e2i \u201emonument de literatur\u0103, politic\u0103, filosofie \u015fi elocin\u0163\u0103\u201d al literaturii rom\u00e2ne, iar de criticul Eugen Simion ca \u201eprimul tratat de diploma\u0163ie rom\u00e2neasc\u0103\u201d, impresionanta oper\u0103 \u00cenv\u0103\u0163\u0103turile lui Neagoe Basarab c\u0103tre fiul s\u0103u, Theodosie a fost scris\u0103\/dictat\u0103 de domnitorul Neagoe Basarab spre a fi de \u00eenv\u0103\u0163\u0103tur\u0103 \u015fi folos urma\u015fului s\u0103u la tron. Aflat pe scaunul de domnie al \u0162\u0103rii Rom\u00e2ne\u015fti \u00eentre anii 1512 &#8211; 1521, \u00een plin\u0103 perioad\u0103 de \u00eenflorire a medievalit\u0103\u0163ii rom\u00e2ne\u015fti, domnitorul Neagoe Basarab (descendent al boierilor Craiove\u015fti \u0219i fiu spiritual al patriarhului Nifon) a fost omul epocii sale: spirit erudit \u015fi plin de evlavie, politician des\u0103v\u00e2r\u0219it, abil diplomat, el a condus \u0162ara Rom\u00e2neasc\u0103 dup\u0103 principii europene, renascentiste, a transformat Arge\u0219ul \u00een Capitala Ortodoxismului prin construirea m\u0103n\u0103stirii Curtea de Arge\u015f, unul dintre a\u015fez\u0103mintele cele mai \u00eenc\u0103rcate de spiritualitate, tradi\u0163ie \u015fi istorie de pe cuprinsul Rom\u00e2niei.<\/p>\n<p>Spectacolul radiofonic inspirat din aceast\u0103 monumentala oper\u0103 renascentist\u0103 este semnat de regizorul Mihai Lungeanu, care a realizat \u015fi scenariul radiofonic \u015fi care a invitat \u00een distribu\u0163ie doi mari actori ai teatrului contemporan: Marcel Iure\u015f \u00een rolul voievodului Neagoe Basarab, \u015fi Dan A\u015ftilean &#8211; Vocea Divin\u0103. O montare eveniment care se dovede\u015fte a fi extraordinar de actual\u0103 \u015fi de percutant\u0103 (chiar dup\u0103 o jum\u0103tate de mileniu de istorie zbuciumat\u0103), oferind \u0219i azi un posibil model al omului \u201edes\u0103v\u00e2r\u015fit \u015fi \u00eentreg\u201d, din orice timpuri. O capodoper\u0103 ce ar trebui reintrodus\u0103 \u00een circuitul lecturilor \u015fcolare \u015fi nu numai.<\/p>\n<p>Muzica original\u0103 semnat\u0103 de Cristian Matei recreeaz\u0103 un spa\u0163iu sonor de reflec\u021bie \u015fi medita\u021bie, subliniind profunzimea replicilor acestei capodopere, rostite cu tulbur\u0103toare personalitate de cei doi mari actori, implica\u021bi \u00een dialogul permanent dintre aspira\u0163ia g\u00e2ndului \u0219i inspira\u021bia divin\u0103. Iat\u0103 c\u00e2teva motiva\u021bii ale regizorului Mihai Lungeanu: \u201eParc\u0103 azi e din ce \u00een ce mai dificil s\u0103 despar\u021bi binele de contrariul s\u0103u. De\u0219i povara e comun\u0103, efortul r\u0103m\u00e2ne personal. \u0218i f\u0103r\u0103 deslu\u0219ire, f\u0103r\u0103 sim\u021bire \u0219i f\u0103r\u0103 implicare, sarcina trezirii devine parc\u0103 \u0219i mai anevoioas\u0103. Exemplul pe care l-a l\u0103sat posterit\u0103\u021bii Voievodul Neagoe Basarab pare doar desprins din istorie, dar el este, de fapt, o parte important\u0103 din zestrea de \u00een\u021belepciune cu care ne hr\u0103nim \u0219i ast\u0103zi. Genera\u021bia care ne urmeaz\u0103 are nevoie imperioas\u0103 de oglinda unei personalit\u0103\u021bi definitorii, a\u0219a cum via\u021ba fiec\u0103ruia dintre noi are nevoie de oglinda teatrului care ne cuprinde. Sunt recunosc\u0103tor \u0219ansei de a beneficia de m\u0103iestria vocilor lui Marcel Iure\u0219 \u0219i Dan A\u0219tilean, devenite cu generozitate izvor de energie pentru mesajul pe care ne-am propus s\u0103-l readucem ast\u0103zi aproape de mintea \u0219i de inima ascult\u0103torilor\u201d.<\/p>\n<p>V\u0103 a\u0219tept\u0103m cu drag!<\/p>\n<p>Intrarea este liber\u0103.<\/p>","protected":false},"excerpt":{"rendered":"<p>Muzeul Na\u021bional al Literaturii Rom\u00e2ne \u0219i Teatrul Na\u0163ional Radiofonic v\u0103 invit\u0103 miercuri, 29 martie 2023, de la ora 16.00, la&#8230;<\/p>","protected":false},"author":11,"featured_media":26902,"comment_status":"closed","ping_status":"closed","sticky":false,"template":"","format":"standard","meta":{"_exactmetrics_skip_tracking":false,"_exactmetrics_sitenote_active":false,"_exactmetrics_sitenote_note":"","_exactmetrics_sitenote_category":0,"footnotes":""},"categories":[30,9],"tags":[],"class_list":["post-26901","post","type-post","status-publish","format-standard","has-post-thumbnail","hentry","category-auditii","category-evenimente"],"_links":{"self":[{"href":"https:\/\/mnlr.ro\/en\/wp-json\/wp\/v2\/posts\/26901","targetHints":{"allow":["GET"]}}],"collection":[{"href":"https:\/\/mnlr.ro\/en\/wp-json\/wp\/v2\/posts"}],"about":[{"href":"https:\/\/mnlr.ro\/en\/wp-json\/wp\/v2\/types\/post"}],"author":[{"embeddable":true,"href":"https:\/\/mnlr.ro\/en\/wp-json\/wp\/v2\/users\/11"}],"replies":[{"embeddable":true,"href":"https:\/\/mnlr.ro\/en\/wp-json\/wp\/v2\/comments?post=26901"}],"version-history":[{"count":1,"href":"https:\/\/mnlr.ro\/en\/wp-json\/wp\/v2\/posts\/26901\/revisions"}],"predecessor-version":[{"id":26903,"href":"https:\/\/mnlr.ro\/en\/wp-json\/wp\/v2\/posts\/26901\/revisions\/26903"}],"wp:featuredmedia":[{"embeddable":true,"href":"https:\/\/mnlr.ro\/en\/wp-json\/wp\/v2\/media\/26902"}],"wp:attachment":[{"href":"https:\/\/mnlr.ro\/en\/wp-json\/wp\/v2\/media?parent=26901"}],"wp:term":[{"taxonomy":"category","embeddable":true,"href":"https:\/\/mnlr.ro\/en\/wp-json\/wp\/v2\/categories?post=26901"},{"taxonomy":"post_tag","embeddable":true,"href":"https:\/\/mnlr.ro\/en\/wp-json\/wp\/v2\/tags?post=26901"}],"curies":[{"name":"wp","href":"https:\/\/api.w.org\/{rel}","templated":true}]}}