{"id":26913,"date":"2023-03-23T19:00:44","date_gmt":"2023-03-23T17:00:44","guid":{"rendered":"https:\/\/mnlr.ro\/?p=26913"},"modified":"2023-03-23T16:20:04","modified_gmt":"2023-03-23T14:20:04","slug":"mini-cafeneaua-critia-on-line-218-kosa-andras-laszlo-si-ion-bogdan-lefter","status":"publish","type":"post","link":"https:\/\/mnlr.ro\/en\/mini-cafeneaua-critia-on-line-218-kosa-andras-laszlo-si-ion-bogdan-lefter\/","title":{"rendered":"mini-Cafeneaua critic\u0103 on-line #218 | K\u00f3sa Andr\u00e1s\u00a0L\u00e1szl\u00f3 \u0219i Ion Bogdan Lefter"},"content":{"rendered":"<p>Invitatul mini-Cafenelei critice on-line din aceast\u0103 sear\u0103 este K\u00f3sa Andr\u00e1s\u00a0L\u00e1szl\u00f3, sociolog, fost profesor la Universit\u0103\u021bile din Budapesta \u0219i P\u00e9cs, director al Centrului Cultural Maghiar din Bucure\u0219ti\/\u00a0Institutul Liszt.<\/p>\n<p>Amfitrion: Ion Bogdan Lefter<\/p>\n<p><iframe loading=\"lazy\" title=\"mini-Cafeneaua critic\u0103 #218 | K\u00f3sa Andr\u00e1s L\u00e1szl\u00f3 \u0219i Ion Bogdan Lefter\" src=\"https:\/\/player.vimeo.com\/video\/809693094?dnt=1&amp;app_id=122963\" width=\"500\" height=\"281\" frameborder=\"0\" allow=\"autoplay; fullscreen; picture-in-picture; clipboard-write\"><\/iframe><\/p>","protected":false},"excerpt":{"rendered":"<p>Invitatul mini-Cafenelei critice on-line din aceast\u0103 sear\u0103 este K\u00f3sa Andr\u00e1s\u00a0L\u00e1szl\u00f3, sociolog, fost profesor la Universit\u0103\u021bile din Budapesta \u0219i P\u00e9cs, director&#8230;<\/p>","protected":false},"author":8,"featured_media":26443,"comment_status":"closed","ping_status":"closed","sticky":false,"template":"","format":"standard","meta":{"_exactmetrics_skip_tracking":false,"_exactmetrics_sitenote_active":false,"_exactmetrics_sitenote_note":"","_exactmetrics_sitenote_category":0,"footnotes":""},"categories":[9,52],"tags":[],"class_list":["post-26913","post","type-post","status-publish","format-standard","has-post-thumbnail","hentry","category-evenimente","category-evenimente-on-line"],"_links":{"self":[{"href":"https:\/\/mnlr.ro\/en\/wp-json\/wp\/v2\/posts\/26913","targetHints":{"allow":["GET"]}}],"collection":[{"href":"https:\/\/mnlr.ro\/en\/wp-json\/wp\/v2\/posts"}],"about":[{"href":"https:\/\/mnlr.ro\/en\/wp-json\/wp\/v2\/types\/post"}],"author":[{"embeddable":true,"href":"https:\/\/mnlr.ro\/en\/wp-json\/wp\/v2\/users\/8"}],"replies":[{"embeddable":true,"href":"https:\/\/mnlr.ro\/en\/wp-json\/wp\/v2\/comments?post=26913"}],"version-history":[{"count":2,"href":"https:\/\/mnlr.ro\/en\/wp-json\/wp\/v2\/posts\/26913\/revisions"}],"predecessor-version":[{"id":26916,"href":"https:\/\/mnlr.ro\/en\/wp-json\/wp\/v2\/posts\/26913\/revisions\/26916"}],"wp:featuredmedia":[{"embeddable":true,"href":"https:\/\/mnlr.ro\/en\/wp-json\/wp\/v2\/media\/26443"}],"wp:attachment":[{"href":"https:\/\/mnlr.ro\/en\/wp-json\/wp\/v2\/media?parent=26913"}],"wp:term":[{"taxonomy":"category","embeddable":true,"href":"https:\/\/mnlr.ro\/en\/wp-json\/wp\/v2\/categories?post=26913"},{"taxonomy":"post_tag","embeddable":true,"href":"https:\/\/mnlr.ro\/en\/wp-json\/wp\/v2\/tags?post=26913"}],"curies":[{"name":"wp","href":"https:\/\/api.w.org\/{rel}","templated":true}]}}