{"id":27281,"date":"2023-04-24T19:33:19","date_gmt":"2023-04-24T16:33:19","guid":{"rendered":"https:\/\/mnlr.ro\/?p=27281"},"modified":"2023-04-27T10:22:19","modified_gmt":"2023-04-27T07:22:19","slug":"muzeul-presei-expozitie-itineranta","status":"publish","type":"post","link":"https:\/\/mnlr.ro\/en\/muzeul-presei-expozitie-itineranta\/","title":{"rendered":"Muzeul Presei \u2013 expozi\u021bie itinerant\u0103"},"content":{"rendered":"<p>Muzeul Na\u021bional al Literaturii Rom\u00e2ne, \u00een parteneriat cu Uniunea Ziari\u0219tilor Profesioni\u0219ti din Rom\u00e2nia, propune publicului o expozi\u021bie temporar\u0103 ce va marca 30 de ani de la ini\u021bierea ZILEI MONDIALE\u00a0A LIBERT\u0102\u021aII PRESEI.<\/p>\n<p>Parteneriatul dintre cele dou\u0103 institu\u021bii va deschide, prin aceast\u0103 prim\u0103 expozi\u021bie, o serie de evenimente dedicate jurnali\u0219tilor din toate domeniile, un punct de pornire pentru ceea ce se dore\u0219te a se cl\u0103di \u00een viitor, un Muzeu al Presei Rom\u00e2ne\u0219ti.<\/p>\n<p>Expozi\u021bia va fi deschis\u0103 publicului \u00een perioada 25 aprilie \u2013 10 mai 2023, la sediul Muzeului Na\u021bional al Literaturii Rom\u00e2ne din\u00a0strada Nicolae Cre\u021bulescu 8, Bucure\u0219ti, cu un program de vizitare de mar\u021bi p\u00e2n\u0103 duminic\u0103, \u00een intervalul orar 10:00 \u2013 18:00.<\/p>\n<p><strong>\u00cen data de 3 mai 2023, ora 17:00, va avea loc vernisajul expozi\u021biei, eveniment la care vor participa membri ai MNLR, UZPR \u0219i CNR UNESCO.<\/strong><\/p>\n<p><em>\u00cen 1993, Adunarea General\u0103 a ONU a proclamat ziua de 3 mai drept Ziua Mondial\u0103 a Libert\u0103\u021bii Presei. Aceast\u0103 proclama\u021bie a marcat \u00eenceputul unui progres substan\u021bial \u00een vederea asigur\u0103rii unei prese libere \u0219i a libert\u0103\u021bii de exprimare \u00een \u00eentreaga lume \u2013 odat\u0103 cu proliferarea mass-media independente \u00een multe \u021b\u0103ri \u0219i cre\u0219terea tehnologiei digitale care permit circula\u021bia liber\u0103 a informa\u021biilor online. Au trecut trei decenii, cu progrese \u00een respectarea drepturilor omului \u0219i \u00een cadrele interna\u021bionale conexe. \u00cen orice caz, libertatea presei, siguran\u021ba jurnali\u0219tilor \u0219i libertatea de exprimare sunt tot mai atacate, ceea ce influen\u021beaz\u0103 realizarea altor drepturi ale omului.<\/em><\/p>\n<p><em>Prin urmare, celebrarea special\u0103 a 30 de ani de la ini\u021bierea Zilei Mondiale a Libert\u0103\u021bii Presei din acest an este un apel de a pune \u00een prim plan libertatea presei, precum \u0219i mass-media independent\u0103, pluralist\u0103 \u0219i divers\u0103, cheia necesar\u0103 pentru exercitarea tuturor celorlalte drepturi ale omului. Ziua Mondial\u0103 a Libert\u0103\u021bii Presei va servi drept o oportunitate de a pune un accent puternic pe libertatea de exprimare \u00een cadrul agendei generale a drepturilor omului.<\/em><\/p>\n<p><em>Tema propus\u0103 de ONU pentru marcarea acestei zile la nivel mondial, este:\u00a0<strong>\u201eConturarea unui viitor al drepturilor: Libertatea de exprimare ca motor pentru toate celelalte drepturi ale omului.\u201d<\/strong>\u00a0Ziua Mondial\u0103 a Libert\u0103\u021bii Presei 2023 este astfel o ocazie de a organiza evenimente care s\u0103 pun\u0103 \u00een eviden\u021b\u0103 leg\u0103tura dintre libertatea presei, libertatea de exprimare \u0219i alte drepturi. (UNESCO)<\/em><\/p>\n<p>&nbsp;<\/p>","protected":false},"excerpt":{"rendered":"<p>Muzeul Na\u021bional al Literaturii Rom\u00e2ne, \u00een parteneriat cu Uniunea Ziari\u0219tilor Profesioni\u0219ti din Rom\u00e2nia, propune publicului o expozi\u021bie temporar\u0103 ce va&#8230;<\/p>","protected":false},"author":8,"featured_media":27282,"comment_status":"closed","ping_status":"closed","sticky":false,"template":"","format":"standard","meta":{"_exactmetrics_skip_tracking":false,"_exactmetrics_sitenote_active":false,"_exactmetrics_sitenote_note":"","_exactmetrics_sitenote_category":0,"footnotes":""},"categories":[9,36,66],"tags":[],"class_list":["post-27281","post","type-post","status-publish","format-standard","has-post-thumbnail","hentry","category-evenimente","category-expozitii","category-expozitii-temporare-mnlr-str-nicolae-cretulescu-nr-8"],"_links":{"self":[{"href":"https:\/\/mnlr.ro\/en\/wp-json\/wp\/v2\/posts\/27281","targetHints":{"allow":["GET"]}}],"collection":[{"href":"https:\/\/mnlr.ro\/en\/wp-json\/wp\/v2\/posts"}],"about":[{"href":"https:\/\/mnlr.ro\/en\/wp-json\/wp\/v2\/types\/post"}],"author":[{"embeddable":true,"href":"https:\/\/mnlr.ro\/en\/wp-json\/wp\/v2\/users\/8"}],"replies":[{"embeddable":true,"href":"https:\/\/mnlr.ro\/en\/wp-json\/wp\/v2\/comments?post=27281"}],"version-history":[{"count":1,"href":"https:\/\/mnlr.ro\/en\/wp-json\/wp\/v2\/posts\/27281\/revisions"}],"predecessor-version":[{"id":27283,"href":"https:\/\/mnlr.ro\/en\/wp-json\/wp\/v2\/posts\/27281\/revisions\/27283"}],"wp:featuredmedia":[{"embeddable":true,"href":"https:\/\/mnlr.ro\/en\/wp-json\/wp\/v2\/media\/27282"}],"wp:attachment":[{"href":"https:\/\/mnlr.ro\/en\/wp-json\/wp\/v2\/media?parent=27281"}],"wp:term":[{"taxonomy":"category","embeddable":true,"href":"https:\/\/mnlr.ro\/en\/wp-json\/wp\/v2\/categories?post=27281"},{"taxonomy":"post_tag","embeddable":true,"href":"https:\/\/mnlr.ro\/en\/wp-json\/wp\/v2\/tags?post=27281"}],"curies":[{"name":"wp","href":"https:\/\/api.w.org\/{rel}","templated":true}]}}