{"id":27404,"date":"2023-05-04T17:24:10","date_gmt":"2023-05-04T14:24:10","guid":{"rendered":"https:\/\/mnlr.ro\/?p=27404"},"modified":"2023-05-10T12:06:56","modified_gmt":"2023-05-10T09:06:56","slug":"expozitia-3-in-1-a-artistului-alex-manea","status":"publish","type":"post","link":"https:\/\/mnlr.ro\/en\/expozitia-3-in-1-a-artistului-alex-manea\/","title":{"rendered":"Expozi\u021bia \u201e3 \u00een 1\u201d a artistului Alex Manea"},"content":{"rendered":"<p>Muzeul Na\u021bional al Literaturii Rom\u00e2ne v\u0103 invit\u0103 miercuri, 10 mai 2023, ora 18.00, la vernisajul expozi\u021biei artistului Alex Manea, intitulat\u0103 \u201e3 \u00een 1\u201d, care va fi deschis\u0103 la sediul din Calea Grivi\u021bei 64-66, \u00een perioada 10 &#8211; 27 mai 2023.<\/p>\n<p>\u201e3 in 1&#8243; reprezint\u0103 o expozi\u021bie triptic\u0103, care ilustreaz\u0103 trei aspecte ale creativit\u0103\u021bii \u0219i umanit\u0103\u021bii artistului Alex Manea: neo-expressionism, fotografie \u0219i art\u0103 conceptual\u0103.<\/p>\n<p>Evenimentul cuprinde 3 expozi\u021bii care prezint\u0103 3 serii diferite at\u00e2t din punct de vedere plastic, c\u00e2t \u0219i conceptual, dup\u0103 cum urmeaz\u0103:<\/p>\n<p>\u201e<em>Primitive<\/em> este o expozi\u021bie despre \u00eenceputuri, at\u00e2t \u00een ceea ce prive\u0219te \u00eenceputul carierei artistice a lui Alex Manea, c\u00e2t \u0219i \u00eenceputurile omenirii. Estetica \u00een arta primitiv\u0103 a fost, de cele mai multe ori, un\u00a0<em>byproduct<\/em>, iar scopul ei a fost mai degrab\u0103 acela de reprezentare \u0219i jurnal. \u00cen prezent, arti\u0219tii contemporani folosesc acelea\u0219i mijloace ca \u0219i oamenii acum mii de ani: tu\u0219e dezinvolte, sincere, mesaj direct \u0219i puternic, culori brute \u0219i simboluri devenite universale, cum ar fi spirala, zigzag-ul, valurile, v-ul pubian, etc. Lucr\u0103rile sale nu sunt doar o copie a artei primitive; ele sunt o interpretare modern\u0103 \u0219i o reinterpretare a simbolismului \u0219i a stilului artistic primitiv.\u201d \u2013 Daniel Loag\u0103r, curator<\/p>\n<p>\u201e<em>Feelings<\/em> prezint\u0103, prin lucr\u0103rile din aceast\u0103 expozi\u021bie, 15 dintre sentimentele lui preferate. Poate le-ai experimentat \u0219i tu sau poate nu, \u00eens\u0103 merit\u0103 s\u0103 te g\u00e2nde\u0219ti la ele, la sentimentele tale preferate \u0219i la lucrurile m\u0103runte care te fac fericit.\u00a0 Pe l\u00e2ng\u0103 faptul c\u0103 oricine poate avea sentimente preferate \u00een comun cu altcineva, \u0219i textilele folosite \u00een fiecare lucrare au fost alese dintre materiale recognoscibile, at\u00e2t din punct de vedere a \u021bes\u0103turii, c\u00e2t \u0219i a imprimeului. Orice poate fi comun, diferit sau chiar unic. Astfel, al\u0103turarea unui anumit sentiment cu un anume material face posibil\u0103 identificarea unei st\u0103ri comune a spectatorului \u00een rela\u021bie cu cea a artistului.\u201d \u2013 Adela Mara, curator<\/p>\n<p>\u201e<em>Rewriting Christmas<\/em>\u00a0prezint\u0103 o serie de fotografie bazat\u0103 pe o metod\u0103 de tratament psihologic.\u00a0\u00cens\u0103\u0219i tr\u0103irea din interiorul cadrului privat, familial, e observat\u0103 de c\u0103tre Alex Manea \u0219i dintr-o perspectiv\u0103 artistic\u0103, o experien\u021b\u0103 de via\u021b\u0103 devine subiect pentru art\u0103. Faptul petrecerii unui Cr\u0103ciun \u00eempreun\u0103 cu copiii este \u0219i gest de art\u0103\/via\u021b\u0103. Cu ochiul \u0219i mintea, Artistul analizeaz\u0103 obiceiurile casnice ale unui eveniment din calendarul vie\u021bii \u0219i al anului, gesturile de afec\u021biune schimbate \u00eentre un tat\u0103 iubitor \u0219i copiii s\u0103i. Manea nu poate desprinde\u00a0 situa\u021biile de via\u021b\u0103 privat\u0103 de propria crea\u021bie artistic\u0103.\u201d \u2013 Raluca Ilaria Demetrescu, curator.<\/p>","protected":false},"excerpt":{"rendered":"<p>Muzeul Na\u021bional al Literaturii Rom\u00e2ne v\u0103 invit\u0103 miercuri, 10 mai 2023, ora 18.00, la vernisajul expozi\u021biei artistului Alex Manea, intitulat\u0103&#8230;<\/p>","protected":false},"author":13,"featured_media":27405,"comment_status":"closed","ping_status":"closed","sticky":false,"template":"","format":"standard","meta":{"_exactmetrics_skip_tracking":false,"_exactmetrics_sitenote_active":false,"_exactmetrics_sitenote_note":"","_exactmetrics_sitenote_category":0,"footnotes":""},"categories":[9,36,65],"tags":[],"class_list":["post-27404","post","type-post","status-publish","format-standard","has-post-thumbnail","hentry","category-evenimente","category-expozitii","category-expozitii-temporare-mnlr-calea-grivitei-64-66"],"_links":{"self":[{"href":"https:\/\/mnlr.ro\/en\/wp-json\/wp\/v2\/posts\/27404","targetHints":{"allow":["GET"]}}],"collection":[{"href":"https:\/\/mnlr.ro\/en\/wp-json\/wp\/v2\/posts"}],"about":[{"href":"https:\/\/mnlr.ro\/en\/wp-json\/wp\/v2\/types\/post"}],"author":[{"embeddable":true,"href":"https:\/\/mnlr.ro\/en\/wp-json\/wp\/v2\/users\/13"}],"replies":[{"embeddable":true,"href":"https:\/\/mnlr.ro\/en\/wp-json\/wp\/v2\/comments?post=27404"}],"version-history":[{"count":2,"href":"https:\/\/mnlr.ro\/en\/wp-json\/wp\/v2\/posts\/27404\/revisions"}],"predecessor-version":[{"id":27407,"href":"https:\/\/mnlr.ro\/en\/wp-json\/wp\/v2\/posts\/27404\/revisions\/27407"}],"wp:featuredmedia":[{"embeddable":true,"href":"https:\/\/mnlr.ro\/en\/wp-json\/wp\/v2\/media\/27405"}],"wp:attachment":[{"href":"https:\/\/mnlr.ro\/en\/wp-json\/wp\/v2\/media?parent=27404"}],"wp:term":[{"taxonomy":"category","embeddable":true,"href":"https:\/\/mnlr.ro\/en\/wp-json\/wp\/v2\/categories?post=27404"},{"taxonomy":"post_tag","embeddable":true,"href":"https:\/\/mnlr.ro\/en\/wp-json\/wp\/v2\/tags?post=27404"}],"curies":[{"name":"wp","href":"https:\/\/api.w.org\/{rel}","templated":true}]}}